{"id":82144,"date":"2025-05-07T15:06:14","date_gmt":"2025-05-07T15:06:14","guid":{"rendered":"https:\/\/www.europesays.com\/fr\/82144\/"},"modified":"2025-05-07T15:06:14","modified_gmt":"2025-05-07T15:06:14","slug":"massy-ou-poissy-ou-fera-t-il-bon-vivre-pour-le-psg-france-paris-saint-germain","status":"publish","type":"post","link":"https:\/\/www.europesays.com\/fr\/82144\/","title":{"rendered":"Massy ou Poissy : o\u00f9 fera-t-il bon vivre pour le PSG ? &#8211; France &#8211; Paris Saint-Germain"},"content":{"rendered":"<p>\t\t\t<b>\u2192 Transports<\/b><\/p>\n<p>Dire adieu \u00e0 son logement est toujours un d\u00e9chirement, m\u00eame quand c\u2019est dans le 16e arrondissement de Paris. Exit les quartiers riches de la ville, la station Porte de Saint-Cloud de la ligne de m\u00e9tro 9 ou l\u2019arr\u00eat Porte d\u2019Auteuil de la 10, d\u00e9sormais il faudra se risquer \u00e0 d\u00e9couvrir les autres d\u00e9partements d\u2019\u00cele-de-France pour voir le PSG. Depuis le Parc des Princes, il faut compter 1h12 de trajet en transport (m\u00e9tro 9, puis RER A) pour se rendre sur le site des usines Stellantis (fusion des groupes Groupe PSA et Fiat Chrysler Automobiles), \u00e0 <a target=\"_blank\" href=\"https:\/\/www.sofoot.com\/breves\/une-piste-prend-de-lampleur-pour-accueillir-le-nouveau-stade-du-psg\" rel=\"noopener nofollow\">Poissy, dans les Yvelines<\/a>. Les habitants intra-muros en auront constamment pour pr\u00e8s d\u2019une heure de route, par les rails comme par la route. L\u2019emplacement du lieu o\u00f9 <a target=\"_blank\" href=\"https:\/\/www.sofoot.com\/breves\/la-ville-de-massy-en-pole-position-pour-accueillir-le-futur-stade-du-psg\" rel=\"noopener nofollow\">Massy compte accueillir le champion de France en titre<\/a> n\u2019est pas toutefois encore connu, soit le secteur commercial des Tuileries, soit la ZAC de la Bonde. La ville de l\u2019Essonne peut se targuer d\u2019\u00eatre mieux desservie au niveau des transports (RER B, RER C, ligne V du Transilien, futur m\u00e9tro 18 et m\u00eame gare TGV), mais les temps restent similaires. En cette p\u00e9riode de gr\u00e8ve, pr\u00e9parez-vous \u00e9videmment \u00e0 partir t\u00f4t pour esp\u00e9rer voir le coup d\u2019envoi.<\/p>\n<p><b>Verdict :<\/b> avantage pour Massy.<\/p>\n<p><b>\u2192 <\/b><b>Co\u00fbt de la vie<\/b><\/p>\n<p>Pour s\u00e9duire le PSG, Massy a tabl\u00e9 sur un projet de stade futuriste de plus de 70 000 places. \u00c9videmment, \u00e7a co\u00fbte bonbon, environ un milliard d\u2019euros, selon <a target=\"_blank\" href=\"https:\/\/lessentieldeleco.fr\/1610-le-psg-a-choisi-massy-pour-son-futur-stade\/#:~:text=Le%20projet%20s&#039;%C3%A9l%C3%A8verait%20%C3%A0,%2C%20bureaux%2C%20h%C3%B4tels%20et%20services.\" rel=\"noopener nofollow\">Le Journal de l\u2019\u00c9co<\/a>. Avant de d\u00e9m\u00e9nager \u00e0 Poissy, il faudra r\u00e9gler une autre affaire de gros sous en convaincant Stellantis de vendre de nouveaux terrains, et donc de r\u00e9duire son activit\u00e9 automobile. Impossible n\u2019est pas qatari ! Mais il n\u2019y a pas que le foot dans la vie, et l\u00e0 encore les deux villes pr\u00e9sentent des caract\u00e9ristiques quasi-identiques \u00e0 proposer aux nouveaux habitants : 3 950 euros le m\u00e8tre carr\u00e9 \u00e0 Poissy contre 3 930 \u00e0 Massy, 1,97 euro par litre au niveau du carburant contre 1,89 et 29% en termes de taxe fonci\u00e8re contre 30,7%.<\/p>\n<p><b>Verdict :<\/b> pour le bien nomm\u00e9 site de r\u00e9f\u00e9rence <a target=\"_blank\" href=\"http:\/\/villedereve.fr\/\" rel=\"noopener nofollow\">villedereve.fr<\/a>, Massy gagne d\u2019une courte t\u00eate avec un indice de 65%, contre 61 pour Poissy, \u00e0 ce niveau-l\u00e0.<\/p>\n<p><b>\u2192 <\/b><b>Environnement<\/b><\/p>\n<p>En 2025, il y a des signes qui ne trompent pas. En se rendant sur le site des deux villes, l\u2019une affiche clairement son ambition, quand l\u2019autre se montre trop attentiste. En effet, du c\u00f4t\u00e9 de Poissy deux onglets sont tr\u00e8s rapidement identifiables : d\u00e9chets et arbres citoyens. Voil\u00e0 comment on s\u2019adjuge le statut de commune verte. Malgr\u00e9 seulement trois petites fleurs sur le panneau, 70 hectares d\u2019espaces verts jalonnent la ville, notamment la Charmille, le parc Meissonnier ou les bords de Seine pour ne pas d\u00e9payser les Parisiens. Premi\u00e8re ville de son d\u00e9partement \u00e0 avoir utilis\u00e9 l\u2019\u00e9lectricit\u00e9 verte en 2009, elle ne laisse aucune chance \u00e0 son adversaire.<\/p>\n<p><b>Verdict : <\/b>avantage Poissy, mais pas s\u00fbr que \u00e7a int\u00e9resse beaucoup QSI.<\/p>\n<p><b>\u2192 <\/b><b>Restauration<\/b><\/p>\n<p>Les supporters du PSG vont devoir dire adieu au bar des Deux Stades, nich\u00e9 entre le Parc des Princes et Jean-Bouin, ses sandwichs jambon-emmental \u00e0 6 balles et ses bi\u00e8res dans des gobelets en plastique. De leur c\u00f4t\u00e9, les deux candidats, sont \u00e0 premi\u00e8re vue au coude \u00e0 coude au niveau gastronomique avec 24 restaurants not\u00e9s plus de 4\/5 sur Tripadvisor \u00e0 Poissy et 23 \u00e0 Massy. Mais les \u00e9tablissements de la ville de l\u2019Essonne comptent trop peu d\u2019avis pour que cela soit fiable. Et pour \u00eatre honn\u00eate, La Medina, sp\u00e9cialis\u00e9e dans la cuisine marocaine, donne tr\u00e8s envie.<\/p>\n<p><b>Verdict :<\/b> avantage Poissy.<\/p>\n<p><b>\u2192 <\/b><b>S\u00e9curit\u00e9<\/b><\/p>\n<p>S\u2019il y a bien un sujet qui passionne (ou inqui\u00e8te) les Fran\u00e7ais depuis plusieurs ann\u00e9es, c\u2019est la (l\u2019in)s\u00e9curit\u00e9. Villedereve ne s\u2019y trompe pas dans son comparatif en indiquant que Poissy semble bien plus accueillant que Massy dans ce secteur, avec un indice de 63% contre 54%. Avec seulement 6,4 destructions et d\u00e9gradations de biens annuelles par 1 000 habitants, la commune est dans la moyenne haute au niveau national. Attention \u00e0 ne pas se croire au paradis : une m\u00e8re de famille a r\u00e9cemment assur\u00e9 avoir \u00e9t\u00e9 <a target=\"_blank\" href=\"https:\/\/actu.fr\/ile-de-france\/poissy_78498\/agression-dune-jeune-femme-a-poissy-son-voile-arrache-en-pleine-rue_62577788.html\" rel=\"noopener nofollow\">victime d\u2019une agression raciste en pleine rue<\/a>, puisqu\u2019un homme lui aurait arrach\u00e9 son voile et vers\u00e9 un liquide sur une \u00e9paule et les cheveux.<\/p>\n<p><b>Verdict : <\/b>avantage Poissy, selon Bruno Retailleau.<\/p>\n<p><img decoding=\"async\" loading=\"lazy\" class=\"\" src=\"https:\/\/www.europesays.com\/fr\/wp-content\/uploads\/2025\/05\/1746630374_613_grande.jpg\" alt=\"\" width=\"2560\" height=\"1706\"\/><\/p>\n<p><b>\u2192 <\/b><b>\u00c9ducation<\/b><\/p>\n<p>Chaque ann\u00e9e, de nombreux m\u00e9dias publient leur classement tant attendu des meilleurs lyc\u00e9es de France. Alors que le Parc des Princes est dans le m\u00eame arrondissement que les lyc\u00e9es Passy-Saint-Honor\u00e9 et Saint-Jean de Passy, parmi les meilleurs \u00e9tablissements de France, les deux autres communes ne peuvent pas pr\u00e9senter d\u2019aussi beaux arguments. D\u2019apr\u00e8s <a target=\"_blank\" href=\"https:\/\/www.lepoint.fr\/palmares\/lycees\/general\/78-yvelines\/\" rel=\"noopener nofollow\">Le Point<\/a>, le lyc\u00e9e Charles de Gaulles, \u00e0 Poissy, est le 21e de son d\u00e9partement, avec une note globale de 84,07\/100, alors que Le Corbusier s\u2019en sort avec un triste 67,47. De son c\u00f4t\u00e9, le lyc\u00e9e Parc de Vilg\u00e9nis est 11e de l\u2019Essonne avec 80,75, quand le Fustel de Coulanges obtient 71,25.<\/p>\n<p><b>Verdict :<\/b> avantage Massy au goal average.<\/p>\n<p><b>\u2192 <\/b><b>Activit\u00e9s<\/b><\/p>\n<p>\u00c0 \u00e9galit\u00e9 jusque-l\u00e0, les deux communes vont devoir se d\u00e9partager sur l\u2019un des crit\u00e8res principaux, l\u2019attractivit\u00e9. Au niveau culturel, un rapide coup d\u2019\u0153il au site Villedereve permet de se rendre compte que Nasser al-Khela\u00effi va devoir se creuser la t\u00eate pour choisir o\u00f9 poser ses valises car les deux villes affichent un indice de 51%. Poissy prend un peu d\u2019avance en attirant des touristes avec ses 10 monuments historiques, contre 2 \u00e0 Massy. La ville de l\u2019Essonne contre-attaque dans une activit\u00e9 majeure, le sport. Avec une diversit\u00e9 de 56% d\u2019associations sportives, Massy, qui fait partie de la moyenne haute fran\u00e7aise \u00e0 ce niveau-l\u00e0, repasse devant. Les 7 \u00e9v\u00e9nements \u00e0 la f\u00eate de la musique, contre 2, font esp\u00e9rer Poissy, mais Massy envoie le coup de gr\u00e2ce avec ses 98 associations de loisir, pour seulement 28 en face, et son indice de 87% en termes de loisirs qui la place parmi les meilleures villes de France.<\/p>\n<p><b>R\u00e9sultat final :<\/b> le s\u00e9same revient \u00e0 Massy gr\u00e2ce \u00e0 cet uppercut fatal.<\/p>\n<p>\t\t\t\t\t\t\t\t\t\t<a class=\"lien-connexe\" href=\"https:\/\/www.sofoot.com\/breves\/la-prefecture-de-police-interdit-lacces-au-parc-des-princes-aux-non-detenteurs-de-billet-et-au-rassemblement\" rel=\"nofollow noopener\" target=\"_blank\">En cas de qualification en finale du PSG, la f\u00eate ne sera pas folle<\/a>\t\t\t\t\t<\/p>\n","protected":false},"excerpt":{"rendered":"\u2192 Transports Dire adieu \u00e0 son logement est toujours un d\u00e9chirement, m\u00eame quand c\u2019est dans le 16e arrondissement&hellip;\n","protected":false},"author":2,"featured_media":82145,"comment_status":"","ping_status":"","sticky":false,"template":"","format":"standard","meta":{"footnotes":""},"categories":[1410],"tags":[47,61,69,65,64,63,1011,27,68,66,62,70,67,60],"class_list":{"0":"post-82144","1":"post","2":"type-post","3":"status-publish","4":"format-standard","5":"has-post-thumbnail","7":"category-football","8":"tag-actualite","9":"tag-actus-football","10":"tag-bundesliga","11":"tag-championnats-europeens","12":"tag-equipe-de-france","13":"tag-football","14":"tag-fr","15":"tag-france","16":"tag-ligua","17":"tag-ligue-1","18":"tag-news-foot","19":"tag-premier-league","20":"tag-serie-a","21":"tag-sports"},"share_on_mastodon":{"url":"https:\/\/pubeurope.com\/@fr\/114467175413926058","error":""},"_links":{"self":[{"href":"https:\/\/www.europesays.com\/fr\/wp-json\/wp\/v2\/posts\/82144","targetHints":{"allow":["GET"]}}],"collection":[{"href":"https:\/\/www.europesays.com\/fr\/wp-json\/wp\/v2\/posts"}],"about":[{"href":"https:\/\/www.europesays.com\/fr\/wp-json\/wp\/v2\/types\/post"}],"author":[{"embeddable":true,"href":"https:\/\/www.europesays.com\/fr\/wp-json\/wp\/v2\/users\/2"}],"replies":[{"embeddable":true,"href":"https:\/\/www.europesays.com\/fr\/wp-json\/wp\/v2\/comments?post=82144"}],"version-history":[{"count":0,"href":"https:\/\/www.europesays.com\/fr\/wp-json\/wp\/v2\/posts\/82144\/revisions"}],"wp:featuredmedia":[{"embeddable":true,"href":"https:\/\/www.europesays.com\/fr\/wp-json\/wp\/v2\/media\/82145"}],"wp:attachment":[{"href":"https:\/\/www.europesays.com\/fr\/wp-json\/wp\/v2\/media?parent=82144"}],"wp:term":[{"taxonomy":"category","embeddable":true,"href":"https:\/\/www.europesays.com\/fr\/wp-json\/wp\/v2\/categories?post=82144"},{"taxonomy":"post_tag","embeddable":true,"href":"https:\/\/www.europesays.com\/fr\/wp-json\/wp\/v2\/tags?post=82144"}],"curies":[{"name":"wp","href":"https:\/\/api.w.org\/{rel}","templated":true}]}}