{"id":821467,"date":"2026-03-24T15:08:15","date_gmt":"2026-03-24T15:08:15","guid":{"rendered":"https:\/\/www.europesays.com\/fr\/821467\/"},"modified":"2026-03-24T15:08:15","modified_gmt":"2026-03-24T15:08:15","slug":"un-homme-grievement-blesse-dans-une-rixe-a-larme-blanche-dans-le-1er-arrondissement-de-marseille","status":"publish","type":"post","link":"https:\/\/www.europesays.com\/fr\/821467\/","title":{"rendered":"Un homme gri\u00e8vement bless\u00e9 dans une rixe \u00e0 l&rsquo;arme blanche dans le 1er arrondissement de Marseille"},"content":{"rendered":"<p>Un homme a \u00e9t\u00e9 gri\u00e8vement bless\u00e9 \u00e0 l&rsquo;<a href=\"https:\/\/www.laprovence.com\/article\/faits-divers-justice\/36733495234877\/rixe-dans-un-domicile-a-gap-l-agression-a-l-arme-blanche-finalement-ecartee\" target=\"_blank\" rel=\"nofollow noopener\">arme blanche<\/a> ce mardi apr\u00e8s-midi dans le 1er arrondissement de Marseille. Il a \u00e9t\u00e9 transport\u00e9 aux urgences par les marins-pompiers avec un pronostic vital engag\u00e9.<\/p>\n<p>L&rsquo;auteur activement recherch\u00e9 par la police<\/p>\n<p>Il \u00e9tait un peu plus de 14\u00a0heures lorsque les secours et la police ont \u00e9t\u00e9 alert\u00e9s d&rsquo;une rixe \u00e0 l&rsquo;arme blanche <a href=\"https:\/\/www.laprovence.com\/article\/faits-divers-justice\/1053755531428615\/hotels-restaurants-et-etrangers-en-situation-irreguliere-dans-le-viseur-des-services-de-letat-a-marseille\" target=\"_blank\" rel=\"nofollow noopener\">rue des Dominicaines<\/a>, dans le 1er arrondissement de Marseille. Sur les lieux, les marins-pompiers ont d\u00e9couvert un homme conscient, mais s\u00e9v\u00e8rement bless\u00e9 dont l&rsquo;\u00e9tat a n\u00e9cessit\u00e9 une \u00e9vacuation urgente vers l&rsquo;h\u00f4pital. Quant \u00e0 l&rsquo;individu qui lui aurait inflig\u00e9 ces blessures, il avait pris la fuite \u00e0 l&rsquo;arriv\u00e9e des forces de l&rsquo;ordre. Il est activement recherch\u00e9 par la police.<\/p>\n","protected":false},"excerpt":{"rendered":"Un homme a \u00e9t\u00e9 gri\u00e8vement bless\u00e9 \u00e0 l&rsquo;arme blanche ce mardi apr\u00e8s-midi dans le 1er arrondissement de Marseille.&hellip;\n","protected":false},"author":2,"featured_media":821468,"comment_status":"","ping_status":"","sticky":false,"template":"","format":"standard","meta":{"footnotes":"","_share_on_mastodon":"0"},"categories":[2814],"tags":[5734,1111,11,8386,3916,1777,674,274,1011,27,3915,4933,1859,884,12,882,25,5510],"class_list":["post-821467","post","type-post","status-publish","format-standard","has-post-thumbnail","category-marseille","tag-5734","tag-actu","tag-actualites","tag-blanche","tag-blesse","tag-eu","tag-europe","tag-faits-divers-justice","tag-fr","tag-france","tag-grievement","tag-homme","tag-larme","tag-marseille","tag-news","tag-provence-alpes-cote-dazur","tag-republique-francaise","tag-rixe"],"share_on_mastodon":{"url":"https:\/\/pubeurope.com\/@fr\/116284785039196368","error":""},"_links":{"self":[{"href":"https:\/\/www.europesays.com\/fr\/wp-json\/wp\/v2\/posts\/821467","targetHints":{"allow":["GET"]}}],"collection":[{"href":"https:\/\/www.europesays.com\/fr\/wp-json\/wp\/v2\/posts"}],"about":[{"href":"https:\/\/www.europesays.com\/fr\/wp-json\/wp\/v2\/types\/post"}],"author":[{"embeddable":true,"href":"https:\/\/www.europesays.com\/fr\/wp-json\/wp\/v2\/users\/2"}],"replies":[{"embeddable":true,"href":"https:\/\/www.europesays.com\/fr\/wp-json\/wp\/v2\/comments?post=821467"}],"version-history":[{"count":0,"href":"https:\/\/www.europesays.com\/fr\/wp-json\/wp\/v2\/posts\/821467\/revisions"}],"wp:featuredmedia":[{"embeddable":true,"href":"https:\/\/www.europesays.com\/fr\/wp-json\/wp\/v2\/media\/821468"}],"wp:attachment":[{"href":"https:\/\/www.europesays.com\/fr\/wp-json\/wp\/v2\/media?parent=821467"}],"wp:term":[{"taxonomy":"category","embeddable":true,"href":"https:\/\/www.europesays.com\/fr\/wp-json\/wp\/v2\/categories?post=821467"},{"taxonomy":"post_tag","embeddable":true,"href":"https:\/\/www.europesays.com\/fr\/wp-json\/wp\/v2\/tags?post=821467"}],"curies":[{"name":"wp","href":"https:\/\/api.w.org\/{rel}","templated":true}]}}