{"id":82172,"date":"2025-05-07T15:21:10","date_gmt":"2025-05-07T15:21:10","guid":{"rendered":"https:\/\/www.europesays.com\/fr\/82172\/"},"modified":"2025-05-07T15:21:10","modified_gmt":"2025-05-07T15:21:10","slug":"interpelle-apres-avoir-insulte-les-policiers","status":"publish","type":"post","link":"https:\/\/www.europesays.com\/fr\/82172\/","title":{"rendered":"interpell\u00e9 apr\u00e8s avoir insult\u00e9 les policiers"},"content":{"rendered":"<p>La rue Antoine-Durafour \u00e0 Saint-Etienne est une art\u00e8re qui pr\u00e9occupe particuli\u00e8rement les forces de la police nationale depuis plusieurs semaines.<\/p>\n<p>Des agressions y ont \u00e9t\u00e9 perp\u00e9tr\u00e9es par le pass\u00e9 et le pr\u00e9fet de la Loire, <a href=\"https:\/\/www.leprogres.fr\/p\/alexandre-rochatte\" target=\"_blank\" rel=\"nofollow noopener\">Alexandre Rochatte<\/a>, s\u2019y est rendu il y a quelques jours avec des agents de police pour v\u00e9rifier que son arr\u00eat\u00e9 interdisant la vente d\u2019alcool \u00e0 emporter apr\u00e8s 22 heures \u00e9tait respect\u00e9.<\/p>\n<p>  2 grammes de r\u00e9sine de cannabis<\/p>\n<p>De fait, la police nationale a renforc\u00e9 sa pr\u00e9sence dans le secteur et ce mardi 6\u00a0mai, peu apr\u00e8s minuit, les membres d\u2019un \u00e9quipage de Police secours nuit aper\u00e7oivent un v\u00e9hicule de type Renault Twingo stationn\u00e9 sur une place handicap\u00e9e. Les fonctionnaires d\u00e9cident alors de s\u2019arr\u00eater et de proc\u00e9der \u00e0 un contr\u00f4le. Mais tout ne va pas se d\u00e9rouler comme attendu.<\/p>\n<p>Les policiers vont d\u00e9couvrir dans l\u2019habitacle deux grammes de r\u00e9sine de cannabis et un gramme d\u2019herbe de cannabis. Le ton est ensuite mont\u00e9 entre les diff\u00e9rents protagonistes et le conducteur de la petite citadine aurait prof\u00e9r\u00e9 des insultes \u00e0 l\u2019encontre des personnes d\u00e9positaires de l\u2019autorit\u00e9 publique.<\/p>\n<p>\u00c2g\u00e9 de 27 ans et r\u00e9sidant \u00e0 La Ricamarie, le jeune homme a finalement \u00e9t\u00e9 interpell\u00e9 puis plac\u00e9 en garde \u00e0 vue. Apr\u00e8s son audition, il s\u2019est vu signifier une convocation devant le tribunal correctionnel de Saint-Etienne au cours des prochaines semaines.<\/p>\n","protected":false},"excerpt":{"rendered":"La rue Antoine-Durafour \u00e0 Saint-Etienne est une art\u00e8re qui pr\u00e9occupe particuli\u00e8rement les forces de la police nationale depuis&hellip;\n","protected":false},"author":2,"featured_media":82173,"comment_status":"","ping_status":"","sticky":false,"template":"","format":"standard","meta":{"footnotes":""},"categories":[9653],"tags":[1111,11,2430,271,272,7539,1777,674,274,1011,27,3367,12,25,4001,7538],"class_list":{"0":"post-82172","1":"post","2":"type-post","3":"status-publish","4":"format-standard","5":"has-post-thumbnail","7":"category-saint-etienne","8":"tag-actu","9":"tag-actualites","10":"tag-auvergne-rhone-alpes","11":"tag-crime","12":"tag-delit-et-contravention","13":"tag-edition-loire-sud","14":"tag-eu","15":"tag-europe","16":"tag-faits-divers-justice","17":"tag-fr","18":"tag-france","19":"tag-loire","20":"tag-news","21":"tag-republique-francaise","22":"tag-saint-etienne","23":"tag-saint-etienne-ville"},"share_on_mastodon":{"url":"https:\/\/pubeurope.com\/@fr\/114467234365199149","error":""},"_links":{"self":[{"href":"https:\/\/www.europesays.com\/fr\/wp-json\/wp\/v2\/posts\/82172","targetHints":{"allow":["GET"]}}],"collection":[{"href":"https:\/\/www.europesays.com\/fr\/wp-json\/wp\/v2\/posts"}],"about":[{"href":"https:\/\/www.europesays.com\/fr\/wp-json\/wp\/v2\/types\/post"}],"author":[{"embeddable":true,"href":"https:\/\/www.europesays.com\/fr\/wp-json\/wp\/v2\/users\/2"}],"replies":[{"embeddable":true,"href":"https:\/\/www.europesays.com\/fr\/wp-json\/wp\/v2\/comments?post=82172"}],"version-history":[{"count":0,"href":"https:\/\/www.europesays.com\/fr\/wp-json\/wp\/v2\/posts\/82172\/revisions"}],"wp:featuredmedia":[{"embeddable":true,"href":"https:\/\/www.europesays.com\/fr\/wp-json\/wp\/v2\/media\/82173"}],"wp:attachment":[{"href":"https:\/\/www.europesays.com\/fr\/wp-json\/wp\/v2\/media?parent=82172"}],"wp:term":[{"taxonomy":"category","embeddable":true,"href":"https:\/\/www.europesays.com\/fr\/wp-json\/wp\/v2\/categories?post=82172"},{"taxonomy":"post_tag","embeddable":true,"href":"https:\/\/www.europesays.com\/fr\/wp-json\/wp\/v2\/tags?post=82172"}],"curies":[{"name":"wp","href":"https:\/\/api.w.org\/{rel}","templated":true}]}}