{"id":82215,"date":"2025-05-07T15:45:09","date_gmt":"2025-05-07T15:45:09","guid":{"rendered":"https:\/\/www.europesays.com\/fr\/82215\/"},"modified":"2025-05-07T15:45:09","modified_gmt":"2025-05-07T15:45:09","slug":"toulouse-pendant-son-footing-une-policiere-sauve-une-cycliste-tombee-dans-le-canal","status":"publish","type":"post","link":"https:\/\/www.europesays.com\/fr\/82215\/","title":{"rendered":"Toulouse. Pendant son footing, une polici\u00e8re sauve une cycliste tomb\u00e9e dans le canal"},"content":{"rendered":"<p>            Par<br \/>\n        <strong><br \/>\n            <a href=\"https:\/\/actu.fr\/auteur\/lea-afonso\" title=\"Consulter tous les articles de L\u00e9a Afonso\" rel=\"nofollow noopener\" target=\"_blank\">L\u00e9a Afonso<\/a><br \/>\n        <\/strong><\/p>\n<p>        Publi\u00e9 le<\/p>\n<p>            7 mai 2025 \u00e0 17h22        <\/p>\n<p>Elle lui a sauv\u00e9 la vie\u2026 Alors qu\u2019elle faisait son footing hebdomadaire ce mardi 6\u00a0mai 2025, une <strong>polici\u00e8re<\/strong> a <strong>secouru<\/strong> une <strong>cycliste<\/strong> tomb\u00e9e dans le Canal lat\u00e9ral \u00e0 la Garonne, \u00e0 hauteur de l\u2019\u00e9cluse de Lalande, au nord de <a href=\"https:\/\/actu.fr\/toulouse\/\" rel=\"nofollow noopener\" target=\"_blank\">Toulouse<\/a>.<\/p>\n<p>    <a href=\"https:\/\/www.google.com\/maps\/embed?pb=!1m18!1m12!1m3!1d2498.9235116639193!2d1.4229377165956136!3d43.6452975586894!2m3!1f0!2f0!3f0!3m2!1i1024!2i768!4f13.1!3m3!1m2!1s0x12aea52c23206b1d%3A0xbbbae0b4672d96f0!2s%C3%89cluse%20de%20Lalande!5e0!3m2!1sfr!2sfr!4v1746625215714!5m2!1sfr!2sfr\" title=\"Ouvrie le lien\" rel=\"nofollow noopener\" target=\"_blank\">Cliquez ici pour visualiser le contenu<\/a><\/p>\n<p>Elle ne freine pas\u2026 et tombe<\/p>\n<p class=\" wall-content\">Lors de son footing hebdomadaire sur les bords du Canal, une polici\u00e8re voit arriver une cycliste face \u00e0 elle. Au niveau de l\u2019\u00e9cluse, les berges sont en pente, alors la femme sur son <strong>v\u00e9lo<\/strong> prend de la vitesse. \u00ab\u2009Cette derni\u00e8re, \u00e2g\u00e9e de 69\u00a0ans, ne ralentit pas. Elle se laisse emporter, sans r\u00e9ussir \u00e0 man\u0153uvrer et <strong>finit sa course dans le canal\u2009\u00bb<\/strong>, explique une source proche du dossier.<\/p>\n<p class=\" wall-content\">Alarm\u00e9e, la polici\u00e8re se pr\u00e9cipite vers la victime pour l\u2019aider.<\/p>\n<p>Sauv\u00e9e de justesse<\/p>\n<p class=\" wall-content\">\u00ab\u2009Il y avait beaucoup de remous \u00e0 l\u2019endroit o\u00f9 la sexag\u00e9naire est tomb\u00e9e en raison des fortes pluies des jours pr\u00e9c\u00e9dents. La <strong>polici\u00e8re s\u2019immerge<\/strong>\u00a0alors tant bien que mal, eau jusqu\u2019aux genoux, pour proposer une prise \u00e0 la victime\u2009\u00bb, compl\u00e8te notre source polici\u00e8re.<\/p>\n<p class=\" wall-content\">Apr\u00e8s s\u2019\u00eatre d\u00e9lest\u00e9e de son sac \u00e0 dos, la victime s\u2019agrippe \u00e0 la jambe de la polici\u00e8re. Cette derni\u00e8re, aid\u00e9e de deux autres coll\u00e8gues, r\u00e9ussit \u00e0 sortir la femme de l\u2019eau, et r\u00e9cup\u00e8re m\u00eame son sac, qui flottait \u00e0 la surface.<\/p>\n<p>Vid\u00e9os : en ce moment sur Actu<\/p>\n<p class=\" wall-content\">\u00ab\u2009Choqu\u00e9e, la victime n\u2019a pas voulu que les pompiers soient appel\u00e9s. La police l\u2019a tout de m\u00eame raccompagn\u00e9e chez elle\u2009\u00bb, termine notre source.<\/p>\n<p class=\" wall-content\">Suivez toute l\u2019actualit\u00e9 de vos villes et m\u00e9dias favoris en vous inscrivant \u00e0 <a href=\"https:\/\/moncompte.actu.fr\" title=\"D\u00e9couvez Mon Actu\" rel=\"nofollow noopener\" data-trk=\"{&quot;cta&quot;:{&quot;action&quot;:&quot;https:\\\/\\\/moncompte.actu.fr&quot;,&quot;category&quot;:&quot;mon compte&quot;,&quot;from&quot;:&quot;article footer&quot;,&quot;name&quot;:&quot;Mon actu&quot;,&quot;type&quot;:&quot;cta&quot;}}\" target=\"_blank\">Mon Actu<\/a>.<\/p>\n","protected":false},"excerpt":{"rendered":"Par L\u00e9a Afonso Publi\u00e9 le 7 mai 2025 \u00e0 17h22 Elle lui a sauv\u00e9 la vie\u2026 Alors qu\u2019elle&hellip;\n","protected":false},"author":2,"featured_media":69088,"comment_status":"","ping_status":"","sticky":false,"template":"","format":"standard","meta":{"footnotes":""},"categories":[2816],"tags":[1111,11,1777,674,118,1011,27,12,2680,1072,25,2312,208],"class_list":{"0":"post-82215","1":"post","2":"type-post","3":"status-publish","4":"format-standard","5":"has-post-thumbnail","7":"category-toulouse","8":"tag-actu","9":"tag-actualites","10":"tag-eu","11":"tag-europe","12":"tag-faits-divers","13":"tag-fr","14":"tag-france","15":"tag-news","16":"tag-occitanie","17":"tag-police","18":"tag-republique-francaise","19":"tag-toulouse","20":"tag-velo"},"share_on_mastodon":{"url":"https:\/\/pubeurope.com\/@fr\/114467328723935348","error":""},"_links":{"self":[{"href":"https:\/\/www.europesays.com\/fr\/wp-json\/wp\/v2\/posts\/82215","targetHints":{"allow":["GET"]}}],"collection":[{"href":"https:\/\/www.europesays.com\/fr\/wp-json\/wp\/v2\/posts"}],"about":[{"href":"https:\/\/www.europesays.com\/fr\/wp-json\/wp\/v2\/types\/post"}],"author":[{"embeddable":true,"href":"https:\/\/www.europesays.com\/fr\/wp-json\/wp\/v2\/users\/2"}],"replies":[{"embeddable":true,"href":"https:\/\/www.europesays.com\/fr\/wp-json\/wp\/v2\/comments?post=82215"}],"version-history":[{"count":0,"href":"https:\/\/www.europesays.com\/fr\/wp-json\/wp\/v2\/posts\/82215\/revisions"}],"wp:featuredmedia":[{"embeddable":true,"href":"https:\/\/www.europesays.com\/fr\/wp-json\/wp\/v2\/media\/69088"}],"wp:attachment":[{"href":"https:\/\/www.europesays.com\/fr\/wp-json\/wp\/v2\/media?parent=82215"}],"wp:term":[{"taxonomy":"category","embeddable":true,"href":"https:\/\/www.europesays.com\/fr\/wp-json\/wp\/v2\/categories?post=82215"},{"taxonomy":"post_tag","embeddable":true,"href":"https:\/\/www.europesays.com\/fr\/wp-json\/wp\/v2\/tags?post=82215"}],"curies":[{"name":"wp","href":"https:\/\/api.w.org\/{rel}","templated":true}]}}