{"id":82220,"date":"2025-05-07T15:48:16","date_gmt":"2025-05-07T15:48:16","guid":{"rendered":"https:\/\/www.europesays.com\/fr\/82220\/"},"modified":"2025-05-07T15:48:16","modified_gmt":"2025-05-07T15:48:16","slug":"ces-petits-biscuits-fabriques-a-lille-ont-recu-un-prix-gourmand-tres-prestigieux","status":"publish","type":"post","link":"https:\/\/www.europesays.com\/fr\/82220\/","title":{"rendered":"Ces petits biscuits fabriqu\u00e9s \u00e0 Lille ont re\u00e7u un prix gourmand tr\u00e8s prestigieux"},"content":{"rendered":"<p>            Par<br \/>\n        <strong><br \/>\n            <a href=\"https:\/\/actu.fr\/auteur\/hervine-mahaud\" title=\"Consulter tous les articles de Hervine Mahaud\" rel=\"nofollow noopener\" target=\"_blank\">Hervine Mahaud<\/a><br \/>\n        <\/strong><\/p>\n<p>        Publi\u00e9 le<\/p>\n<p>            7 mai 2025 \u00e0 12h00        <\/p>\n<p>Les gourmandises artisanales de notre r\u00e9gion ont d\u00e9cid\u00e9ment du succ\u00e8s aupr\u00e8s des palais les plus exigeants. Le 28 avril 2025, de <b>petits biscuits fabriqu\u00e9s \u00e0 Lille<\/b> ont re\u00e7u un <b>prix<\/b> lors des <b>\u00c9picures<\/b>. Ce salon, qui regroupe le <b>meilleur des artisans et des \u00e9piciers de France<\/b> \u00e0 Paris, organise chaque ann\u00e9e un <b>grand concours<\/b>. Et c\u2019est un jury de fins connaisseurs qui a d\u00e9cern\u00e9 une <b>m\u00e9daille d\u2019argent<\/b> aux <b>sabl\u00e9s aux graines de m\u00e9lilot<\/b> confectionn\u00e9s par\u00a0<b>Oxalis &amp; Bergamote, un salon de p\u00e2tisserie situ\u00e9 dans le Vieux-Lille<\/b>.<\/p>\n<p>Une recette 100 % fran\u00e7aise pour valoriser le terroir<\/p>\n<p class=\" wall-content\">Pour la deuxi\u00e8me ann\u00e9e de suite, Ingrid et Romain, le fondateurs d\u2019Oxalis &amp; Bergamote, repartent avec un joli troph\u00e9e. L\u2019an pass\u00e9, le couple avait d\u00e9j\u00e0 d\u00e9croch\u00e9 la 2\u00e8me place du meilleur biscuit de France avec le cookie noisettes, graines de courge et p\u00e9pites de chocolat. Cette ann\u00e9e, c\u2019est avec leur sabl\u00e9 graines de m\u00e9lilot et farine de ch\u00e2taigne qu\u2019ils raflent de nouveau la m\u00e9daille d\u2019argent.<\/p>\n<p class=\" wall-content\"><a href=\"https:\/\/www.instagram.com\/p\/DJSCmvcMi5n\/embed\" title=\"Ouvrir le lien sur Instagram\" rel=\"nofollow noopener\" target=\"_blank\">Visualiser le contenu sur Instagram<\/a><\/p>\n<p class=\" wall-content\">Ce biscuit a la particularit\u00e9 d\u2019\u00eatre 100 % fran\u00e7ais. \u00ab\u00a0Avec la crise du cacao, on a souhait\u00e9 travailler un biscuit sans produits import\u00e9s, comme le chocolat et la vanille. Apr\u00e8s des mois de tests et de recherches, on a cr\u00e9\u00e9 cette nouvelle recette dans la continuit\u00e9 de nos valeurs\u00a0\u00bb, expliquent Ingrid et Romain.<\/p>\n<p class=\" wall-content\">Depuis 6 ans, \u00e0 travers son <a href=\"https:\/\/actu.fr\/hauts-de-france\/lille_59350\/oxalis-bergamotte-salon-patisseries-va-enchanter-gouters-ouvre-lille_23890963.html\" rel=\"nofollow noopener\" target=\"_blank\">salon de p\u00e2tisserie du Vieux-Lille<\/a>, le couple a toujours mis en avant les produits du terroir. Ainsi, le beurre vient de la ferme des Anneaux \u00e0 Avelin, la farine bio de la ferme du Jardinet \u00e0 Wambrechies, les \u0153ufs sont bio et locaux. Pour les sabl\u00e9s prim\u00e9s cette ann\u00e9e, c\u2019est de la farine de ch\u00e2taigne du Tarn et Garonne qui a \u00e9t\u00e9 utilis\u00e9e, ainsi que des graines de m\u00e9lilot. \u00ab\u00a0C\u2019est\u00a0une plante aux\u00a0notes de f\u00e8ve de tonka et de vanille, cultiv\u00e9e par Philippe Guichard dans\u00a0le Lot et Garonne, un pionnier du bio\u00a0\u00bb, souligne le couple.<\/p>\n<p class=\" wall-content\">C\u2019est avec ce \u00ab\u00a0biscuit original au parfum si particulier\u00a0\u00bb qu\u2019Ingrid et Romain ont su s\u00e9duire le jury. Le sabl\u00e9 aux graines de m\u00e9lilot, ainsi que les autres biscuits et granolas fabriqu\u00e9s par Oxalis &amp; Bergamote, sont \u00e0 retrouver en boutique, au 44 rue d\u2019Angleterre \u00e0 Lille, ou <a href=\"https:\/\/oxalisetbergamote.fr\/\" rel=\"nofollow noopener\" target=\"_blank\">sur le site internet<\/a>.<\/p>\n<p>Vid\u00e9os : en ce moment sur Actu<\/p>\n<p class=\" wall-content\">Suivez toute l\u2019actualit\u00e9 de vos villes et m\u00e9dias favoris en vous inscrivant \u00e0 <a href=\"https:\/\/moncompte.actu.fr\" title=\"D\u00e9couvez Mon Actu\" rel=\"nofollow noopener\" data-trk=\"{&quot;cta&quot;:{&quot;action&quot;:&quot;https:\\\/\\\/moncompte.actu.fr&quot;,&quot;category&quot;:&quot;mon compte&quot;,&quot;from&quot;:&quot;article footer&quot;,&quot;name&quot;:&quot;Mon actu&quot;,&quot;type&quot;:&quot;cta&quot;}}\" target=\"_blank\">Mon Actu<\/a>.<\/p>\n<p>                    <script async src=\"\/\/www.instagram.com\/embed.js\"><\/script><\/p>\n","protected":false},"excerpt":{"rendered":"Par Hervine Mahaud Publi\u00e9 le 7 mai 2025 \u00e0 12h00 Les gourmandises artisanales de notre r\u00e9gion ont d\u00e9cid\u00e9ment&hellip;\n","protected":false},"author":2,"featured_media":82221,"comment_status":"","ping_status":"","sticky":false,"template":"","format":"standard","meta":{"footnotes":""},"categories":[2815],"tags":[1111,11,1477,33,1777,674,1011,27,811,1307,12,25],"class_list":{"0":"post-82220","1":"post","2":"type-post","3":"status-publish","4":"format-standard","5":"has-post-thumbnail","7":"category-lille","8":"tag-actu","9":"tag-actualites","10":"tag-artisanat","11":"tag-economie","12":"tag-eu","13":"tag-europe","14":"tag-fr","15":"tag-france","16":"tag-hauts-de-france","17":"tag-lille","18":"tag-news","19":"tag-republique-francaise"},"share_on_mastodon":{"url":"https:\/\/pubeurope.com\/@fr\/114467340527453209","error":""},"_links":{"self":[{"href":"https:\/\/www.europesays.com\/fr\/wp-json\/wp\/v2\/posts\/82220","targetHints":{"allow":["GET"]}}],"collection":[{"href":"https:\/\/www.europesays.com\/fr\/wp-json\/wp\/v2\/posts"}],"about":[{"href":"https:\/\/www.europesays.com\/fr\/wp-json\/wp\/v2\/types\/post"}],"author":[{"embeddable":true,"href":"https:\/\/www.europesays.com\/fr\/wp-json\/wp\/v2\/users\/2"}],"replies":[{"embeddable":true,"href":"https:\/\/www.europesays.com\/fr\/wp-json\/wp\/v2\/comments?post=82220"}],"version-history":[{"count":0,"href":"https:\/\/www.europesays.com\/fr\/wp-json\/wp\/v2\/posts\/82220\/revisions"}],"wp:featuredmedia":[{"embeddable":true,"href":"https:\/\/www.europesays.com\/fr\/wp-json\/wp\/v2\/media\/82221"}],"wp:attachment":[{"href":"https:\/\/www.europesays.com\/fr\/wp-json\/wp\/v2\/media?parent=82220"}],"wp:term":[{"taxonomy":"category","embeddable":true,"href":"https:\/\/www.europesays.com\/fr\/wp-json\/wp\/v2\/categories?post=82220"},{"taxonomy":"post_tag","embeddable":true,"href":"https:\/\/www.europesays.com\/fr\/wp-json\/wp\/v2\/tags?post=82220"}],"curies":[{"name":"wp","href":"https:\/\/api.w.org\/{rel}","templated":true}]}}