{"id":82226,"date":"2025-05-07T15:51:08","date_gmt":"2025-05-07T15:51:08","guid":{"rendered":"https:\/\/www.europesays.com\/fr\/82226\/"},"modified":"2025-05-07T15:51:08","modified_gmt":"2025-05-07T15:51:08","slug":"un-camion-prend-feu-pres-de-lyon-les-pompiers-interviennent-durgence","status":"publish","type":"post","link":"https:\/\/www.europesays.com\/fr\/82226\/","title":{"rendered":"un camion prend feu pr\u00e8s de Lyon, les pompiers interviennent d&rsquo;urgence"},"content":{"rendered":"<p>            Par<br \/>\n        <strong><br \/>\n            <a href=\"https:\/\/actu.fr\/auteur\/theo-zuili\" title=\"Consulter tous les articles de Th\u00e9o Zuili\" rel=\"nofollow noopener\" target=\"_blank\">Th\u00e9o Zuili<\/a><br \/>\n        <\/strong><\/p>\n<p>        Publi\u00e9 le<\/p>\n<p>            7 mai 2025 \u00e0 17h41<br \/>\n        ; mis \u00e0 jour le 7 mai 2025 \u00e0 17h48    <\/p>\n<p>Un <strong>poids-lourd transportant des batteries<\/strong> et circulant sur <a href=\"https:\/\/actu.fr\/tag\/autoroute-7-a7\" rel=\"nofollow noopener\" target=\"_blank\">l\u2019A7<\/a> dans le sens <a href=\"https:\/\/actu.fr\/auvergne-rhone-alpes\/lyon_69123\" rel=\"nofollow noopener\" target=\"_blank\">Lyon<\/a>-Marseille a pris feu vers 16h10 \u00e0 hauteur de Saint-Romain-en-Gal (Rh\u00f4ne) ce mercredi 7 mai.<\/p>\n<p>    <a href=\"https:\/\/www.google.com\/maps\/embed?pb=!1m18!1m12!1m3!1d42909.91199243696!2d4.829884157118031!3d45.548960416251674!2m3!1f0!2f0!3f0!3m2!1i1024!2i768!4f13.1!3m3!1m2!1s0x47f4e0816d93ef2b%3A0x408ab2ae4bb1b10!2s69560%20Saint-Romain-en-Gal!5e1!3m2!1sfr!2sfr!4v1746631881343!5m2!1sfr!2sfr\" title=\"Ouvrie le lien\" rel=\"nofollow noopener\" target=\"_blank\">Cliquez ici pour visualiser le contenu<\/a><\/p>\n<p class=\" wall-content\">Une voie a d\u00fb \u00eatre ferm\u00e9e \u00e0 la circulation jusqu\u2019\u00e0 17h environ, le temps de laisser les sapeurs-pompiers de l\u2019Is\u00e8re, pr\u00e9sents \u00e0 proximit\u00e9, le temps d\u2019\u00e9teindre l\u2019incendie qui n\u2019a<strong> pas fait de bless\u00e9<\/strong>.<\/p>\n<p>Une remorque pleine de batteries prend feu<\/p>\n<p class=\" wall-content\">En remarquant l\u2019incendie dont l\u2019origine est encore inconnue, le conducteur du poids-lourd a s\u00e9par\u00e9 sans perdre de temps le camion de sa remorque.<\/p>\n<p class=\" wall-content\">Les batteries enflamm\u00e9es dans la remorque ont donc \u00e9t\u00e9 largu\u00e9es. Selon nos informations, le feu a \u00e9t\u00e9 <strong>\u00e9teint tr\u00e8s rapidement<\/strong> par les pompiers intervenus en urgence, s\u00e9curis\u00e9s sur place par la CRS de Lyon. En termes de d\u00e9gagement dans l\u2019air, les r\u00e9sultats n\u2019ont pas inqui\u00e9t\u00e9 les sapeurs-pompiers.<\/p>\n<p>Vid\u00e9os : en ce moment sur Actu<\/p>\n<p class=\" wall-content\">Vers 16h50, le temps de parcours \u00e9tait rallong\u00e9 d\u2019environ 50 minutes. La voie neutralis\u00e9e a pu \u00eatre rouverte progressivement \u00e0 la circulation vers 17h15.<\/p>\n<p class=\" wall-content\">Suivez toute l\u2019actualit\u00e9 de vos villes et m\u00e9dias favoris en vous inscrivant \u00e0 <a href=\"https:\/\/moncompte.actu.fr\" title=\"D\u00e9couvez Mon Actu\" rel=\"nofollow noopener\" data-trk=\"{&quot;cta&quot;:{&quot;action&quot;:&quot;https:\\\/\\\/moncompte.actu.fr&quot;,&quot;category&quot;:&quot;mon compte&quot;,&quot;from&quot;:&quot;article footer&quot;,&quot;name&quot;:&quot;Mon actu&quot;,&quot;type&quot;:&quot;cta&quot;}}\" target=\"_blank\">Mon Actu<\/a>.<\/p>\n","protected":false},"excerpt":{"rendered":"Par Th\u00e9o Zuili Publi\u00e9 le 7 mai 2025 \u00e0 17h41 ; mis \u00e0 jour le 7 mai 2025&hellip;\n","protected":false},"author":2,"featured_media":82227,"comment_status":"","ping_status":"","sticky":false,"template":"","format":"standard","meta":{"footnotes":""},"categories":[1889],"tags":[1111,11,6423,2430,1777,674,118,1011,27,1310,2428,12,1311,25],"class_list":{"0":"post-82226","1":"post","2":"type-post","3":"status-publish","4":"format-standard","5":"has-post-thumbnail","7":"category-lyon","8":"tag-actu","9":"tag-actualites","10":"tag-autoroute-7-a7","11":"tag-auvergne-rhone-alpes","12":"tag-eu","13":"tag-europe","14":"tag-faits-divers","15":"tag-fr","16":"tag-france","17":"tag-incendie","18":"tag-lyon","19":"tag-news","20":"tag-pompiers","21":"tag-republique-francaise"},"share_on_mastodon":{"url":"https:\/\/pubeurope.com\/@fr\/114467352359940914","error":""},"_links":{"self":[{"href":"https:\/\/www.europesays.com\/fr\/wp-json\/wp\/v2\/posts\/82226","targetHints":{"allow":["GET"]}}],"collection":[{"href":"https:\/\/www.europesays.com\/fr\/wp-json\/wp\/v2\/posts"}],"about":[{"href":"https:\/\/www.europesays.com\/fr\/wp-json\/wp\/v2\/types\/post"}],"author":[{"embeddable":true,"href":"https:\/\/www.europesays.com\/fr\/wp-json\/wp\/v2\/users\/2"}],"replies":[{"embeddable":true,"href":"https:\/\/www.europesays.com\/fr\/wp-json\/wp\/v2\/comments?post=82226"}],"version-history":[{"count":0,"href":"https:\/\/www.europesays.com\/fr\/wp-json\/wp\/v2\/posts\/82226\/revisions"}],"wp:featuredmedia":[{"embeddable":true,"href":"https:\/\/www.europesays.com\/fr\/wp-json\/wp\/v2\/media\/82227"}],"wp:attachment":[{"href":"https:\/\/www.europesays.com\/fr\/wp-json\/wp\/v2\/media?parent=82226"}],"wp:term":[{"taxonomy":"category","embeddable":true,"href":"https:\/\/www.europesays.com\/fr\/wp-json\/wp\/v2\/categories?post=82226"},{"taxonomy":"post_tag","embeddable":true,"href":"https:\/\/www.europesays.com\/fr\/wp-json\/wp\/v2\/tags?post=82226"}],"curies":[{"name":"wp","href":"https:\/\/api.w.org\/{rel}","templated":true}]}}