{"id":822440,"date":"2026-03-25T01:06:21","date_gmt":"2026-03-25T01:06:21","guid":{"rendered":"https:\/\/www.europesays.com\/fr\/822440\/"},"modified":"2026-03-25T01:06:21","modified_gmt":"2026-03-25T01:06:21","slug":"capteur-1-pouce-et-zoom-x15-pour-le-nouveau-compact-expert-frandroid","status":"publish","type":"post","link":"https:\/\/www.europesays.com\/fr\/822440\/","title":{"rendered":"capteur 1 pouce et zoom x15 pour le nouveau compact expert \u2014 Frandroid"},"content":{"rendered":"<p>Panasonic a d\u00e9voil\u00e9 ce mardi son nouvel appareil photo compact expert, le Panasonic Lumix TZ300, dot\u00e9 d\u2019un capteur un pouce et d\u2019un zoom x15. <\/p>\n<p><a href=\"https:\/\/images.frandroid.com\/wp-content\/uploads\/2026\/03\/panasonic-lumix-tz300-0617-high-res.jpg\" target=\"_blank\" class=\"article-content__figure\" rel=\"nofollow noopener\"><img fetchpriority=\"high\" decoding=\"async\" loading=\"eager\" width=\"1200\" height=\"799\" src=\"https:\/\/www.europesays.com\/fr\/wp-content\/uploads\/2026\/03\/panasonic-lumix-tz300-0617-high-res.jpg\" alt=\"Le Panasonic Lumix TZ3000\" class=\"wp-image-3036249 wp-image wp-image\"  \/><\/a>Le Panasonic Lumix TZ300 \/\/ Source : Panasonic<\/p>\n<p>Depuis quelques ann\u00e9es, les appareils photo compact expert connaissent un regain de popularit\u00e9. Apr\u00e8s les <a href=\"https:\/\/www.frandroid.com\/marques\/fujifilm\/2418436_test-du-fujifilm-x100-vi-le-compact-expert-qui-repousse-toutes-les-limites\" rel=\"nofollow noopener\" target=\"_blank\">Fujifilm X100VI<\/a>, <a href=\"https:\/\/www.frandroid.com\/marques\/ricoh\/2857027_test-du-ricoh-gr-iv-un-vrai-compact-expert-qui-a-lart-de-se-faire-oublier\" rel=\"nofollow noopener\" target=\"_blank\">Ricoh GR IV<\/a>, <a href=\"https:\/\/www.frandroid.com\/marques\/canon\/2622283_test-du-canon-powershot-v1-un-compact-audacieux-avec-un-capteur-inedit-oriente-video\" rel=\"nofollow noopener\" target=\"_blank\">Canon Powershot V1<\/a> ou <a href=\"https:\/\/www.frandroid.com\/marques\/sony\/2793121_test-du-sony-rx1r-iii-le-retour-dun-mythe-entre-genie-et-compromis\" rel=\"nofollow noopener\" target=\"_blank\">Sony RX1R III<\/a>, c\u2019est d\u00e9sormais au tour de Panasonic de d\u00e9voiler son tout nouveau mod\u00e8le, le Lumix TZ300.<\/p>\n<p>Le nouveau compact de Panasonic se distingue non seulement par son <a href=\"https:\/\/www.frandroid.com\/produits-android\/photo\/894453_tout-comprendre-des-capteurs-de-vos-appareils-photo-et-smartphones\" rel=\"nofollow noopener\" target=\"_blank\">capteur au format un pouce<\/a>, mais aussi et surtout par sa grande polyvalence focale. <\/p>\n<p>                <img decoding=\"async\" width=\"1200\" height=\"446\" loading=\"lazy\" alt=\"OM Box 2\" title=\"OM Box 2\" class=\"is-radiusless placeholder-default wp-image\" src=\"https:\/\/www.europesays.com\/fr\/wp-content\/uploads\/2026\/03\/1774400778_32_om-box-2-1200x446.jpg\" \/>            <\/p>\n<p>\n                    Jusqu\u2019\u00e0 600\u20ac offert sur les boitiers et optiques OM SYSTEM                <\/p>\n<p class=\"has-text-weight-medium is-size-6 is-line-height-normal\">\n                    Explorez les couleurs du printemps et partez \u00e0 l\u2019aventure avec les hybrides et objectifs OM SYSTEM. Vivez la photographie professionnelle au meilleur prix avec des offres allant jusqu\u2019\u00e0 600\u2009\u20ac offerts.                <\/p>\n<p>Un objectif extr\u00eamement polyvalent<\/p>\n<p>On retrouve en effet un <a href=\"https:\/\/www.frandroid.com\/produits-android\/photo\/appareil-photo\/1389315_objectifs-photo-tout-comprendre-aux-differents-types-dobjectifs-pour-bien-choisir\" rel=\"nofollow noopener\" target=\"_blank\">objectif \u00e9quivalent 24-360 mm<\/a>, soit un zoom x15, qui sera aussi \u00e0 l\u2019aise pour de la photo de paysage que pour de la photographie animali\u00e8re, avec une <a href=\"https:\/\/www.frandroid.com\/produits-android\/photo\/appareil-photo\/2883131_ouverture-focale-en-photo-tout-comprendre-du-flou-darriere-plan-a-la-nettete-de-vos-images\" rel=\"nofollow noopener\" target=\"_blank\">ouverture maximale de f\/3,3 en grand-angle et de f\/8,8 \u00e0 fond de zoom<\/a>. L\u2019objectif va par ailleurs permettre de capturer des sujets \u00e0 une distance minimale de 3 cm avec un mode AF Macro. <\/p>\n<p><a href=\"https:\/\/images.frandroid.com\/wp-content\/uploads\/2026\/03\/panasonic-lumix-tz300-0717-high-res.jpg\" target=\"_blank\" class=\"article-content__figure\" rel=\"nofollow noopener\"><img loading=\"lazy\" decoding=\"async\" width=\"1200\" height=\"800\" src=\"https:\/\/www.europesays.com\/fr\/wp-content\/uploads\/2026\/03\/panasonic-lumix-tz300-0717-high-res-1200x800.jpg\" alt=\"Le Panasonic Lumix TZ3000\" class=\"wp-image-3036251 wp-image\"  \/><\/a>Le Panasonic Lumix TZ300 \/\/ Source : Panasonic<\/p>\n<p>En outre, le Lumix TZ300 est dot\u00e9 d\u2019un <a href=\"https:\/\/www.frandroid.com\/produits-android\/photo\/894453_tout-comprendre-des-capteurs-de-vos-appareils-photo-et-smartphones\" rel=\"nofollow noopener\" target=\"_blank\">capteur r\u00e9tro\u00e9clair\u00e9 au format 1 pouce<\/a> de 20,1 m\u00e9gapixels. De quoi promettre, selon Panasonic, un faible bruit y compris dans des conditions de basse lumi\u00e8re. En plus de la photo, ce capteur va aussi permettre de capturer des s\u00e9quences vid\u00e9o en 4K 30p ou en Full HD 120p.<\/p>\n<p>Comme sur de nombreux appareils Lumix, le Lumix TZ300 int\u00e8gre une <a href=\"https:\/\/www.frandroid.com\/produits-android\/photo\/2310390_stabilisation-optique-capteur-hybride-electronique-tout-comprendre-pour-eviter-les-photos-et-videos-floues\" rel=\"nofollow noopener\" target=\"_blank\">stabilisation hybride Power O.I.S.<\/a> sur cinq axes pour r\u00e9duire le flou de bouger et compenser l\u2019ouverture limit\u00e9e de l\u2019objectif.<\/p>\n<p>\t\t\t\t\t\t<a href=\"https:\/\/images.frandroid.com\/wp-content\/uploads\/2026\/03\/panasonic-lumix-tz300-1769-high-res.jpg\" itemprop=\"url\" rel=\"nofollow noopener\" target=\"_blank\"><\/p>\n<p>\t\t\t\t\t\t\t<img decoding=\"async\" class=\"wp-image\" src=\"https:\/\/www.europesays.com\/fr\/wp-content\/uploads\/2026\/03\/panasonic-lumix-tz300-1769-high-res.jpg\"  width=\"460\" height=\"307\" loading=\"lazy\" data-original-width=\"460\" data-original-height=\"307\" itemprop=\"http:\/\/schema.org\/image\" title=\"Panasonic LUMIX TZ300_1769-High Res\" alt=\"Le Panasonic Lumix TZ3000\" style=\"width: 460px; height: 307px;\"\/><br \/>\n\t\t\t\t\t\t<\/a><\/p>\n<p>\n\t\t\t\t\t\t\t\tLe Panasonic Lumix TZ3000 \/\/ Source : Panasonic\t\t\t\t\t\t\t<\/p>\n<p>\t\t\t\t\t\t<a href=\"https:\/\/images.frandroid.com\/wp-content\/uploads\/2026\/03\/panasonic-lumix-tz300-3058-high-res.jpg\" itemprop=\"url\" rel=\"nofollow noopener\" target=\"_blank\"><\/p>\n<p>\t\t\t\t\t\t\t<img decoding=\"async\" class=\"wp-image\" src=\"https:\/\/www.europesays.com\/fr\/wp-content\/uploads\/2026\/03\/panasonic-lumix-tz300-3058-high-res.jpg\"  width=\"460\" height=\"307\" loading=\"lazy\" data-original-width=\"460\" data-original-height=\"307\" itemprop=\"http:\/\/schema.org\/image\" title=\"Panasonic LUMIX TZ300_3058-High Res\" alt=\"Le Panasonic Lumix TZ3000\" style=\"width: 460px; height: 307px;\"\/><br \/>\n\t\t\t\t\t\t<\/a><\/p>\n<p>\n\t\t\t\t\t\t\t\tLe Panasonic Lumix TZ3000 \/\/ Source : Panasonic\t\t\t\t\t\t\t<\/p>\n<p>Surtout, bo\u00eetier compact oblige, le Lumix TZ300 se veut un appareil photo de poche, avec un format de 111,2 x 66,4 x 45,2 mm qui devrait rentrer facilement dans une poche. L\u2019appareil est \u00e9quip\u00e9 d\u2019une connectivit\u00e9 Bluetooth et Wi-Fi et profite d\u2019une prise USB-C pour l\u2019alimentation. Au dos, on retrouve un simple \u00e9cran fixe, sans viseur.<\/p>\n<p>Prix et disponibilit\u00e9 du Lumix TZ300<\/p>\n<p>Le Panasonic Lumix TZ300 sera disponible en France \u00e0 partir du mois de mai 2026. Propos\u00e9 en version noire ou argent, il sera affich\u00e9 au prix de 999 euros.<\/p>\n","protected":false},"excerpt":{"rendered":"Panasonic a d\u00e9voil\u00e9 ce mardi son nouvel appareil photo compact expert, le Panasonic Lumix TZ300, dot\u00e9 d\u2019un capteur&hellip;\n","protected":false},"author":2,"featured_media":822441,"comment_status":"","ping_status":"","sticky":false,"template":"","format":"standard","meta":{"footnotes":"","_share_on_mastodon":"0"},"categories":[7],"tags":[1011,27,14357,89730,89731,43,40,41,39,42,44],"class_list":["post-822440","post","type-post","status-publish","format-standard","has-post-thumbnail","category-sciences-et-technologies","tag-fr","tag-france","tag-officialisation","tag-panasonic-lumix-tz300","tag-panasonic-lumix-tz3000","tag-science","tag-science-and-technology","tag-sciences","tag-sciences-et-technologies","tag-technologies","tag-technology"],"share_on_mastodon":{"url":"https:\/\/pubeurope.com\/@fr\/116287136628448207","error":""},"_links":{"self":[{"href":"https:\/\/www.europesays.com\/fr\/wp-json\/wp\/v2\/posts\/822440","targetHints":{"allow":["GET"]}}],"collection":[{"href":"https:\/\/www.europesays.com\/fr\/wp-json\/wp\/v2\/posts"}],"about":[{"href":"https:\/\/www.europesays.com\/fr\/wp-json\/wp\/v2\/types\/post"}],"author":[{"embeddable":true,"href":"https:\/\/www.europesays.com\/fr\/wp-json\/wp\/v2\/users\/2"}],"replies":[{"embeddable":true,"href":"https:\/\/www.europesays.com\/fr\/wp-json\/wp\/v2\/comments?post=822440"}],"version-history":[{"count":0,"href":"https:\/\/www.europesays.com\/fr\/wp-json\/wp\/v2\/posts\/822440\/revisions"}],"wp:featuredmedia":[{"embeddable":true,"href":"https:\/\/www.europesays.com\/fr\/wp-json\/wp\/v2\/media\/822441"}],"wp:attachment":[{"href":"https:\/\/www.europesays.com\/fr\/wp-json\/wp\/v2\/media?parent=822440"}],"wp:term":[{"taxonomy":"category","embeddable":true,"href":"https:\/\/www.europesays.com\/fr\/wp-json\/wp\/v2\/categories?post=822440"},{"taxonomy":"post_tag","embeddable":true,"href":"https:\/\/www.europesays.com\/fr\/wp-json\/wp\/v2\/tags?post=822440"}],"curies":[{"name":"wp","href":"https:\/\/api.w.org\/{rel}","templated":true}]}}