{"id":82265,"date":"2025-05-07T16:12:12","date_gmt":"2025-05-07T16:12:12","guid":{"rendered":"https:\/\/www.europesays.com\/fr\/82265\/"},"modified":"2025-05-07T16:12:12","modified_gmt":"2025-05-07T16:12:12","slug":"atp-wta-rome-swiatek-cest-lun-des-joueurs-les-plus-gentils-du-circuit-un-vrai-gentleman","status":"publish","type":"post","link":"https:\/\/www.europesays.com\/fr\/82265\/","title":{"rendered":"ATP\/WTA Rome > Swiatek : \u00ab\u00a0C\u2019est l\u2019un des joueurs les plus gentils du circuit. Un vrai\u00a0gentleman\u00a0\u00bb"},"content":{"rendered":"<p>Tr\u00e8s touch\u00e9e par sa d\u00e9route contre Coco Gauff en demi\u2010finale du WTA 1000 de Madrid (6\u22121, 6\u20131), Iga Swiatek a \u00e9t\u00e9 aper\u00e7u en larme lors d\u2019un chan\u00adge\u00adment de\u00a0c\u00f4t\u00e9.\u00a0<\/p>\n<p>Une situa\u00adtion qui n\u2019avait pas \u00e9chapp\u00e9 \u00e0 Casper Ruud. Sur son compte Twitter, le r\u00e9cent vain\u00adqueur du tournoi madri\u00adl\u00e8ne, <a href=\"https:\/\/www.welovetennis.fr\/wta\/wta-madrid\/casper-ruud-reconforte-iga-swiatek-en-larmes-dans-sa-serviette-garde-la-tete-haute-ce-netait-pas-ton-jour-aujourdhui-mais-tu-inspires-tellement-de-monde-et-tu-reviendras-plus-forte-que-jama\" data-wpel-link=\"internal\" rel=\"nofollow noopener\" target=\"_blank\">avait publi\u00e9 un joli message de soutien<\/a> <a href=\"https:\/\/www.welovetennis.fr\/wta\/wta-madrid\/casper-ruud-reconforte-iga-swiatek-en-larmes-dans-sa-serviette-garde-la-tete-haute-ce-netait-pas-ton-jour-aujourdhui-mais-tu-inspires-tellement-de-monde-et-tu-reviendras-plus-forte-que-jama\" data-wpel-link=\"internal\" rel=\"nofollow noopener\" target=\"_blank\">\u00e0 la quin\u00adtuple cham\u00adpionne en Grand Chelem<\/a>.<\/p>\n<p>Dans une vid\u00e9o, la num\u00e9ro deux mondiale confie avoir appr\u00e9ci\u00e9 l\u2019at\u00adten\u00adtion de son coll\u00e8gue.<\/p>\n<blockquote class=\"twitter-tweet\">\n<p lang=\"en\" dir=\"ltr\">Iga about Casper <a href=\"https:\/\/t.co\/116TVrgb2S\" data-wpel-link=\"external\" target=\"_blank\" rel=\"nofollow external noopener\">pic.twitter.com\/116TVrgb2S<\/a><\/p>\n<p>\u2014 Swiateking (@tennis_15love) <a href=\"https:\/\/twitter.com\/tennis_15love\/status\/1920084760405082325?ref_src=twsrc%5Etfw\" data-wpel-link=\"external\" target=\"_blank\" rel=\"nofollow external noopener\">May 7,\u00a02025<\/a><\/p><\/blockquote>\n<p><strong>\u00ab\u202fOui, je pense que Casper est l\u2019une des personnes les plus gentilles du tour. Il est telle\u00adment humble et respec\u00adtueux, c\u2019est un vrai gent\u00adleman. Je suis donc heureux qu\u2019il ait \u00e9crit cela, car c\u2019est l\u2019un des messages qui m\u2019a redonn\u00e9 le moral apr\u00e8s la d\u00e9faite. Mais dans l\u2019en\u00adsemble, je sais que je vais bien, vous savez, je me sens bien, alors je vais conti\u00adnuer le travail que j\u2019ai fait sur le terrain et j\u2019es\u00adp\u00e8re que des victoires vont arriver. Mais dans l\u2019en\u00adsemble, je joue de mani\u00e8re assez r\u00e9gu\u00adli\u00e8re semaine apr\u00e8s semaine et j\u2019en suis donc satis\u00adfaite. Mais les ambi\u00adtions sont grandes,\u00a0c\u2019est\u00a0certain\u202f\u00bb.<\/strong><\/p>\n<p class=\"post-published-date\" style=\"color: silver; font-size: 75%; text-align: left;\">Publi\u00e9 le mercredi 7 mai 2025 \u00e0 17:10<\/p>\n<p><script async src=\"https:\/\/platform.twitter.com\/widgets.js\" charset=\"utf-8\"><\/script><\/p>\n","protected":false},"excerpt":{"rendered":"Tr\u00e8s touch\u00e9e par sa d\u00e9route contre Coco Gauff en demi\u2010finale du WTA 1000 de Madrid (6\u22121, 6\u20131), Iga&hellip;\n","protected":false},"author":2,"featured_media":82266,"comment_status":"","ping_status":"","sticky":false,"template":"","format":"standard","meta":{"footnotes":""},"categories":[1415],"tags":[1011,27,2200,60,1467],"class_list":{"0":"post-82265","1":"post","2":"type-post","3":"status-publish","4":"format-standard","5":"has-post-thumbnail","7":"category-tennis","8":"tag-fr","9":"tag-france","10":"tag-iga-swiatek","11":"tag-sports","12":"tag-tennis"},"share_on_mastodon":{"url":"https:\/\/pubeurope.com\/@fr\/114467434854883985","error":""},"_links":{"self":[{"href":"https:\/\/www.europesays.com\/fr\/wp-json\/wp\/v2\/posts\/82265","targetHints":{"allow":["GET"]}}],"collection":[{"href":"https:\/\/www.europesays.com\/fr\/wp-json\/wp\/v2\/posts"}],"about":[{"href":"https:\/\/www.europesays.com\/fr\/wp-json\/wp\/v2\/types\/post"}],"author":[{"embeddable":true,"href":"https:\/\/www.europesays.com\/fr\/wp-json\/wp\/v2\/users\/2"}],"replies":[{"embeddable":true,"href":"https:\/\/www.europesays.com\/fr\/wp-json\/wp\/v2\/comments?post=82265"}],"version-history":[{"count":0,"href":"https:\/\/www.europesays.com\/fr\/wp-json\/wp\/v2\/posts\/82265\/revisions"}],"wp:featuredmedia":[{"embeddable":true,"href":"https:\/\/www.europesays.com\/fr\/wp-json\/wp\/v2\/media\/82266"}],"wp:attachment":[{"href":"https:\/\/www.europesays.com\/fr\/wp-json\/wp\/v2\/media?parent=82265"}],"wp:term":[{"taxonomy":"category","embeddable":true,"href":"https:\/\/www.europesays.com\/fr\/wp-json\/wp\/v2\/categories?post=82265"},{"taxonomy":"post_tag","embeddable":true,"href":"https:\/\/www.europesays.com\/fr\/wp-json\/wp\/v2\/tags?post=82265"}],"curies":[{"name":"wp","href":"https:\/\/api.w.org\/{rel}","templated":true}]}}