{"id":82279,"date":"2025-05-07T16:20:10","date_gmt":"2025-05-07T16:20:10","guid":{"rendered":"https:\/\/www.europesays.com\/fr\/82279\/"},"modified":"2025-05-07T16:20:10","modified_gmt":"2025-05-07T16:20:10","slug":"le-nouveau-concept-de-librairie-simplante-a-colmar","status":"publish","type":"post","link":"https:\/\/www.europesays.com\/fr\/82279\/","title":{"rendered":"le nouveau concept de librairie s&rsquo;implante \u00e0 Colmar"},"content":{"rendered":"<p>L\u2019enseigne n\u2019est m\u00eame pas encore ouverte qu\u2019elle compte d\u00e9j\u00e0 plus de <a href=\"https:\/\/www.instagram.com\/mon_chat_pitre_colmar\/\" target=\"_blank\" rel=\"noopener\">1400 followers sur Instagram<\/a>. Si les chats, et dans une moindre mesure les influenceurs litt\u00e9rature, sont de nos jours de puissantes machines \u00e0 clics, les liens entre \u00e9crivains et f\u00e9lins, eux, ne datent pas d\u2019hier, de Colette \u00e0 Edgar Allan Poe, en passant par Philippe Geluck ou Riad Sattouf. Aussi, il n\u2019est pas \u00e9tonnant que <a href=\"https:\/\/www.instagram.com\/mon_chat_pitre\/?hl=fr\" target=\"_blank\" rel=\"noopener\">la librairie Mon Chat pitre<\/a> , o\u00f9 les matous se lovent entre les bouquins depuis 2021 \u00e0 Aix-en-Provence, fasse des petits.<\/p>\n<p>Nul doute que la premi\u00e8re port\u00e9e sera adopt\u00e9e par les Alsaciens\u00a0! Puisque c\u2019est \u00e0 Colmar qu\u2019ouvrira la toute premi\u00e8re d\u00e9clinaison de ce concept, sous la houlette de Caroline Picard. Cette Colmarienne m\u00e8re de trois enfants, a d\u00e9couvert Mon Chat pitre sur Instagram, en&#8230;<\/p>\n<p>                <script async src=\"\/\/www.instagram.com\/embed.js\"><\/script><\/p>\n","protected":false},"excerpt":{"rendered":"L\u2019enseigne n\u2019est m\u00eame pas encore ouverte qu\u2019elle compte d\u00e9j\u00e0 plus de 1400 followers sur Instagram. Si les chats,&hellip;\n","protected":false},"author":2,"featured_media":82280,"comment_status":"","ping_status":"","sticky":false,"template":"","format":"standard","meta":{"footnotes":""},"categories":[1357],"tags":[2389,1867,1379,5065,4406,1687,58,33,2413,59,107,1011,27,1757,1380,2410,14851,216],"class_list":{"0":"post-82279","1":"post","2":"type-post","3":"status-publish","4":"format-standard","5":"has-post-thumbnail","7":"category-livres","8":"tag-alsace","9":"tag-animaux","10":"tag-books","11":"tag-colmar","12":"tag-commerce-et-services","13":"tag-culture-loisirs","14":"tag-divertissement","15":"tag-economie","16":"tag-edition-colmar-guebwiller","17":"tag-entertainment","18":"tag-fil-info","19":"tag-fr","20":"tag-france","21":"tag-insolite","22":"tag-livres","23":"tag-livres-bd","24":"tag-secteur-de-colmar","25":"tag-vie-des-entreprises"},"share_on_mastodon":{"url":"https:\/\/pubeurope.com\/@fr\/114467466367831890","error":""},"_links":{"self":[{"href":"https:\/\/www.europesays.com\/fr\/wp-json\/wp\/v2\/posts\/82279","targetHints":{"allow":["GET"]}}],"collection":[{"href":"https:\/\/www.europesays.com\/fr\/wp-json\/wp\/v2\/posts"}],"about":[{"href":"https:\/\/www.europesays.com\/fr\/wp-json\/wp\/v2\/types\/post"}],"author":[{"embeddable":true,"href":"https:\/\/www.europesays.com\/fr\/wp-json\/wp\/v2\/users\/2"}],"replies":[{"embeddable":true,"href":"https:\/\/www.europesays.com\/fr\/wp-json\/wp\/v2\/comments?post=82279"}],"version-history":[{"count":0,"href":"https:\/\/www.europesays.com\/fr\/wp-json\/wp\/v2\/posts\/82279\/revisions"}],"wp:featuredmedia":[{"embeddable":true,"href":"https:\/\/www.europesays.com\/fr\/wp-json\/wp\/v2\/media\/82280"}],"wp:attachment":[{"href":"https:\/\/www.europesays.com\/fr\/wp-json\/wp\/v2\/media?parent=82279"}],"wp:term":[{"taxonomy":"category","embeddable":true,"href":"https:\/\/www.europesays.com\/fr\/wp-json\/wp\/v2\/categories?post=82279"},{"taxonomy":"post_tag","embeddable":true,"href":"https:\/\/www.europesays.com\/fr\/wp-json\/wp\/v2\/tags?post=82279"}],"curies":[{"name":"wp","href":"https:\/\/api.w.org\/{rel}","templated":true}]}}