{"id":82281,"date":"2025-05-07T16:21:23","date_gmt":"2025-05-07T16:21:23","guid":{"rendered":"https:\/\/www.europesays.com\/fr\/82281\/"},"modified":"2025-05-07T16:21:23","modified_gmt":"2025-05-07T16:21:23","slug":"sophia-bush-greys-anatomy-explique-pourquoi-elle-a-accepte-de-rejoindre-la-serie-medicale","status":"publish","type":"post","link":"https:\/\/www.europesays.com\/fr\/82281\/","title":{"rendered":"Sophia Bush (Grey&rsquo;s Anatomy) explique pourquoi elle a accept\u00e9 de rejoindre la s\u00e9rie m\u00e9dicale"},"content":{"rendered":"<p>Sophia Bush, l&rsquo;inoubliable Brooke Davis des Fr\u00e8res Scott, d\u00e9barque ce mercredi 7 mai dans Grey&rsquo;s Anatomy sur TF1. Pourtant, cette derni\u00e8re avait \u00e0 l&rsquo;origine pr\u00e9vu de refuser tout projet ! Elle explique pourquoi elle a chang\u00e9 d&rsquo;avis. <\/p>\n<p>C&rsquo;est une arriv\u00e9e qui a fait \u00e9norm\u00e9ment parler ! Il y a quelques mois, on apprenait que <b>Sophia Bush<\/b>, alias <a href=\"https:\/\/www.programme-tv.net\/news\/series-tv\/375516-jai-pete-les-plombs-15-ans-plus-tard-sophia-bush-les-freres-scott-revele-enfin-pourquoi-peyton-hilarie-burton-etait-absente-du-mariage-de-brooke\/\" data-api-deeplink=\"teleloisirs:\/\/news\/375516\" target=\"_blank\" rel=\"noopener\">Brooke Davis dans la s\u00e9rie culte Les fr\u00e8res Scott<\/a>, <b>allait faire <\/b><a href=\"https:\/\/www.programme-tv.net\/news\/evenement\/disney-plus-streaming\/362933-surprise-sophia-bush-rejoint-le-casting-de-grey-s-anatomy-et-c-est-la-meilleure-recrue-de-la-serie-depuis-longtemps\/\" data-api-deeplink=\"teleloisirs:\/\/news\/362933\" target=\"_blank\" rel=\"noopener\"><b>son arriv\u00e9e dans <\/b><b>Grey&rsquo;s Anatomy<\/b><\/a>, dans le r\u00f4le de Cass, une chirurgienne sp\u00e9cialis\u00e9e en trauma d\u00e9finie comme \u00ab\u00a0aimable, amusante et quelque peu d\u00e9sordonn\u00e9e\u00a0\u00bb et dont le mari, David, travaille lui aussi au Grey Sloan Memorial Hospital, en tant que chirurgien cardiothoracique. Si les t\u00e9l\u00e9spectateurs am\u00e9ricains l&rsquo;ont d\u00e9couverte en novembre dernier, les Fran\u00e7ais, eux, la verront pour la premi\u00e8re fois fouler les couloirs de l&rsquo;h\u00f4pital ce mercredi 7 mai. Sophia Bush s&rsquo;est confi\u00e9e sur son personnage dans une interview accord\u00e9e au site am\u00e9ricain <a href=\"https:\/\/www.shondaland.com\/shondaland-series\/greys-anatomy\/sophia-bush-on-shaking-up-the-grey-s-anatomy-world-this-season\" target=\"_blank\" rel=\"noopener\">Shondaland<\/a>, ce alors qu&rsquo;elle avait pr\u00e9vu de ne pas travailler pour un temps !<\/p>\n<p>\u00ab\u00a0Je voulais faire une pause mais&#8230;\u00a0\u00bb : Sophia Bush (Grey&rsquo;s Anatomy) explique pourquoi elle a accept\u00e9 de rejoindre la s\u00e9rie m\u00e9dicale<\/p>\n<p>\u00ab\u00a0L&rsquo;ann\u00e9e 2024 \u00e9tait la premi\u00e8re depuis la gr\u00e8ve des sc\u00e9naristes o\u00f9 je n\u2019avais pas de projet de s\u00e9ries\u00a0\u00bb, a-t-elle expliqu\u00e9 \u00e0 nos confr\u00e8res. \u00ab\u00a0Je voulais faire une pause pour vraiment comprendre ce que je voulais et ce que je recherchais.\u00a0\u00bb Seulement voil\u00e0 : lorsqu&rsquo;est arriv\u00e9e la proposition de rejoindre la s\u00e9rie m\u00e9dicale \u00e0 succ\u00e8s, <a href=\"https:\/\/www.programme-tv.net\/news\/people\/368424-j-ai-le-souffle-coupe-sophia-bush-ultra-glamour-pour-les-golden-globes-sa-compagne-ashlyn-harris-est-sous-le-charme-photos\/\" data-api-deeplink=\"teleloisirs:\/\/news\/368424\" target=\"_blank\" rel=\"noopener\">la compagne d&rsquo;Ashlyn Harris<\/a> n&rsquo;a pu refuser. \u00ab\u00a0Je suis fan !\u00a0\u00bb l\u00e2che-t-elle, confiant m\u00eame qu&rsquo;elle et ses coll\u00e8gues des Fr\u00e8res Scott regardaient ensemble les premi\u00e8res saisons de Grey&rsquo;s Anatomy. \u00ab\u00a0Donc rejoindre cette s\u00e9rie pour jouer une chirurgienne et travailler avec des gens que j&rsquo;adore, \u00e7a a \u00e9t\u00e9 une \u00e9vidence pour moi de dire oui.\u00a0\u00bb<\/p>\n<p>                        Grey&rsquo;s Anatomy : Ce qui vous attend ce mercredi 7 mai sur TF1<\/p>\n<p>C&rsquo;est donc <a href=\"https:\/\/www.programme-tv.net\/news\/series-tv\/378037-greys-anatomy-sophia-bush-les-freres-scott-debarque-ce-soir-sur-tf1-et-son-personnage-va-faire-des-etincelles\/\" data-api-deeplink=\"teleloisirs:\/\/news\/378037\" target=\"_blank\" rel=\"noopener\">dans l&rsquo;\u00e9pisode 6, diffus\u00e9 ce mercredi 7 mai<\/a>, que les t\u00e9l\u00e9spectateurs de TF1 d\u00e9couvriront pour la premi\u00e8re fois Cass et David Beckman. Venus tout droit du Seattle Presbyterian Hospital, les deux vont se retrouver, par un concours de circonstance, au restaurant en m\u00eame temps que Teddy et Owen. Les deux femmes vont finir la soir\u00e9e \u00e0 prendre un verre ensemble, et <a href=\"https:\/\/www.programme-tv.net\/news\/evenement\/disney-plus-streaming\/364498-greys-anatomy-sophia-bush-les-freres-scott-a-fait-son-arrivee-dans-la-serie-et-elle-est-deja-en-train-de-briser-un-couple-phare\/\" data-api-deeplink=\"teleloisirs:\/\/news\/364498\" target=\"_blank\" rel=\"noopener\">beaucoup se rapprocher<\/a>&#8230; Un \u00e9pisode \u00e9galement marqu\u00e9 par les difficult\u00e9s rencontr\u00e9es par Mika, qui peine \u00e0 concilier le fait de passer du temps avec sa s\u0153ur et son activit\u00e9 professionnelle&#8230;<\/p>\n","protected":false},"excerpt":{"rendered":"Sophia Bush, l&rsquo;inoubliable Brooke Davis des Fr\u00e8res Scott, d\u00e9barque ce mercredi 7 mai dans Grey&rsquo;s Anatomy sur TF1.&hellip;\n","protected":false},"author":2,"featured_media":82282,"comment_status":"","ping_status":"","sticky":false,"template":"","format":"standard","meta":{"footnotes":""},"categories":[1356],"tags":[244,10451,58,59,1011,27,6885,19011,19012,19013,19010,129,252,199,2175,1364],"class_list":{"0":"post-82281","1":"post","2":"type-post","3":"status-publish","4":"format-standard","5":"has-post-thumbnail","7":"category-television","8":"tag-commentaire","9":"tag-disney-plus","10":"tag-divertissement","11":"tag-entertainment","12":"tag-fr","13":"tag-france","14":"tag-greys-anatomy","15":"tag-greys-anatomy-3192025-0910-pm-tf1","16":"tag-greys-anatomy-3192025-0955-pm-tf1","17":"tag-les-fru00e8res-scott","18":"tag-sophia-bush","19":"tag-svod","20":"tag-television","21":"tag-tf1","22":"tag-tl-story","23":"tag-tv"},"share_on_mastodon":{"url":"https:\/\/pubeurope.com\/@fr\/114467470349499468","error":""},"_links":{"self":[{"href":"https:\/\/www.europesays.com\/fr\/wp-json\/wp\/v2\/posts\/82281","targetHints":{"allow":["GET"]}}],"collection":[{"href":"https:\/\/www.europesays.com\/fr\/wp-json\/wp\/v2\/posts"}],"about":[{"href":"https:\/\/www.europesays.com\/fr\/wp-json\/wp\/v2\/types\/post"}],"author":[{"embeddable":true,"href":"https:\/\/www.europesays.com\/fr\/wp-json\/wp\/v2\/users\/2"}],"replies":[{"embeddable":true,"href":"https:\/\/www.europesays.com\/fr\/wp-json\/wp\/v2\/comments?post=82281"}],"version-history":[{"count":0,"href":"https:\/\/www.europesays.com\/fr\/wp-json\/wp\/v2\/posts\/82281\/revisions"}],"wp:featuredmedia":[{"embeddable":true,"href":"https:\/\/www.europesays.com\/fr\/wp-json\/wp\/v2\/media\/82282"}],"wp:attachment":[{"href":"https:\/\/www.europesays.com\/fr\/wp-json\/wp\/v2\/media?parent=82281"}],"wp:term":[{"taxonomy":"category","embeddable":true,"href":"https:\/\/www.europesays.com\/fr\/wp-json\/wp\/v2\/categories?post=82281"},{"taxonomy":"post_tag","embeddable":true,"href":"https:\/\/www.europesays.com\/fr\/wp-json\/wp\/v2\/tags?post=82281"}],"curies":[{"name":"wp","href":"https:\/\/api.w.org\/{rel}","templated":true}]}}