{"id":82310,"date":"2025-05-07T16:36:10","date_gmt":"2025-05-07T16:36:10","guid":{"rendered":"https:\/\/www.europesays.com\/fr\/82310\/"},"modified":"2025-05-07T16:36:10","modified_gmt":"2025-05-07T16:36:10","slug":"un-nouveau-spot-pour-les-amateurs-dhumour-a-toulon","status":"publish","type":"post","link":"https:\/\/www.europesays.com\/fr\/82310\/","title":{"rendered":"Un nouveau spot pour les amateurs d\u2019humour \u00e0 Toulon"},"content":{"rendered":"<p>C\u2019\u00e9tait une ancienne agence immobili\u00e8re. Aujourd\u2019hui, c\u2019est <a href=\"https:\/\/www.varmatin.com\/humour\/une-salle-100-comedy-club-au-mourillon-969456\" rel=\"nofollow noopener\" target=\"_blank\">un comedy club<\/a> flambant neuf. \u00c0 l\u2019origine du projet, \u00c9milie, passionn\u00e9e de stand-up, et Romain, entrepreneur \u00e0 la t\u00eate de plusieurs salles de sport dans la r\u00e9gion.<\/p>\n<p>\u00ab\u00a0On a tout cass\u00e9, tout refait, \u00e7a fait pratiquement deux ans qu\u2019on est sur le projet et un an qu\u2019on a trouv\u00e9 le local\u00a0\u00bb, explique \u00c9milie.<\/p>\n<p>Le nom du lieu? Un hommage personnel. \u00ab\u00a0Carmen, c\u2019\u00e9tait le pr\u00e9nom de ma grand-m\u00e8re paternelle espagnole, elle est d\u00e9c\u00e9d\u00e9e quelques heures avant ma naissance et ma famille m\u2019a toujours dit que je lui ressemblais. C\u2019\u00e9tait une femme solaire qui aimait \u00e9norm\u00e9ment rire, comme moi.\u00a0\u00bb<\/p>\n<p>En clin d\u2019\u0153il \u00e0 Carmen, la d\u00e9coration du lieu a \u00e9t\u00e9 pens\u00e9e comme un retour en enfance: \u00ab\u00a0On a voulu faire une ambiance comme si on allait chez elle, un peu vintage\u00a0\u00bb.<\/p>\n<p>Un cadre chaleureux qui peut accueillir jusqu\u2019\u00e0 50 personnes. Pour g\u00e9rer le lieu, vous pouvez retrouver une petite \u00e9quipe: \u00c9milie, Romain mais aussi Jordan, le r\u00e9gisseur et Sabrina derri\u00e8re le bar.<\/p>\n<p>Une programmation 100% surprise<\/p>\n<p>La particularit\u00e9 du club? Pas de t\u00eate d\u2019affiche annonc\u00e9e: la programmation est gard\u00e9e secr\u00e8te.<\/p>\n<p>\u00ab\u00a0Tu peux tomber sur des locaux, des Parisiens, des confirm\u00e9s, tu peux aussi tomber sur des stars de l\u2019humour\u00a0\u00bb, mais \u00c9milie l\u2019assure: \u00ab\u00a0Tu verras toujours des artistes qui vont te r\u00e9galer\u00a0\u00bb.<\/p>\n<p>Chaque soir, entre cinq et sept com\u00e9diens se succ\u00e9deront sur sc\u00e8ne. Et comme l\u2019humour ne s\u2019arr\u00eate pas au stand-up, des spectacles d\u2019improvisation et des sc\u00e8nes ouvertes pour le public ou les artistes, sont \u00e9galement au programme. \u00ab\u00a0N\u2019importe qui pourra venir se tester, prendre le micro et jouer deux, trois, quatre minutes.\u00a0\u00bb<\/p>\n<p>De quoi donner leur chance aux nouveaux talents.<\/p>\n<p>Avant de lancer ce lieu, \u00c9milie a v\u00e9cu cinq ans \u00e0 Paris, o\u00f9 elle s\u2019est immerg\u00e9e dans le monde du stand-up. \u00ab\u00a0J\u2019ai commenc\u00e9 par faire des photos pour des artistes, puis j\u2019ai assist\u00e9 \u00e0 des s\u00e9ances d\u2019\u00e9criture, j\u2019ai aussi \u00e9t\u00e9 assistante pour un metteur en sc\u00e8ne\u2026 Tout ce que je pouvais faire, je le faisais avec plaisir\u00a0\u00bb.<\/p>\n<p>Mais malgr\u00e9 des exp\u00e9riences riches, la r\u00e9alit\u00e9 financi\u00e8re l\u2019a rattrap\u00e9e: \u00ab\u00a0Je faisais plein de trucs trop bien. Mais en vivre, c\u2019\u00e9tait trop compliqu\u00e9\u00a0\u00bb.<\/p>\n<p>De retour dans le Sud, elle publie un post sur Instagram \u00e0 la recherche d\u2019un job dans un th\u00e9\u00e2tre. C\u2019est l\u00e0 que Romain l\u2019a contact\u00e9e: \u00ab\u00a0Il m\u2019a dit: &lsquo;Viens voir, j\u2019ai peut-\u00eatre un truc sympa \u00e0 te proposer&rsquo;. Et on s\u2019est plus jamais l\u00e2ch\u00e9 depuis.\u00a0\u00bb<\/p>\n<p>\u00ab\u00a0On veut que les gens viennent, d\u00e9couvrent, rient et reviennent\u00a0\u00bb<\/p>\n<p>Pour les aider dans leur projet, ils ont aussi pu compter sur le soutien de leurs amis humoristes au Garage comedy club \u00e0 Marseille que vous pourrez \u00e9galement retrouver sur sc\u00e8ne durant la semaine d\u2019ouverture.<\/p>\n<p>\u00ab\u00a0Ils nous ont donn\u00e9 tellement de force, c\u2019\u00e9tait impensable qu\u2019ils ne soient pas l\u00e0 au d\u00e9but.\u00a0\u00bb<\/p>\n<p>Le Carmen comedy club l\u00e8ve le rideau officiellement ce jeudi 8 mai. Il sera ouvert du jeudi au dimanche, de 18h \u00e0 23h, avec deux cr\u00e9neaux de spectacle: de 19h \u00e0 20h et de 21h \u00e0 22h.<\/p>\n<p>\u00ab\u00a0Et si \u00e7a marche, pourquoi ne pas ouvrir un troisi\u00e8me cr\u00e9neau?\u00a0\u00bb<\/p>\n<p>Sur place, un bar propose de la sangria maison et des cocktails l\u00e9gers. \u00ab\u00a0Ce qu\u2019on veut, c\u2019est que les gens viennent, d\u00e9couvrent, rient, et reviennent\u00a0\u00bb, sourit \u00c9milie.<\/p>\n<p>L\u2019entr\u00e9e est de 10 euros par personne, et il est vivement conseill\u00e9 de r\u00e9server en ligne via le lien disponible dans la bio de leur page Instagram (@carmencomedyclub_), la premi\u00e8re soir\u00e9e affiche d\u00e9j\u00e0 complet.<\/p>\n<p>L\u2019objectif est clair: faire du Carmen comedy club un incontournable lieu de rencontres et de fous rires.<\/p>\n","protected":false},"excerpt":{"rendered":"C\u2019\u00e9tait une ancienne agence immobili\u00e8re. Aujourd\u2019hui, c\u2019est un comedy club flambant neuf. \u00c0 l\u2019origine du projet, \u00c9milie, passionn\u00e9e&hellip;\n","protected":false},"author":2,"featured_media":82311,"comment_status":"","ping_status":"","sticky":false,"template":"","format":"standard","meta":{"footnotes":""},"categories":[9619],"tags":[1111,11,1777,674,1011,27,708,12,882,25,2310,3366],"class_list":{"0":"post-82310","1":"post","2":"type-post","3":"status-publish","4":"format-standard","5":"has-post-thumbnail","7":"category-toulon","8":"tag-actu","9":"tag-actualites","10":"tag-eu","11":"tag-europe","12":"tag-fr","13":"tag-france","14":"tag-humour","15":"tag-news","16":"tag-provence-alpes-cote-dazur","17":"tag-republique-francaise","18":"tag-toulon","19":"tag-vie-locale"},"share_on_mastodon":{"url":"https:\/\/pubeurope.com\/@fr\/114467529240380081","error":""},"_links":{"self":[{"href":"https:\/\/www.europesays.com\/fr\/wp-json\/wp\/v2\/posts\/82310","targetHints":{"allow":["GET"]}}],"collection":[{"href":"https:\/\/www.europesays.com\/fr\/wp-json\/wp\/v2\/posts"}],"about":[{"href":"https:\/\/www.europesays.com\/fr\/wp-json\/wp\/v2\/types\/post"}],"author":[{"embeddable":true,"href":"https:\/\/www.europesays.com\/fr\/wp-json\/wp\/v2\/users\/2"}],"replies":[{"embeddable":true,"href":"https:\/\/www.europesays.com\/fr\/wp-json\/wp\/v2\/comments?post=82310"}],"version-history":[{"count":0,"href":"https:\/\/www.europesays.com\/fr\/wp-json\/wp\/v2\/posts\/82310\/revisions"}],"wp:featuredmedia":[{"embeddable":true,"href":"https:\/\/www.europesays.com\/fr\/wp-json\/wp\/v2\/media\/82311"}],"wp:attachment":[{"href":"https:\/\/www.europesays.com\/fr\/wp-json\/wp\/v2\/media?parent=82310"}],"wp:term":[{"taxonomy":"category","embeddable":true,"href":"https:\/\/www.europesays.com\/fr\/wp-json\/wp\/v2\/categories?post=82310"},{"taxonomy":"post_tag","embeddable":true,"href":"https:\/\/www.europesays.com\/fr\/wp-json\/wp\/v2\/tags?post=82310"}],"curies":[{"name":"wp","href":"https:\/\/api.w.org\/{rel}","templated":true}]}}