{"id":82312,"date":"2025-05-07T16:37:17","date_gmt":"2025-05-07T16:37:17","guid":{"rendered":"https:\/\/www.europesays.com\/fr\/82312\/"},"modified":"2025-05-07T16:37:17","modified_gmt":"2025-05-07T16:37:17","slug":"quiz-conclave-toulon-maville-com","status":"publish","type":"post","link":"https:\/\/www.europesays.com\/fr\/82312\/","title":{"rendered":"Quiz Conclave &#8211; Toulon.maville.com"},"content":{"rendered":"<p>Ce mercredi marque le d\u00e9but du conclave. En tout, ce ne sont pas moins de 133 cardinaux \u00e9lecteurs, venu du monde entier, qui vont se r\u00e9unir au sein de la chapelle Sixtine afin d&rsquo;\u00e9lire celui qui aura la lourde t\u00e2che de succ\u00e9der au pape Fran\u00e7ois.<\/p>\n<p>Pour l&rsquo;occasion, nous vous avons concoct\u00e9 un petit quiz sur cette grande tradition qui existe depuis des mill\u00e9naires.<\/p>\n<p>Bonne chance.<\/p>\n<p>N\u2019oubliez pas : pour conna\u00eetre imm\u00e9diatement votre score, il vous suffit de cliquer sur ENVOYER puis sur AFFICHER LA NOTE.<\/p>\n<p>Bien souvent, le bouton \u00ab\u00a0AFFICHER LA NOTE\u00a0\u00bb n&rsquo;apparait qu&rsquo;en haut de la page. Si vous atterrissez sur une page blanche, il vous suffit donc juste de remonter en haut de la page.<\/p>\n<p>Retrouvez facilement tous les quiz et \u00e9nigmes publi\u00e9s sur Maville\u00a0<a rel=\"noopener nofollow\" target=\"_blank\" href=\"https:\/\/nantes.maville.com\/info\/mavillequiz.php\">ici<\/a><\/p>\n<p>\u00a0<\/p>\n<p>Chargement\u2026<\/p>\n<p>\u00a0<\/p>\n","protected":false},"excerpt":{"rendered":"Ce mercredi marque le d\u00e9but du conclave. En tout, ce ne sont pas moins de 133 cardinaux \u00e9lecteurs,&hellip;\n","protected":false},"author":2,"featured_media":82313,"comment_status":"","ping_status":"","sticky":false,"template":"","format":"standard","meta":{"footnotes":""},"categories":[9619],"tags":[1111,11,13175,1777,674,1011,27,12,882,7767,25,2310],"class_list":{"0":"post-82312","1":"post","2":"type-post","3":"status-publish","4":"format-standard","5":"has-post-thumbnail","7":"category-toulon","8":"tag-actu","9":"tag-actualites","10":"tag-conclave","11":"tag-eu","12":"tag-europe","13":"tag-fr","14":"tag-france","15":"tag-news","16":"tag-provence-alpes-cote-dazur","17":"tag-quiz","18":"tag-republique-francaise","19":"tag-toulon"},"share_on_mastodon":{"url":"https:\/\/pubeurope.com\/@fr\/114467533237212035","error":""},"_links":{"self":[{"href":"https:\/\/www.europesays.com\/fr\/wp-json\/wp\/v2\/posts\/82312","targetHints":{"allow":["GET"]}}],"collection":[{"href":"https:\/\/www.europesays.com\/fr\/wp-json\/wp\/v2\/posts"}],"about":[{"href":"https:\/\/www.europesays.com\/fr\/wp-json\/wp\/v2\/types\/post"}],"author":[{"embeddable":true,"href":"https:\/\/www.europesays.com\/fr\/wp-json\/wp\/v2\/users\/2"}],"replies":[{"embeddable":true,"href":"https:\/\/www.europesays.com\/fr\/wp-json\/wp\/v2\/comments?post=82312"}],"version-history":[{"count":0,"href":"https:\/\/www.europesays.com\/fr\/wp-json\/wp\/v2\/posts\/82312\/revisions"}],"wp:featuredmedia":[{"embeddable":true,"href":"https:\/\/www.europesays.com\/fr\/wp-json\/wp\/v2\/media\/82313"}],"wp:attachment":[{"href":"https:\/\/www.europesays.com\/fr\/wp-json\/wp\/v2\/media?parent=82312"}],"wp:term":[{"taxonomy":"category","embeddable":true,"href":"https:\/\/www.europesays.com\/fr\/wp-json\/wp\/v2\/categories?post=82312"},{"taxonomy":"post_tag","embeddable":true,"href":"https:\/\/www.europesays.com\/fr\/wp-json\/wp\/v2\/tags?post=82312"}],"curies":[{"name":"wp","href":"https:\/\/api.w.org\/{rel}","templated":true}]}}