{"id":82316,"date":"2025-05-07T16:39:19","date_gmt":"2025-05-07T16:39:19","guid":{"rendered":"https:\/\/www.europesays.com\/fr\/82316\/"},"modified":"2025-05-07T16:39:19","modified_gmt":"2025-05-07T16:39:19","slug":"telephone-en-prison-et-violation-dinterdiction-de-contact-un-homme-de-nouveau-devant-la-justice","status":"publish","type":"post","link":"https:\/\/www.europesays.com\/fr\/82316\/","title":{"rendered":"t\u00e9l\u00e9phone en prison et violation d\u2019interdiction de contact, un homme de nouveau devant la justice"},"content":{"rendered":"<p>\n\t\t\t\t\tCondamn\u00e9 pour violences et menaces de mort sur son ex-compagne, il continue de la contacter en d\u00e9tention. \t\t\t\t<\/p>\n<p>\n\t\t\t\t\t\t\t\t\t\u00a9 Illustration \u2013 t\u00e9l\u00e9phone en prison et violation d\u2019interdiction de contact, un homme de nouveau devant la justice.\t\t\t\t\t\t\t\t<\/p>\n<p>En 2023, un jeune homme est condamn\u00e9 \u00e0 une peine de prison ferme pour <strong>violences habituelles sur conjoint, harc\u00e8lement, menaces de mort<\/strong>. \u00ab\u00a0Je prends la prison \u00e0 vie mais toi tu perds la vie\u00a0\u00bb, avait-il dit \u00e0 son ex-compagne. Par la suite, un <strong>incident<\/strong> s\u2019est d\u00e9roul\u00e9 en d\u00e9tention \u00e0 <strong>Villeneuve-l\u00e8s-Maguelone<\/strong>. Son ex-compagne, victime des faits pour lesquels il a \u00e9t\u00e9 condamn\u00e9, se plaint <strong>d\u2019appels et messages malveillants<\/strong> de sa part. \u00c0 noter qu\u2019il a \u00e9galement \u00e9t\u00e9 condamn\u00e9 \u00e0 une <strong>interdiction de contact avec la victime<\/strong> \u2026 interdiction qu\u2019il n\u2019a visiblement pas respect\u00e9e. De ce fait, <a href=\"https:\/\/infoccitanie.fr\/tag\/tribunal\/\" target=\"_blank\" rel=\"noopener\">le tribunal correctionnel de Montpellier<\/a> a jug\u00e9 cette affaire le 6 mai 2025. Le pr\u00e9venu, poursuivant dor\u00e9navant sa peine sous bracelet \u00e9lectronique, est pr\u00e9sent \u00e0 la barre. Mis en cause pour appels, messages malveillants et recel de t\u00e9l\u00e9phone en maison d\u2019arr\u00eat, il explique son geste.<\/p>\n<p>Un t\u00e9l\u00e9phone emprunt\u00e9 \u00e0 son cod\u00e9tenu<\/p>\n<p><strong>Comment a-t-il pu avoir acc\u00e8s \u00e0 un t\u00e9l\u00e9phone en prison\u00a0?<\/strong> \u00ab\u00a0Il y a beaucoup de t\u00e9l\u00e9phones en prison. C\u2019\u00e9tait celui de mon cod\u00e9tenu\u00a0\u00bb, se confie-t-il \u00e0 la barre. \u00c0 de tr\u00e8s nombreuses reprises, le pr\u00e9venu utilisait le portable pour contacter son ex-compagne. \u00c0 noter qu\u2019au d\u00e9part, la victime ignorait totalement qu\u2019il s\u2019agissait de lui ce qui suscitait un sentiment de crainte \u00e0 son \u00e9gard. \u00a0<\/p>\n<p>Des messages et appels consid\u00e9r\u00e9s comme malveillants par la victime<\/p>\n<p>Premi\u00e8re question pos\u00e9e par la pr\u00e9sidente\u00a0: \u00ab\u00a0Que pensez-vous de l\u2019interdiction de rentrer en contact avec Madame\u00a0?\u00a0\u00bb. \u00c0 travers des propos confus, il \u00e9nonce qu\u2019il \u00e9tait toujours attach\u00e9 \u00e0 elle \u00e0 l\u2019\u00e9poque. \u00ab\u00a0Dor\u00e9navant, c\u2019est termin\u00e9. Je suis ins\u00e9r\u00e9, j\u2019ai un CDI. Je n\u2019ai plus aucun contact avec elle\u00a0\u00bb, affirme-t-il. <strong>Version que la victime r\u00e9fute cat\u00e9goriquement \u00e0 la barre. <\/strong>\u00ab\u00a0Il m\u2019a tr\u00e8s r\u00e9cemment ajout\u00e9e sur les r\u00e9seaux sociaux\u00a0\u00bb. \u00c0 la suite de ces faits, le tribunal doit se prononcer sur le caract\u00e8re malveillant des messages envoy\u00e9s par le pr\u00e9venu. En effet, ce dernier <strong>reconna\u00eet l\u2019avoir contact\u00e9e mais nie toute malveillance de sa part.<\/strong> \u00ab\u00a0La moto bleue, va vite falloir qu\u2019elle r\u00e9apparaisse si tu ne veux pas avoir de soucis\u00a0\u00bb, \u00e9tant l\u2019un des messages envoy\u00e9s par Monsieur.<\/p>\n<p>Le <a href=\"https:\/\/infoccitanie.fr\/tag\/tribunal\/\" target=\"_blank\" rel=\"noopener\">tribunal correctionnel de Montpellier<\/a> rendra son d\u00e9lib\u00e9r\u00e9 le <strong>22 mai 2025<\/strong>.<\/p>\n","protected":false},"excerpt":{"rendered":"Condamn\u00e9 pour violences et menaces de mort sur son ex-compagne, il continue de la contacter en d\u00e9tention. \u00a9&hellip;\n","protected":false},"author":2,"featured_media":82317,"comment_status":"","ping_status":"","sticky":false,"template":"","format":"standard","meta":{"footnotes":""},"categories":[9599],"tags":[1111,11,1777,674,1011,27,2208,12,2680,25,3693],"class_list":{"0":"post-82316","1":"post","2":"type-post","3":"status-publish","4":"format-standard","5":"has-post-thumbnail","7":"category-montpellier","8":"tag-actu","9":"tag-actualites","10":"tag-eu","11":"tag-europe","12":"tag-fr","13":"tag-france","14":"tag-montpellier","15":"tag-news","16":"tag-occitanie","17":"tag-republique-francaise","18":"tag-tribunal"},"share_on_mastodon":{"url":"https:\/\/pubeurope.com\/@fr\/114467541083112931","error":""},"_links":{"self":[{"href":"https:\/\/www.europesays.com\/fr\/wp-json\/wp\/v2\/posts\/82316","targetHints":{"allow":["GET"]}}],"collection":[{"href":"https:\/\/www.europesays.com\/fr\/wp-json\/wp\/v2\/posts"}],"about":[{"href":"https:\/\/www.europesays.com\/fr\/wp-json\/wp\/v2\/types\/post"}],"author":[{"embeddable":true,"href":"https:\/\/www.europesays.com\/fr\/wp-json\/wp\/v2\/users\/2"}],"replies":[{"embeddable":true,"href":"https:\/\/www.europesays.com\/fr\/wp-json\/wp\/v2\/comments?post=82316"}],"version-history":[{"count":0,"href":"https:\/\/www.europesays.com\/fr\/wp-json\/wp\/v2\/posts\/82316\/revisions"}],"wp:featuredmedia":[{"embeddable":true,"href":"https:\/\/www.europesays.com\/fr\/wp-json\/wp\/v2\/media\/82317"}],"wp:attachment":[{"href":"https:\/\/www.europesays.com\/fr\/wp-json\/wp\/v2\/media?parent=82316"}],"wp:term":[{"taxonomy":"category","embeddable":true,"href":"https:\/\/www.europesays.com\/fr\/wp-json\/wp\/v2\/categories?post=82316"},{"taxonomy":"post_tag","embeddable":true,"href":"https:\/\/www.europesays.com\/fr\/wp-json\/wp\/v2\/tags?post=82316"}],"curies":[{"name":"wp","href":"https:\/\/api.w.org\/{rel}","templated":true}]}}