{"id":82320,"date":"2025-05-07T16:41:12","date_gmt":"2025-05-07T16:41:12","guid":{"rendered":"https:\/\/www.europesays.com\/fr\/82320\/"},"modified":"2025-05-07T16:41:12","modified_gmt":"2025-05-07T16:41:12","slug":"a-orleans-on-nous-envie","status":"publish","type":"post","link":"https:\/\/www.europesays.com\/fr\/82320\/","title":{"rendered":"\u00ab \u00c0 Orl\u00e9ans, on nous envie \u00bb"},"content":{"rendered":"<p>            Par<br \/>\n        <strong><br \/>\n            <a href=\"https:\/\/actu.fr\/auteur\/jessie-leclerc\" title=\"Consulter tous les articles de Jessie Leclerc\" rel=\"nofollow noopener\" target=\"_blank\">Jessie Leclerc<\/a><br \/>\n        <\/strong><\/p>\n<p>        Publi\u00e9 le<\/p>\n<p>            7 mai 2025 \u00e0 17h56        <\/p>\n<p>Elles sont toujours tr\u00e8s attendues tant elles transforment <a href=\"https:\/\/actu.fr\/normandie\/rouen_76540\" rel=\"nofollow noopener\" target=\"_blank\">Rouen (Seine-Maritime)<\/a> le temps d\u2019un week-end. <strong>Les F\u00eates Jeanne d\u2019Arc reviennent du jeudi\u00a029 au samedi 31\u00a0mai 2025<\/strong>. Cette ann\u00e9e, elles se veulent encore plus grandes et tendent m\u00eame \u00e0 concurrencer leur cousine d\u2019Orl\u00e9ans. Voici le programme.<\/p>\n<p>Des animations dans sept quartiers<\/p>\n<p class=\" wall-content\">Les F\u00eates Jeanne d\u2019Arc m\u00ealent <strong>histoire et folklore m\u00e9di\u00e9val<\/strong>, avec, en prime, une touche fantastique et fantasy, plus populaire. Les animations, sur trois jours, seront r\u00e9parties sur sept quartiers de la ville. Toutes ou presque sont gratuites.<\/p>\n<ul class=\" wall-content\">\n<li><strong>Quartier des Beaux-Arts<\/strong>\u2009<strong>:<\/strong> March\u00e9 m\u00e9di\u00e9val et restauration, animations, concerts, spectacles et bal m\u00e9di\u00e9val.<\/li>\n<li><strong>Place de la Pucelle\u2009:<\/strong> D\u00e9monstrations des m\u00e9tiers d\u2019art et d\u2019artisanat du Moyen \u00c2ge (cuir, enluminure, vitrail\u2026)<\/li>\n<li><strong>Place du Vieux March\u00e9\u2009:<\/strong> Animations, concerts et spectacles ainsi que d\u2019autres d\u00e9monstrations sur les m\u00e9tiers de la monnaie, du tissage et de la forge.<\/li>\n<li><strong>Espace du Palais et rue Jeanne-d\u2019Arc\u2009:<\/strong> March\u00e9 m\u00e9di\u00e9val, animations et spectacles, d\u00e9ambulations.<\/li>\n<li><strong>Place de la Cath\u00e9drale\u2009:<\/strong> March\u00e9 et artisans, d\u2019autres d\u00e9ambulations.<\/li>\n<li><strong>Quartiers Saint-Maclou et Saint-Marc\u2009:<\/strong> D\u00e9ambulations de sorci\u00e8res, conteurs, monstres et merveilles.<\/li>\n<li><strong>Quartier Saint-Sever\u2009:<\/strong> Campement m\u00e9di\u00e9val, bal, combats et spectacle de feu, mais aussi des d\u00e9ambulations de danses et m\u00eame d\u2019elfes.<\/li>\n<\/ul>\n<p class=\" wall-content\">Le samedi 31\u00a0mai sera aussi la journ\u00e9e des c\u00e9r\u00e9monies officielles\u2009:<\/p>\n<ul class=\" wall-content\">\n<li>11\u00a0heures\u2009: Allumage de la flamme et d\u00e9p\u00f4t de la gerbe sur la Place du Vieux March\u00e9.<\/li>\n<li>16\u00a0heures\u2009: Pan\u00e9gyrique \u00e0 la Cath\u00e9drale.<\/li>\n<li>17\u00a0heures\u2009: D\u00e9fil\u00e9 des compagnies m\u00e9di\u00e9vales jusqu\u2019au Jardin Saint-Sever et jet de fleurs dans la Seine depuis le pont Boieldieu.<\/li>\n<\/ul>\n<p>Un parrain symbolique<\/p>\n<p>Cette ann\u00e9e, les F\u00eates sont parrain\u00e9es par Roseline Hamel et Nassera Kermiche. L&rsquo;une est la s\u0153ur du p\u00e8re Hamel assassin\u00e9 dans son \u00e9glise \u00e0 Saint-\u00c9tienne-du-Rouvray en 2016, l&rsquo;autre est la m\u00e8re d\u2019un des deux terroristes tu\u00e9s lors de l\u2019assaut. Celles que tout oppose se sont r\u00e9unies pour \u00e9crire un livre paru en f\u00e9vrier 2025.<\/p>\n<p>Si Nicolas Mayer-Rossignol, maire de Rouen, les a retenues pour parrainer l&rsquo;\u00e9v\u00e9nement, c&rsquo;est pour \u00ab\u00a0faire passer un message de fraternit\u00e9\u00a0\u00bb. Pour lui, \u00ab\u00a0c&rsquo;est un beau symbole, car \u00e7a traite d&rsquo;un sujet local, mais c&rsquo;est aussi, plus largement, un message universel\u00a0\u00bb.<\/p>\n<p>Vid\u00e9os : en ce moment sur ActuNos quatre immanquables<\/p>\n<p class=\" wall-content\">De cette programmation, quatre autres animations sortent du lot\u2009:<\/p>\n<ul class=\" wall-content\">\n<li><strong>Natasha Saint-Pierre donnera un concert dans la Chapelle Saint-Ouen<\/strong>, jeudi 29\u00a0mai \u00e0 20h30. Elle retracera alors la vie de Jeanne d\u2019Arc \u00e0 travers des chansons \u00e9crites sur mesure pour l\u2019occasion. Il faut compter de 10 \u00e0 30\u00a0euros la place. <a href=\"https:\/\/my.weezevent.com\/concert-natasha-st-pier-abbatiale-saint-ouen-rouen\" rel=\"nofollow noopener\" target=\"_blank\">R\u00e9servation ici<\/a>.<\/li>\n<li><strong>Deux grands bals m\u00e9di\u00e9vaux<\/strong> se tiendront sur l\u2019esplanade Marcel-Duchamp, jeudi 29 mai de 19h30 \u00e0 20h30, et sur la place des Emmur\u00e9s, vendredi 30 mai, sur la m\u00eame plage horaire. Ils sont l\u2019occasion de d\u00e9couvrir les danses du Moyen \u00c2ge aupr\u00e8s de vrais pros en la mati\u00e8re. Les costumes sont les bienvenus.<\/li>\n<li><strong>Un grand concours de d\u00e9guisements\u2009: <\/strong>En parlant de costumes, lors du d\u00e9fil\u00e9 du samedi 31\u00a0mai, de la Cath\u00e9drale vers le quartier Saint-Sever, commer\u00e7ants comme visiteurs sont invit\u00e9s \u00e0 sortir leur plus beau d\u00e9guisement. Tous pourront librement participer \u00e0 un grand concours avec des lots surprises \u00e0 la cl\u00e9. Quatre cat\u00e9gories sont annonc\u00e9es\u2009: authentique, innovation, durable et original.<\/li>\n<li><strong>Un spectacle pyrotechnique\u2009: <\/strong>vendredi 30\u00a0mai, \u00e0\u00a0la tomb\u00e9e de la nuit, \u00e0 22h30, un spectacle animera la prairie Saint-Sever. Des danseurs joueront \u00e0 travers les lumi\u00e8res et les flammes, le tout, en musique.<\/li>\n<\/ul>\n<p>D\u2019autres animations en parrall\u00e8le<\/p>\n<p class=\" wall-content\">En marge des animations m\u00e9di\u00e9vales, d\u2019autres propositions originales sont propos\u00e9es sur ces trois jours\u2009: <strong>Deux grandes expositions<\/strong> apporteront une vision plus artistique de l\u2019histoire de la pucelle au mus\u00e9e des Beaux-Arts, de 10h \u00e0 18h, avec des \u0153uvres du XIXe\u00a0si\u00e8cle, et \u00e0 l\u2019H\u00f4tel de Ville, de 8h30 \u00e0 17h, avec les \u0153uvres d\u2019Eric Peltier.<\/p>\n<p class=\" wall-content\">Les visiteurs auront aussi la possibilit\u00e9 de d\u00e9couvrir la ville sous un angle diff\u00e9rent gr\u00e2ce \u00e0 <strong>des visites guid\u00e9es, un escape game et m\u00eame un footing culturel<\/strong>, une mani\u00e8re ludique et sportive de d\u00e9couvrir Rouen tout en s\u2019impr\u00e9gnant de son histoire. Informations et r\u00e9servations sur <a href=\"https:\/\/www.visiterouen.com\/patrimoines\/histoire\/fetes-jeanne-darc\/#:~:text=Programmation%202025&amp;text=Du%2029%20au%2031%20mai%2C%20plongez%20dans%20l&#039;ambiance%20m%C3%A9di%C3%A9vale,chants%20m%C3%A9di%C3%A9vaux%20jeudi%20et%20vendredi.\" rel=\"nofollow noopener\" target=\"_blank\">visiterouen.com<\/a>.<\/p>\n<p class=\" wall-content\">L\u2019Historial Jeanne d\u2019Arc r\u00e9serve aussi son lot de surprises avec, notamment, une nouvelle <strong>visite num\u00e9rique<\/strong>. Toutes les infos sur <a href=\"https:\/\/www.historial-jeannedarc.fr\/\" rel=\"nofollow noopener\" target=\"_blank\">historial-jeannedarc.fr<\/a>.<\/p>\n<p>\u00ab\u2009\u00c0 Orl\u00e9ans, on nous envie\u2009\u00bb<\/p>\n<p class=\" wall-content\">L\u2019an pass\u00e9, environ 200\u2009000\u00a0visiteurs avaient r\u00e9pondu pr\u00e9sents selon la Ville, 203\u2009000 selon l\u2019association commer\u00e7ante des Vitrines de Rouen. Cette ann\u00e9e, commer\u00e7ants comme \u00e9lus voient les choses en plus grand. \u00ab\u2009<strong>On attend 230\u2009000\u00a0visiteurs<\/strong>, r\u00e9gionaux, nationaux et internationaux\u2009\u00bb, sourit <strong>Fabrice Antoncic<\/strong>, pr\u00e9sident des Vitrines.<\/p>\n<blockquote class=\"ac-article-quote wall-content\">\n<p>Tout est pens\u00e9 pour les petits et les grands, les jeunes et les moins jeunes. [&#8230;] Je suis all\u00e9 \u00e0 Orl\u00e9ans hier, et l\u00e0-bas on nous envie les F\u00eates Jeanne d&rsquo;Arc de Rouen.<\/p>\n<p>    <strong>Nicolas Mayer-Rossignol<\/strong><br \/>\n        Maire de Rouen    <\/p><\/blockquote>\n<p class=\" wall-content\">\u00ab\u2009Orl\u00e9ans <strong>commence \u00e0 nous jalouser<\/strong>. Ici, on est plus populaire, plus festif\u2009\u00bb, ajoute Fabrice Antoncic. Plus qu\u2019\u00e0 croiser les doigts que le soleil soit de la partie.<\/p>\n<p class=\" wall-content\"><strong>Les transports en commun seront gratuits<\/strong> sur l\u2019ensemble du r\u00e9seau Astuce du jeudi\u00a029 au samedi 31\u00a0mai 2025.<\/p>\n<p>Suivez l\u2019actualit\u00e9 de Rouen <a href=\"https:\/\/www.whatsapp.com\/channel\/0029VaKfnf99hXF2ddApFB1D\" rel=\"nofollow noopener\" target=\"_blank\">sur notre cha\u00eene WhatsApp<\/a> et <a href=\"https:\/\/www.tiktok.com\/@76actu.fr?lang=fr\" rel=\"nofollow noopener\" target=\"_blank\">sur notre compte TikTok<\/a><\/p>\n<p class=\" wall-content\">Suivez toute l\u2019actualit\u00e9 de vos villes et m\u00e9dias favoris en vous inscrivant \u00e0 <a href=\"https:\/\/moncompte.actu.fr\" title=\"D\u00e9couvez Mon Actu\" rel=\"nofollow noopener\" data-trk=\"{&quot;cta&quot;:{&quot;action&quot;:&quot;https:\\\/\\\/moncompte.actu.fr&quot;,&quot;category&quot;:&quot;mon compte&quot;,&quot;from&quot;:&quot;article footer&quot;,&quot;name&quot;:&quot;Mon actu&quot;,&quot;type&quot;:&quot;cta&quot;}}\" target=\"_blank\">Mon Actu<\/a>.<\/p>\n<p>                    <script async src=\"\/\/www.tiktok.com\/embed.js\"><\/script><\/p>\n","protected":false},"excerpt":{"rendered":"Par Jessie Leclerc Publi\u00e9 le 7 mai 2025 \u00e0 17h56 Elles sont toujours tr\u00e8s attendues tant elles transforment&hellip;\n","protected":false},"author":2,"featured_media":82321,"comment_status":"","ping_status":"","sticky":false,"template":"","format":"standard","meta":{"footnotes":""},"categories":[9587],"tags":[1111,11,9086,1777,674,652,1011,27,14168,1652,12,5161,25,9590],"class_list":{"0":"post-82320","1":"post","2":"type-post","3":"status-publish","4":"format-standard","5":"has-post-thumbnail","7":"category-rouen","8":"tag-actu","9":"tag-actualites","10":"tag-bon-plan-a-rouen","11":"tag-eu","12":"tag-europe","13":"tag-famille","14":"tag-fr","15":"tag-france","16":"tag-jeanne-darc","17":"tag-loisirs-culture","18":"tag-news","19":"tag-normandie","20":"tag-republique-francaise","21":"tag-rouen"},"share_on_mastodon":{"url":"https:\/\/pubeurope.com\/@fr\/114467548922850550","error":""},"_links":{"self":[{"href":"https:\/\/www.europesays.com\/fr\/wp-json\/wp\/v2\/posts\/82320","targetHints":{"allow":["GET"]}}],"collection":[{"href":"https:\/\/www.europesays.com\/fr\/wp-json\/wp\/v2\/posts"}],"about":[{"href":"https:\/\/www.europesays.com\/fr\/wp-json\/wp\/v2\/types\/post"}],"author":[{"embeddable":true,"href":"https:\/\/www.europesays.com\/fr\/wp-json\/wp\/v2\/users\/2"}],"replies":[{"embeddable":true,"href":"https:\/\/www.europesays.com\/fr\/wp-json\/wp\/v2\/comments?post=82320"}],"version-history":[{"count":0,"href":"https:\/\/www.europesays.com\/fr\/wp-json\/wp\/v2\/posts\/82320\/revisions"}],"wp:featuredmedia":[{"embeddable":true,"href":"https:\/\/www.europesays.com\/fr\/wp-json\/wp\/v2\/media\/82321"}],"wp:attachment":[{"href":"https:\/\/www.europesays.com\/fr\/wp-json\/wp\/v2\/media?parent=82320"}],"wp:term":[{"taxonomy":"category","embeddable":true,"href":"https:\/\/www.europesays.com\/fr\/wp-json\/wp\/v2\/categories?post=82320"},{"taxonomy":"post_tag","embeddable":true,"href":"https:\/\/www.europesays.com\/fr\/wp-json\/wp\/v2\/tags?post=82320"}],"curies":[{"name":"wp","href":"https:\/\/api.w.org\/{rel}","templated":true}]}}