{"id":82328,"date":"2025-05-07T16:45:11","date_gmt":"2025-05-07T16:45:11","guid":{"rendered":"https:\/\/www.europesays.com\/fr\/82328\/"},"modified":"2025-05-07T16:45:11","modified_gmt":"2025-05-07T16:45:11","slug":"cet-immeuble-emblematique-concu-par-maillols-a-ete-renove","status":"publish","type":"post","link":"https:\/\/www.europesays.com\/fr\/82328\/","title":{"rendered":"cet immeuble embl\u00e9matique con\u00e7u par Maillols a \u00e9t\u00e9 r\u00e9nov\u00e9"},"content":{"rendered":"<p>            Par<br \/>\n        <strong><br \/>\n            <a href=\"https:\/\/actu.fr\/auteur\/lou-batteux\" title=\"Consulter tous les articles de Lou Batteux\" target=\"_blank\" rel=\"noopener\">Lou Batteux<\/a><br \/>\n        <\/strong><\/p>\n<p>        Publi\u00e9 le<\/p>\n<p>            7 mai 2025 \u00e0 18h22        <\/p>\n<p>Ce <strong>mardi 6 mai 2025<\/strong>, <strong>Archipel habitat<\/strong>, office public de l\u2019habitat de Rennes m\u00e9tropole, a inaugur\u00e9 la r\u00e9habilitation int\u00e9rieure et ext\u00e9rieure du<strong> Grand Bleu<\/strong>, de son vrai nom la Cit\u00e9 de l\u2019\u00e9cole. Cette r\u00e9sidence con\u00e7ue en 1960 par <strong>Georges Maillols<\/strong>, architecte entre autres de la c\u00e9l\u00e8bre tour des Horizons, voit le retour de son <strong>bleu<\/strong> initial sur ses fa\u00e7ades, ses escaliers et ses balcons. Sa couleur avait \u00e9t\u00e9 perdue apr\u00e8s une premi\u00e8re r\u00e9novation importante en <strong>1985<\/strong>. Pour autant, pour les habitants, quelques difficult\u00e9s persistent.<\/p>\n<p class=\" wall-content\">Depuis <strong>2 ans<\/strong>, de vastes travaux, r\u00e9alis\u00e9s par <strong>10 entreprises<\/strong> pour un montant total de <strong>8 000 000\u20ac<\/strong>, ont \u00e9t\u00e9 entrepris pour raviver cet \u00ab\u00a0\u00e9l\u00e9ment de notre m\u00e9moire collective\u00a0\u00bb comme l\u2019atteste <strong>Honor\u00e9 Puil<\/strong>, pr\u00e9sident d\u2019Archipel habitat, mais aussi pour am\u00e9liorer le <strong>confort de vie<\/strong> des locataires.<\/p>\n<p>\u00ab\u00a0Le petit bleu Maillols\u00a0\u00bb<\/p>\n<p class=\" wall-content\">Au d\u00e9but des <strong>ann\u00e9es 1960<\/strong>, une crise du logement en France n\u00e9cessite de \u00ab\u00a0loger rapidement une population qui manque de tout\u00a0\u00bb rappelle <strong>Honor\u00e9 Puil<\/strong>. Les habitants du quartier occupaient alors des <strong>baraquements<\/strong> \u00e0 l\u2019\u00e9poque.<\/p>\n<p class=\" wall-content\">C\u2019est dans ce contexte que le c\u00e9l\u00e8bre architecte rennais <strong>Georges Maillols<\/strong> imagine la Cit\u00e9 de l\u2019\u00e9cole avec son \u00ab\u00a0petit bleu Maillols\u00a0\u00bb comme le souligne, amus\u00e9e, <strong>sa femme<\/strong>. Cette derni\u00e8re, pr\u00e9sente \u00e0 l\u2019inauguration, a pu admirer l\u2019ampleur des travaux sur une des premi\u00e8res r\u00e9alisations de son mari : \u00ab\u00a0C\u2019est magnifique\u00a0\u00bb, s\u2019enthousiasme-t-elle.<\/p>\n<p>\u00ab\u00a0Une r\u00e9habilitation ambitieuse, durable et moderne\u00a0\u00bb<\/p>\n<p class=\" wall-content\">\u00ab\u00a0Maillols a marqu\u00e9 de son empreinte <strong>l\u2019architecture rennaise<\/strong>, et pas seulement esth\u00e9tiquement\u00a0\u00bb rappelle <strong>Nathalie App\u00e9r\u00e9<\/strong>, la maire de Rennes. En effet, il a aussi t\u00e2ch\u00e9 de penser aux <strong>besoins des habitants<\/strong> ; un objectif qu\u2019ont cherch\u00e9 \u00e0 poursuivre les architectes de la r\u00e9novation. Chaque logement a \u00e9t\u00e9 r\u00e9habilit\u00e9 \u00ab\u00a0dans un souci de confort\u00a0\u00bb explique <strong>Antoine Rousseau<\/strong>, directeur g\u00e9n\u00e9ral d\u2019Archipel habitat.<\/p>\n<p class=\" wall-content\">Les travaux de la r\u00e9sidence ont \u00e9galement concern\u00e9 le remplacement des menuiseries et des sanitaires, la cr\u00e9ation d\u2019une ventilation m\u00e9canique, une isolation phonique et thermique, la r\u00e9novation des sols et des murs ainsi que la s\u00e9curisation \u00e9lectrique des logements.<\/p>\n<p>      <img   decoding=\"async\" loading=\"lazy\" src=\"https:\/\/www.europesays.com\/fr\/wp-content\/uploads\/2025\/05\/maire-de-rennes-devant-le-grand-bleu-960x640.jpeg\" alt=\"Nathalie App\u00e9r\u00e9, maire de Rennes, \u00e9tait pr\u00e9sente \u00e0 l'inauguration du Grand Bleu le 6 mai 2025 et a f\u00e9licit\u00e9 le r\u00e9sultat des travaux.\" width=\"960\" height=\"640\"\/><br \/>\n    Nathalie App\u00e9r\u00e9, maire de Rennes, \u00e9tait pr\u00e9sente \u00e0 l\u2019inauguration du Grand Bleu ce mardi 6 mai 2025 et a f\u00e9licit\u00e9 le r\u00e9sultat des travaux. (\u00a9 Lou Batteux \/ actu Rennes)<\/p>\n<p class=\" wall-content\">Nous avons pu visiter l\u2019appartement T2 de <strong>Monsieur Foustel<\/strong> dont la salle de bain, la cuisine et le balcon ont \u00e9t\u00e9 refaits presqu\u2019enti\u00e8rement. Comme ses voisins, il a d\u00fb se montrer <strong>patient<\/strong> pendant la dur\u00e9e des travaux, car le site est rest\u00e9 <strong>occup\u00e9<\/strong>.<\/p>\n<p>Des habitants toujours confront\u00e9s \u00e0 certaines difficult\u00e9s<\/p>\n<p class=\" wall-content\">Si la municipalit\u00e9 de Rennes f\u00e9licite la r\u00e9ussite de la r\u00e9novation du Grand Bleu qui \u00ab\u00a0poursuit son histoire plus accueillante et plus solidaire\u00a0\u00bb selon les propos d\u2019<strong>Honor\u00e9 Puil<\/strong>,<\/p>\n<p class=\" wall-content\">Nathalie App\u00e9r\u00e9 rappelle tout de m\u00eame qu\u2019 \u00ab\u00a0il faut rester lucide sur les <strong>difficult\u00e9s du quartier<\/strong>\u00ab\u00a0. En effet, les habitants, plus ou moins pr\u00e9sents \u00e0 l\u2019inauguration, se disent contents des r\u00e9novations dans leurs logements, mais restent <strong>agac\u00e9s<\/strong> par le manque de savoir-vivre de certains locataires qui \u00ab\u00a0fument et crachent dans les ascenseurs\u00a0\u00bb ou qui jettent leurs d\u00e9chets par la fen\u00eatre.<\/p>\n<p class=\" wall-content\">Ils se plaignent aussi et surtout de la pr\u00e9sence de <strong>dealers<\/strong> au sein de la r\u00e9sidence. \u00ab\u00a0Vous passez le soir, vous les voyez\u00a0\u00bb affirme un des locataires qui sait les reconna\u00eetre de vu tant leur <strong>trafic<\/strong> est devenu habituel.<\/p>\n<p class=\" wall-content\">Suivez toute l\u2019actualit\u00e9 de vos villes et m\u00e9dias favoris en vous inscrivant \u00e0 <a href=\"https:\/\/moncompte.actu.fr\" title=\"D\u00e9couvez Mon Actu\" rel=\"nofollow noopener\" data-trk=\"{&quot;cta&quot;:{&quot;action&quot;:&quot;https:\\\/\\\/moncompte.actu.fr&quot;,&quot;category&quot;:&quot;mon compte&quot;,&quot;from&quot;:&quot;article footer&quot;,&quot;name&quot;:&quot;Mon actu&quot;,&quot;type&quot;:&quot;cta&quot;}}\" target=\"_blank\">Mon Actu<\/a>.<\/p>\n","protected":false},"excerpt":{"rendered":"Par Lou Batteux Publi\u00e9 le 7 mai 2025 \u00e0 18h22 Ce mardi 6 mai 2025, Archipel habitat, office&hellip;\n","protected":false},"author":2,"featured_media":82329,"comment_status":"","ping_status":"","sticky":false,"template":"","format":"standard","meta":{"footnotes":""},"categories":[2821],"tags":[1111,11,829,1777,674,1011,27,1908,6459,12,584,5765,25,104],"class_list":{"0":"post-82328","1":"post","2":"type-post","3":"status-publish","4":"format-standard","5":"has-post-thumbnail","7":"category-rennes","8":"tag-actu","9":"tag-actualites","10":"tag-bretagne","11":"tag-eu","12":"tag-europe","13":"tag-fr","14":"tag-france","15":"tag-logement","16":"tag-logements-sociaux","17":"tag-news","18":"tag-rennes","19":"tag-renovation-urbaine","20":"tag-republique-francaise","21":"tag-societe"},"share_on_mastodon":{"url":"https:\/\/pubeurope.com\/@fr\/114467564689536086","error":""},"_links":{"self":[{"href":"https:\/\/www.europesays.com\/fr\/wp-json\/wp\/v2\/posts\/82328","targetHints":{"allow":["GET"]}}],"collection":[{"href":"https:\/\/www.europesays.com\/fr\/wp-json\/wp\/v2\/posts"}],"about":[{"href":"https:\/\/www.europesays.com\/fr\/wp-json\/wp\/v2\/types\/post"}],"author":[{"embeddable":true,"href":"https:\/\/www.europesays.com\/fr\/wp-json\/wp\/v2\/users\/2"}],"replies":[{"embeddable":true,"href":"https:\/\/www.europesays.com\/fr\/wp-json\/wp\/v2\/comments?post=82328"}],"version-history":[{"count":0,"href":"https:\/\/www.europesays.com\/fr\/wp-json\/wp\/v2\/posts\/82328\/revisions"}],"wp:featuredmedia":[{"embeddable":true,"href":"https:\/\/www.europesays.com\/fr\/wp-json\/wp\/v2\/media\/82329"}],"wp:attachment":[{"href":"https:\/\/www.europesays.com\/fr\/wp-json\/wp\/v2\/media?parent=82328"}],"wp:term":[{"taxonomy":"category","embeddable":true,"href":"https:\/\/www.europesays.com\/fr\/wp-json\/wp\/v2\/categories?post=82328"},{"taxonomy":"post_tag","embeddable":true,"href":"https:\/\/www.europesays.com\/fr\/wp-json\/wp\/v2\/tags?post=82328"}],"curies":[{"name":"wp","href":"https:\/\/api.w.org\/{rel}","templated":true}]}}