{"id":82332,"date":"2025-05-07T16:47:21","date_gmt":"2025-05-07T16:47:21","guid":{"rendered":"https:\/\/www.europesays.com\/fr\/82332\/"},"modified":"2025-05-07T16:47:21","modified_gmt":"2025-05-07T16:47:21","slug":"le-racing-rejoint-par-reims-1-1","status":"publish","type":"post","link":"https:\/\/www.europesays.com\/fr\/82332\/","title":{"rendered":"le Racing rejoint par Reims (1-1) !"},"content":{"rendered":"<p>&#13;<br \/>\n                &#13;<\/p>\n<li id=\"5085aee4-c9c3-4525-bbd6-18b7ae51715c\" class=\"instant Intermediate MediumBlue hasTeam\" data-team-name=\"Racing Club de Strasbourg Alsace\">&#13;<br \/>\n&#13;<\/p>\n<p class=\"instantHeadline Default \">83e<\/p>\n<p>&#13;<br \/>\n    &#13;<br \/>\n            Manon Wahl maintient l&rsquo;espoir&#13;<br \/>\n    &#13;<br \/>\n    &#13;<\/p>\n<p>La gardienne strasbourgeoise sort le grand jeu, \u00e0 bout portant, devant Melissa Gomes, servie en retrait par L\u00e9a Bourgain qui s&rsquo;est \u00e9chapp\u00e9e c\u00f4t\u00e9 gauche.<\/p>\n<p>\t    &#13;\n            <\/li>\n<p>&#13;<\/p>\n<li class=\"instant related-instant\">&#13;<br \/>\n                 &#13;\n            <\/li>\n<p>&#13;<br \/>\n                    &#13;<\/p>\n<li id=\"a0f15006-89e7-478d-b6b5-8e3d142c3c74\" class=\"instant Basic Red hasTeam\" data-team-name=\"Stade de Reims\">&#13;<br \/>\n&#13;<br \/>\n            &#13;<br \/>\n    &#13;<\/p>\n<p>Morgan White et L\u00e9a Bourgain entrent \u00e0 la place de Jade Nassi, visiblement en panne s\u00e8che, et Ana\u00eble Le Moguedec, qui a provoqu\u00e9 l&rsquo;expulsion d&rsquo;Elise Bonet.<\/p>\n<p>&#13;<br \/>\n    &#13;\n    <\/li>\n<p>&#13;<br \/>\n                    &#13;<\/p>\n<li id=\"4bf5ebaf-c2e4-495e-8433-5a16fecfc9c9\" class=\"instant Basic Red hasTeam\" data-team-name=\"Stade de Reims\">&#13;<br \/>\n&#13;<\/p>\n<p class=\"instantHeadline Default \">80e<\/p>\n<p>&#13;<br \/>\n    &#13;<\/p>\n<p>Pourtant en surnombre, Reims fatigue. Des crampes pour Jade Nassi.<\/p>\n<p>&#13;<br \/>\n    &#13;\n    <\/li>\n<p>&#13;<br \/>\n                    &#13;<\/p>\n<li id=\"407fe0cf-d80e-422c-8625-ec0b1ae31a21\" class=\"instant Basic MediumBlue hasTeam\" data-team-name=\"Racing Club de Strasbourg Alsace\">&#13;<br \/>\n&#13;<br \/>\n            &#13;<br \/>\n    &#13;<\/p>\n<p>Cette fois, c&rsquo;est du quitte ou double. Vincent Nogueira doit prendre des risques. Le Racing passe \u00e0 une d\u00e9fense \u00e0 trois.<\/p>\n<p>&#13;<br \/>\n    &#13;\n    <\/li>\n<p>&#13;<br \/>\n                    &#13;<\/p>\n<li id=\"bf31b9a0-d4db-4f58-bc1f-df37a6a25d2b\" class=\"instant Basic MediumBlue hasTeam\" data-team-name=\"Racing Club de Strasbourg Alsace\">&#13;<br \/>\n&#13;<\/p>\n<p class=\"instantHeadline FootballSubstitution icon\">78e<\/p>\n<p>&#13;<br \/>\n    &#13;<\/p>\n<p>Kenza Chapelle remplace Eve P\u00e9risset, Lorena Azzaro prend le relais de M\u00e9gane Hoeltzel.<\/p>\n<p>&#13;<br \/>\n    &#13;\n    <\/li>\n<p>&#13;<br \/>\n                    &#13;<\/p>\n<li id=\"e3d8f503-6a8c-4d83-ac15-f7a8dbcbf80e\" class=\"instant Basic MediumBlue hasTeam\" data-team-name=\"Racing Club de Strasbourg Alsace\">&#13;<br \/>\n&#13;<\/p>\n<p class=\"instantHeadline FootballYellowCard icon\">72e<\/p>\n<p>&#13;<br \/>\n    &#13;<\/p>\n<p>Faute de frustration pour Fanny Hoarau.<\/p>\n<p>&#13;<br \/>\n    &#13;\n    <\/li>\n<p>&#13;<br \/>\n                    &#13;<\/p>\n<li id=\"6ede571f-293c-40b6-86a2-f07adcd83c2b\" class=\"instant Highlight Red hasTeam\" data-team-name=\"Stade de Reims\">&#13;<br \/>\n&#13;<\/p>\n<p class=\"instantHeadline  icon\">72e<\/p>\n<p>&#13;<br \/>\n    &#13;<br \/>\n            M\u00e9lissa Gomes \u00e9galise !&#13;<br \/>\n    &#13;<br \/>\n    &#13;<\/p>\n<p>Le terrible coup du sort. Encore soign\u00e9e, P\u00e9risset n&rsquo;est pas revenue. Le Racing jouait \u00e0 neuf. Sur coup franc, les Strasbourgeoises se sont jet\u00e9es dans deux frappes. Le ballon est parvenue sur la droite de la surface \u00e0 M\u00e9lissa Gomes, dont la mine, tout juste d\u00e9vi\u00e9e par Sierra Ann Enge, n&rsquo;a laiss\u00e9 aucune chance \u00e0 Manon Wahl.<\/p>\n<p>\t    &#13;<br \/>\n            &#13;<\/p>\n<p>            &#13;<br \/>\n    &#13;<br \/>\n    &#13;<br \/>\n    <a href=\"https:\/\/cdn-s-www.dna.fr\/images\/858a9a5f-3c20-4c45-8026-5ca7a143227b\/NW_raw\/scenario-cauchemar-pour-le-racing-photo-thomas-toussaint-1746635935.jpg\" title=\"Sc\u00e9nario cauchemar pour le Racing. Photo Thomas Toussaint\" class=\"chocolat-image GA-tracking\" data-ga_type=\"click\" data-ga_category=\"D\u00e9tail\" data-ga_action=\"zoomer\" data-ga_label=\"aggrandir image\" target=\"_blank\" rel=\"noopener\">&#13;<br \/>\n        <img src=\"https:\/\/www.europesays.com\/fr\/wp-content\/uploads\/2025\/05\/scenario-cauchemar-pour-le-racing-photo-thomas-toussaint-1746635935.jpg\"   alt=\"Sc\u00e9nario cauchemar pour le Racing. Photo Thomas Toussaint\" fetchpriority=\"high\" decoding=\"async\" data-mobile=\"NW_listA_M|1746635935\" data-base=\"NW_listA|1746635935\"\/>&#13;<br \/>\n    <\/a>&#13;<br \/>\n    Sc\u00e9nario cauchemar pour le Racing. Photo Thomas Toussaint<br \/>\n    \t    &#13;\n            <\/li>\n<p>&#13;<br \/>\n                    &#13;<\/p>\n<li id=\"edb711bf-e3ba-49ec-b75d-b936533786f9\" class=\"instant Basic MediumBlue hasTeam\" data-team-name=\"Racing Club de Strasbourg Alsace\">&#13;<br \/>\n&#13;<\/p>\n<p class=\"instantHeadline Default \">71e<\/p>\n<p>&#13;<br \/>\n    &#13;<\/p>\n<p>P\u00e9risset soign\u00e9e \u00e0 son tour<\/p>\n<p>&#13;<br \/>\n    &#13;\n    <\/li>\n<p>&#13;<br \/>\n                    &#13;<\/p>\n<li id=\"52b16329-f596-41c5-bcde-c10370c37d08\" class=\"instant Basic  \">&#13;<br \/>\n&#13;<br \/>\n            &#13;<br \/>\n    &#13;<\/p>\n<p>Apr\u00e8s les soins de chaque c\u00f4t\u00e9, \u00e7a repart pour tout le monde.<\/p>\n<p>&#13;<br \/>\n    &#13;\n    <\/li>\n<p>&#13;<br \/>\n                    &#13;<\/p>\n<li id=\"fcc70c8b-a2c2-4934-8c4e-58d7720f5712\" class=\"instant Intermediate  \">&#13;<br \/>\n&#13;<\/p>\n<p class=\"instantHeadline Default \">67e<\/p>\n<p>&#13;<br \/>\n    &#13;<br \/>\n            Le gros choc !&#13;<br \/>\n    &#13;<br \/>\n    &#13;<\/p>\n<p>Entre Amanda Chaney et Ana\u00eble Le Moguedec. Genou contre genou. Au milieu du terrain, les deux joueuses arrivent en m\u00eame temps sur le ballon, c&rsquo;est pourquoi, Emeline Rochebili\u00e8re ne siffle pas de faute.<\/p>\n<p>\t    &#13;\n            <\/li>\n<p>&#13;<br \/>\n                    &#13;<\/p>\n<li id=\"fe0a0c2f-77d2-4d0b-9a27-2970a119dc42\" class=\"instant Basic MediumBlue hasTeam\" data-team-name=\"Racing Club de Strasbourg Alsace\">&#13;<br \/>\n&#13;<\/p>\n<p class=\"instantHeadline FootballSubstitution icon\">65e<\/p>\n<p>&#13;<br \/>\n    &#13;<\/p>\n<p>Morgane Duporge remplace Maeline Mendy. Une option plus d\u00e9fensive. Vincent Nogueira ne va pas non plus jouer avec le feu.<\/p>\n<p>&#13;<br \/>\n    &#13;\n    <\/li>\n<p>&#13;<br \/>\n                    &#13;<\/p>\n<li id=\"2068085c-07f4-4931-80c0-615e7d8e95fd\" class=\"instant Basic Red hasTeam\" data-team-name=\"Stade de Reims\">&#13;<br \/>\n&#13;<\/p>\n<p class=\"instantHeadline Default \">64e<\/p>\n<p>&#13;<br \/>\n    &#13;<\/p>\n<p>Le Moguedec d\u00e9borde Fanny Hoarau, mais le centre est sans danger.<\/p>\n<p>&#13;<br \/>\n    &#13;\n    <\/li>\n<p>&#13;<br \/>\n                    &#13;<\/p>\n<li id=\"b7892d9e-f732-4901-a196-37faea32e5b9\" class=\"instant Basic MediumBlue hasTeam\" data-team-name=\"Racing Club de Strasbourg Alsace\">&#13;<br \/>\n&#13;<br \/>\n            &#13;<br \/>\n    &#13;<\/p>\n<p>Il sera d\u00e9sormais beaucoup plus compliqu\u00e9 d&rsquo;aggraver le score et d&rsquo;\u00e9viter une fin de match angoissante&#8230;<\/p>\n<p>&#13;<br \/>\n    &#13;\n    <\/li>\n<p>&#13;<br \/>\n                    &#13;<\/p>\n<li id=\"6697e77d-1c25-4d5c-be94-759c7263eb72\" class=\"instant Basic MediumBlue hasTeam\" data-team-name=\"Racing Club de Strasbourg Alsace\">&#13;<br \/>\n&#13;<br \/>\n            &#13;<br \/>\n    &#13;<\/p>\n<p>Sans Bonet, le Racing est pass\u00e9 de cinq \u00e0 quatre en d\u00e9fense.<\/p>\n<p>&#13;<br \/>\n    &#13;\n    <\/li>\n<p>&#13;<br \/>\n                    &#13;<\/p>\n<li id=\"25c90e2e-d7a4-470b-ad7b-ae048437bed1\" class=\"instant Basic Red hasTeam\" data-team-name=\"Stade de Reims\">&#13;<br \/>\n&#13;<br \/>\n            &#13;<br \/>\n    &#13;<\/p>\n<p>Au pr\u00e9alable, Melissa Gomez et Julie Swierot \u00e9taient entr\u00e9es, \u00e0 la place de Monique Ngock et Hawa Sangare.<\/p>\n<p>&#13;<br \/>\n    &#13;\n    <\/li>\n<p>&#13;<br \/>\n                    &#13;<\/p>\n<li id=\"aee0b826-f52c-4c74-90e7-c2bbdfb70b29\" class=\"instant Intermediate Red hasTeam\" data-team-name=\"Stade de Reims\">&#13;<br \/>\n&#13;<\/p>\n<p class=\"instantHeadline Default \">59e<\/p>\n<p>&#13;<br \/>\n    &#13;<br \/>\n            Manon Wahl en deux temps&#13;<br \/>\n    &#13;<br \/>\n    &#13;<\/p>\n<p>Sur un ballon a\u00e9rien box\u00e9, puis sur la reprise instantan\u00e9e de Ndzana Fegue, avec autorit\u00e9.<\/p>\n<p>\t    &#13;<br \/>\n            &#13;<\/p>\n<p>            &#13;<br \/>\n    &#13;<br \/>\n    &#13;<br \/>\n    <a href=\"https:\/\/cdn-s-www.dna.fr\/images\/3a04f555-a8d4-47d2-9fd0-31c7977f2846\/NW_raw\/manon-quot-the-wall-quot-wahl-photo-thomas-toussaint-1746634925.jpg\" title=\"Manon &quot;The Wall&quot; Wahl. Photo Thomas Toussaint\" class=\"chocolat-image GA-tracking\" data-ga_type=\"click\" data-ga_category=\"D\u00e9tail\" data-ga_action=\"zoomer\" data-ga_label=\"aggrandir image\" target=\"_blank\" rel=\"noopener\">&#13;<br \/>\n        <img src=\"https:\/\/www.europesays.com\/fr\/wp-content\/uploads\/2025\/05\/manon-quot-the-wall-quot-wahl-photo-thomas-toussaint-1746634925.jpg\"   alt=\"Manon &quot;The Wall&quot; Wahl. Photo Thomas Toussaint\" fetchpriority=\"high\" decoding=\"async\" data-mobile=\"NW_listA_M|1746634925\" data-base=\"NW_listA|1746634925\"\/>&#13;<br \/>\n    <\/a>&#13;<br \/>\n    Manon \u00ab\u00a0The Wall\u00a0\u00bb Wahl. Photo Thomas Toussaint<br \/>\n    \t    &#13;\n            <\/li>\n<p>&#13;<br \/>\n                    &#13;<\/p>\n<li id=\"c0876ab9-3efd-484d-a9a1-70d194a899ac\" class=\"instant Intermediate MediumBlue hasTeam\" data-team-name=\"Racing Club de Strasbourg Alsace\">&#13;<br \/>\n&#13;<br \/>\n            &#13;<br \/>\n    &#13;<br \/>\n            Que \u00e7a va \u00eatre long&#13;<br \/>\n    &#13;<br \/>\n    &#13;<\/p>\n<p>Il va falloir tenir en inf\u00e9riorit\u00e9 num\u00e9rique pendant 35 minutes, le temps additionnel en plus\u00a0!<\/p>\n<p>\t    &#13;\n            <\/li>\n<p>&#13;<br \/>\n                    &#13;<\/p>\n<li id=\"3e33c4b1-c5d5-45e1-9685-49a9f1719195\" class=\"instant Highlight MediumBlue hasTeam\" data-team-name=\"Racing Club de Strasbourg Alsace\">&#13;<br \/>\n&#13;<\/p>\n<p class=\"instantHeadline  icon\">55e<\/p>\n<p>&#13;<br \/>\n    &#13;<br \/>\n            La catastrophe ! Le Racing va finir \u00e0 dix.&#13;<br \/>\n    &#13;<br \/>\n    &#13;<\/p>\n<p>D\u00e9j\u00e0 avertie, Elise Bonet \u00e9cope d&rsquo;un deuxi\u00e8me carton jaune apr\u00e8s avoir retenu par le bras Ana\u00eble Le Moguedec qui filait le long de la ligne de touche.<\/p>\n<p>\t    &#13;<br \/>\n            &#13;<\/p>\n<p>            &#13;<br \/>\n    &#13;<br \/>\n    &#13;<br \/>\n    <a href=\"https:\/\/cdn-s-www.dna.fr\/images\/93d867b4-a1dd-4468-8f07-7287f11b1d16\/NW_raw\/elise-bonet-depitee-doit-quitter-ses-coequipieres-apres-son-deuxieme-carton-jaune-le-racing-va-finir-la-rencontre-en-inferiorite-numerique-photo-thomas-toussaint-1746634821.jpg\" title=\"Elise Bonet, d\u00e9pit\u00e9e, doit quitter ses co\u00e9quipi\u00e8res apr\u00e8s son deuxi\u00e8me carton jaune. Le Racing va finir la rencontre en inf\u00e9riorit\u00e9 num\u00e9rique. Photo Thomas Toussaint\" class=\"chocolat-image GA-tracking\" data-ga_type=\"click\" data-ga_category=\"D\u00e9tail\" data-ga_action=\"zoomer\" data-ga_label=\"aggrandir image\" target=\"_blank\" rel=\"noopener\">&#13;<br \/>\n        <img src=\"https:\/\/www.europesays.com\/fr\/wp-content\/uploads\/2025\/05\/elise-bonet-depitee-doit-quitter-ses-coequipieres-apres-son-deuxieme-carton-jaune-le-racing-va-finir.jpeg\"   alt=\"Elise Bonet, d\u00e9pit\u00e9e, doit quitter ses co\u00e9quipi\u00e8res apr\u00e8s son deuxi\u00e8me carton jaune. Le Racing va finir la rencontre en inf\u00e9riorit\u00e9 num\u00e9rique. Photo Thomas Toussaint\" fetchpriority=\"high\" decoding=\"async\" data-mobile=\"NW_listA_M|1746634821\" data-base=\"NW_listA|1746634821\"\/>&#13;<br \/>\n    <\/a>&#13;<br \/>\n    Elise Bonet, d\u00e9pit\u00e9e, doit quitter ses co\u00e9quipi\u00e8res apr\u00e8s son deuxi\u00e8me carton jaune. Le Racing va finir la rencontre en inf\u00e9riorit\u00e9 num\u00e9rique. Photo Thomas Toussaint<br \/>\n    \t    &#13;\n            <\/li>\n<p>&#13;<br \/>\n                    &#13;<\/p>\n<li id=\"07183a90-6b23-47a2-8696-d62b7b3b475b\" class=\"instant Basic Red hasTeam\" data-team-name=\"Stade de Reims\">&#13;<br \/>\n&#13;<\/p>\n<p class=\"instantHeadline FootballSubstitution icon\">52e<\/p>\n<p>&#13;<br \/>\n    &#13;<\/p>\n<p>Colette Ndzana Fegue remplace Lucie Calba. Premiers ajustements c\u00f4t\u00e9 r\u00e9mois, dans l&rsquo;espoir d&rsquo;inverser la tendance.<\/p>\n<p>&#13;<br \/>\n    &#13;\n    <\/li>\n<p>&#13;<br \/>\n                    &#13;<\/p>\n<li id=\"325163a3-e9ac-4a34-a84c-b86ea62d4448\" class=\"instant Highlight MediumBlue hasTeam\" data-team-name=\"Racing Club de Strasbourg Alsace\">&#13;<br \/>\n&#13;<\/p>\n<p class=\"instantHeadline  \">51e<\/p>\n<p>&#13;<br \/>\n    &#13;<br \/>\n            Manon Heil sauve les R\u00e9moises&#13;<br \/>\n    &#13;<br \/>\n    &#13;<\/p>\n<p>Joseph trouve la faille, servant Mendy en cassant les lignes. Cette derni\u00e8re se pr\u00e9sente seule face \u00e0 Heil, mais perd son duel. LA tr\u00e8s grosse occasion de faire le break.<\/p>\n<p>\t    &#13;<br \/>\n            &#13;<\/p>\n<p>            &#13;<br \/>\n    &#13;<br \/>\n    &#13;<br \/>\n    <a href=\"https:\/\/cdn-s-www.dna.fr\/images\/e47ab0ef-3c2f-43bb-a66b-5284b59f23d3\/NW_raw\/manon-heil-s-est-interposee-devant-maeline-mendy-le-racing-etait-tout-pres-de-faire-le-break-photo-thomas-toussaint-1746634517.jpg\" title=\"Manon Heil s&#039;est interpos\u00e9e devant Maeline Mendy. Le Racing \u00e9tait tout pr\u00e8s de faire le break. Photo Thomas Toussaint\" class=\"chocolat-image GA-tracking\" data-ga_type=\"click\" data-ga_category=\"D\u00e9tail\" data-ga_action=\"zoomer\" data-ga_label=\"aggrandir image\" target=\"_blank\" rel=\"noopener\">&#13;<br \/>\n        <img src=\"https:\/\/www.europesays.com\/fr\/wp-content\/uploads\/2025\/05\/manon-heil-s-est-interposee-devant-maeline-mendy-le-racing-etait-tout-pres-de-faire-le-break-photo-t.jpeg\"   alt=\"Manon Heil s'est interpos\u00e9e devant Maeline Mendy. Le Racing \u00e9tait tout pr\u00e8s de faire le break. Photo Thomas Toussaint\" fetchpriority=\"high\" decoding=\"async\" data-mobile=\"NW_listA_M|1746634517\" data-base=\"NW_listA|1746634517\"\/>&#13;<br \/>\n    <\/a>&#13;<br \/>\n    Manon Heil s&rsquo;est interpos\u00e9e devant Maeline Mendy. Le Racing \u00e9tait tout pr\u00e8s de faire le break. Photo Thomas Toussaint<br \/>\n    \t    &#13;\n            <\/li>\n<p>&#13;<br \/>\n                    &#13;<\/p>\n<li id=\"24f9f98e-e1cd-4d39-a587-86d5aa0db5c0\" class=\"instant Intermediate MediumBlue hasTeam\" data-team-name=\"Racing Club de Strasbourg Alsace\">&#13;<br \/>\n&#13;<\/p>\n<p class=\"instantHeadline Default \">50e<\/p>\n<p>&#13;<br \/>\n    &#13;<br \/>\n            Liana Joseph au-dessus&#13;<br \/>\n    &#13;<br \/>\n    &#13;<\/p>\n<p>Il y avait sans doute mieux \u00e0 faire. D\u00e9cal\u00e9e \u00e0 gauche, le centre de Fanny Hoarau\u00a0 a cr\u00e9\u00e9 le danger devant la cage de Heil. Ne parvenant pas \u00e0 reprendre d&#8217;embl\u00e9e, Joseph r\u00e9cup\u00e8re le ballon, et tire en pivot. Au-dessus.<\/p>\n<p>\t    &#13;\n            <\/li>\n<p>&#13;<br \/>\n                    &#13;<\/p>\n<li id=\"4d446f69-54b0-4663-b7a8-899492ea2f2b\" class=\"instant Intermediate MediumBlue hasTeam\" data-team-name=\"Racing Club de Strasbourg Alsace\">&#13;<br \/>\n&#13;<\/p>\n<p class=\"instantHeadline Default \">48e<\/p>\n<p>&#13;<br \/>\n    &#13;<br \/>\n            Laurine Hannequin contr\u00e9e&#13;<br \/>\n    &#13;<br \/>\n    &#13;<\/p>\n<p>Sa frappe fait suite \u00e0 un centre en retrait, \u00e0 ras de terre, d&rsquo;Eve Perisset, servie sur la droite de la surface par Liana Joseph.<\/p>\n<p>\t    &#13;\n            <\/li>\n<p>&#13;<br \/>\n                    &#13;<\/p>\n<li id=\"5a804a00-1b0e-4b47-98d4-dc6729205bda\" class=\"instant Summary  \">&#13;<br \/>\n&#13;<br \/>\n            &#13;<br \/>\n    &#13;<br \/>\n            C&rsquo;est reparti. Dans 45 minutes, on saura&#8230;&#13;<br \/>\n    &#13;\n    <\/li>\n<p>&#13;<br \/>\n                    &#13;<\/p>\n<li id=\"ba95f5f3-0d2c-4a95-98c5-73691c034674\" class=\"instant Intermediate MediumBlue hasTeam\" data-team-name=\"Racing Club de Strasbourg Alsace\">&#13;<br \/>\n&#13;<br \/>\n            &#13;<br \/>\n    &#13;<br \/>\n            Ne pas s&rsquo;arr\u00eater l\u00e0&#13;<br \/>\n    &#13;<br \/>\n    &#13;<\/p>\n<p>Les Strasbourgeoises le savent. Elles ne peuvent se contenter de ce petit but d&rsquo;avance, au risque de convoquer, en fin de match les fant\u00f4mes du pass\u00e9. Un pass\u00e9 m\u00eame tr\u00e8s r\u00e9cent. <a href=\"https:\/\/www.dna.fr\/encadres\/2025\/04\/23\/tous-a-la-meinau-le-7-mai-ikop\" target=\"_blank\" rel=\"noopener\">Lors de la pr\u00e9c\u00e9dente journ\u00e9e, elles ont tenu ce 1-0, \u00e0 Saint-Etienne, jusqu&rsquo;\u00e0 80 secondes de la fin<\/a>. Elles ont connu pareille m\u00e9saventure plusieurs fois cette saison. Sans quoi, elles seraient sauv\u00e9es depuis un moment d\u00e9j\u00e0.<\/p>\n<p>Bref, pour ne pas trembler et ne pas laisser esp\u00e9rer les R\u00e9moises, elles devront enfoncer le clou en seconde p\u00e9riode. Et en ont largement les moyens.<\/p>\n<p>\t    &#13;\n            <\/li>\n<p>&#13;<br \/>\n                    &#13;<\/p>\n<li id=\"fde8ec39-75b8-48c9-8f2f-b078f039e89f\" class=\"instant Basic MediumBlue hasTeam\" data-team-name=\"Racing Club de Strasbourg Alsace\">&#13;<br \/>\n&#13;<br \/>\n            &#13;<br \/>\n    &#13;<\/p>\n<p>Jusqu&rsquo;ici, un peu par superstition, on s&rsquo;\u00e9tait gard\u00e9 de l&rsquo;\u00e9crire. Mais \u00e0 mi-parcours, le factuel s&rsquo;impose. Menant 1-0, le Racing passe devant Reims et lui laisse la place de premier rel\u00e9gable, Guingamp \u00e9tant condamn\u00e9 \u00e0 la Division 2 depuis sa d\u00e9faite (6-0) ici \u00e0 la Meinau.<\/p>\n<p>&#13;<br \/>\n    &#13;\n    <\/li>\n<p>&#13;<br \/>\n                    &#13;<\/p>\n<li id=\"9144d266-8145-4921-abc3-b427ac00b444\" class=\"instant Intermediate  \">&#13;<br \/>\n&#13;<br \/>\n            &#13;<br \/>\n    &#13;<br \/>\n            A la mi-temps, le Racing&#8230; reste en Division 1&#13;<br \/>\n    &#13;\n    <\/li>\n<p>&#13;<br \/>\n                    &#13;<\/p>\n<li id=\"710f5469-eb86-498a-b6fa-35dee0ba340b\" class=\"instant Intermediate Red hasTeam\" data-team-name=\"Stade de Reims\">&#13;<br \/>\n&#13;<\/p>\n<p class=\"instantHeadline Default \">45e+1<\/p>\n<p>&#13;<br \/>\n    &#13;<br \/>\n            Amanda Chaney s&rsquo;en sort bien&#13;<br \/>\n    &#13;<br \/>\n    &#13;<\/p>\n<p>Son contr\u00f4le trop long aurait pu occasionner un contre, en surnombre, des R\u00e9moises. La capitaine se montre plus prompte et se reprend bien.<\/p>\n<p>\t    &#13;\n            <\/li>\n<p>&#13;<br \/>\n                    &#13;<\/p>\n<li id=\"ea908657-d338-4a80-951d-8fd536aeec4a\" class=\"instant Intermediate  \">&#13;<br \/>\n&#13;<br \/>\n            &#13;<br \/>\n    &#13;<br \/>\n            Trois minutes de temps additionnel&#13;<br \/>\n    &#13;\n    <\/li>\n<p>&#13;<br \/>\n                    &#13;<\/p>\n<li id=\"89b8e29f-daf5-4d1a-a815-101637ccbb46\" class=\"instant Intermediate MediumBlue hasTeam\" data-team-name=\"Racing Club de Strasbourg Alsace\">&#13;<br \/>\n&#13;<\/p>\n<p class=\"instantHeadline Default \">45e<\/p>\n<p>&#13;<br \/>\n    &#13;<br \/>\n            Hannequin contr\u00e9e&#13;<br \/>\n    &#13;<br \/>\n    &#13;<\/p>\n<p>Oh que \u00e7a partait bien\u00a0! Mais la frappe de Laurine Hannequin, apr\u00e8s un travail et une passe, dans la surface, de Liana Joseph, est contr\u00e9e. Le corner ne donne rien.<\/p>\n<p>\t    &#13;\n            <\/li>\n<p>&#13;<br \/>\n                    &#13;<\/p>\n<li id=\"8f0d913b-5943-4d5f-9b71-eefb37a026b7\" class=\"instant Intermediate Red hasTeam\" data-team-name=\"Stade de Reims\">&#13;<br \/>\n&#13;<\/p>\n<p class=\"instantHeadline Default \">44e<\/p>\n<p>&#13;<br \/>\n    &#13;<br \/>\n            Corboz au-dessus&#13;<br \/>\n    &#13;<br \/>\n    &#13;<\/p>\n<p>Apr\u00e8s un premier tir de Cakba, contr\u00e9, Corboz frappe nettement au-dessus.<\/p>\n<p>\t    &#13;\n            <\/li>\n<p>&#13;<br \/>\n                    &#13;<\/p>\n<li id=\"e212e2fb-99e4-4690-810f-d0d0c9e1c6e6\" class=\"instant Basic  \">&#13;<br \/>\n&#13;<br \/>\n            &#13;<br \/>\n    &#13;<\/p>\n<p>Tout le monde semble attendre la mi-temps. C&rsquo;est ainsi que, samedi dernier, le Racing avait doubl\u00e9 la mise face au Paris SG, dans le temps additionnel.<\/p>\n<p>&#13;<br \/>\n    &#13;\n    <\/li>\n<p>&#13;<br \/>\n                    &#13;<\/p>\n<li id=\"9ac3ed83-6af6-407c-bd9f-c3f3f7081211\" class=\"instant Intermediate Red hasTeam\" data-team-name=\"Stade de Reims\">&#13;<br \/>\n&#13;<\/p>\n<p class=\"instantHeadline Default \">40e<\/p>\n<p>&#13;<br \/>\n    &#13;<br \/>\n            Le Moguedec juste derri\u00e8re la transversale&#13;<br \/>\n    &#13;<br \/>\n    &#13;<\/p>\n<p>Il y avait du venin dans son centre-tir, m\u00eame si Manon Wahl semblait sur le coup.<\/p>\n<p>\t    &#13;\n            <\/li>\n<p>&#13;<br \/>\n                    &#13;<\/p>\n<li id=\"feb02cd9-86a1-4682-86b0-6581b757b8a8\" class=\"instant Intermediate MediumBlue hasTeam\" data-team-name=\"Racing Club de Strasbourg Alsace\">&#13;<br \/>\n&#13;<\/p>\n<p class=\"instantHeadline Default \">37e<\/p>\n<p>&#13;<br \/>\n    &#13;<br \/>\n            La reprise de Manon Hoeltzel sans cons\u00e9quence pour Manon Heil&#13;<br \/>\n    &#13;<br \/>\n    &#13;<\/p>\n<p>Liana Joseph s&rsquo;est impos\u00e9e sur la droite et a remis en retrait pour Hoeltzel, dont la vol\u00e9e en cloche a manqu\u00e9 de puissance. Juste avant, Liana Joseph, toujours, s&rsquo;\u00e9tait pr\u00e9sent\u00e9e dans la surface. Voulant frapper, elle a rat\u00e9 le ballon, au point que le banc strasbourgeois a cri\u00e9 au\u00a0penalty. Mais il\u00a0ne semble pas que son adversaire champenoise lui ait\u00a0pris le pied d&rsquo;appui.<\/p>\n<p>\t    &#13;\n            <\/li>\n<p>&#13;<br \/>\n                    &#13;<\/p>\n<li id=\"e162eda8-cbf2-4b70-8d5a-6cd90b2ed790\" class=\"instant Basic Red hasTeam\" data-team-name=\"Stade de Reims\">&#13;<br \/>\n&#13;<br \/>\n            &#13;<br \/>\n    &#13;<\/p>\n<p>Avant l&rsquo;ouverture du score, sur coup franc, la t\u00eate de Monique Ngock avait \u00e9t\u00e9 sans danger pour Manon Heil. Tout cela pour dire que les R\u00e9moises avaient pris le contr\u00f4le du jeu. Sans vraiment se montrer dangereuses, mais en chloroformant les Bleues et la Meinau.<\/p>\n<p>&#13;<br \/>\n    &#13;\n    <\/li>\n<p>&#13;<br \/>\n                    &#13;<\/p>\n<li id=\"5b19c560-afaf-43d6-8465-b14da8e4e2e6\" class=\"instant Highlight MediumBlue hasTeam\" data-team-name=\"Racing Club de Strasbourg Alsace\">&#13;<br \/>\n&#13;<\/p>\n<p class=\"instantHeadline  \">28e<\/p>\n<p>&#13;<br \/>\n    &#13;<br \/>\n            Mendy priv\u00e9e de doubl\u00e9&#13;<br \/>\n    &#13;<br \/>\n    &#13;<\/p>\n<p>Manon Heil repousse maladroitement un nouveau coup franc lointain d&rsquo;Eve P\u00e9risset. Maeline Mendy reprend. Heil sauve \u00e0 bout portant. Le ballon revient encore \u00e0 Mendy qui marque dans le but vide. Mais apr\u00e8s avoir touch\u00e9 son bras. S\u00e9v\u00e8re mais logique.<\/p>\n<p>\t    &#13;<br \/>\n            &#13;<\/p>\n<p>            &#13;<br \/>\n    &#13;<br \/>\n    &#13;<br \/>\n    <a href=\"https:\/\/cdn-s-www.dna.fr\/images\/20773bfa-1ed7-4e9e-8af6-74041b895196\/NW_raw\/maeline-mendy-proche-du-double-photo-thomas-toussaint-1746632182.jpg\" title=\"Maeline Mendy proche du doubl\u00e9. Photo Thomas Toussaint\" class=\"chocolat-image GA-tracking\" data-ga_type=\"click\" data-ga_category=\"D\u00e9tail\" data-ga_action=\"zoomer\" data-ga_label=\"aggrandir image\" target=\"_blank\" rel=\"noopener\">&#13;<br \/>\n        <img src=\"https:\/\/www.europesays.com\/fr\/wp-content\/uploads\/2025\/05\/maeline-mendy-proche-du-double-photo-thomas-toussaint-1746632182.jpg\"   alt=\"Maeline Mendy proche du doubl\u00e9. Photo Thomas Toussaint\" fetchpriority=\"high\" decoding=\"async\" data-mobile=\"NW_listA_M|1746632182\" data-base=\"NW_listA|1746632182\"\/>&#13;<br \/>\n    <\/a>&#13;<br \/>\n    Maeline Mendy proche du doubl\u00e9. Photo Thomas Toussaint<br \/>\n    \t    &#13;\n            <\/li>\n<p>&#13;<br \/>\n                    &#13;<\/p>\n<li id=\"2c857705-5852-4e74-bc4f-113ee338ee79\" class=\"instant Highlight MediumBlue hasTeam\" data-team-name=\"Racing Club de Strasbourg Alsace\">&#13;<br \/>\n&#13;<\/p>\n<p class=\"instantHeadline  icon\">25e<\/p>\n<p>&#13;<br \/>\n    &#13;<br \/>\n            Maeline Mendy ! L&rsquo;ouverture du scoooorrrrrreeeeee !!!!!&#13;<br \/>\n    &#13;<br \/>\n    &#13;<\/p>\n<p>Fabuleuse, l&rsquo;ouverture du score \u00a0! L&rsquo;action part de Manon Wahl. Laurine Hannequin lance Maeline Mendy sur la droite. Au sortir d&rsquo;un une-deux magique avec Liana Joseph et sa talonnade inspir\u00e9e, Mendy, pleine de spontan\u00e9it\u00e9, ne laisse aucune chance \u00e0 Manon Heil.<\/p>\n<p>\t    &#13;<br \/>\n            &#13;<\/p>\n<p>            &#13;<br \/>\n    &#13;<br \/>\n    &#13;<br \/>\n    <a href=\"https:\/\/cdn-s-www.dna.fr\/images\/50746eb6-22bf-46f7-bfe1-c5c124fb56d7\/NW_raw\/maeline-mendy-debloque-le-compteur-strasbourgeois-photo-thomas-toussaint-1746632049.jpg\" title=\"Maeline Mendy d\u00e9bloque le compteur strasbourgeois. Photo Thomas Toussaint\" class=\"chocolat-image GA-tracking\" data-ga_type=\"click\" data-ga_category=\"D\u00e9tail\" data-ga_action=\"zoomer\" data-ga_label=\"aggrandir image\" target=\"_blank\" rel=\"noopener\">&#13;<br \/>\n        <img src=\"https:\/\/www.europesays.com\/fr\/wp-content\/uploads\/2025\/05\/maeline-mendy-debloque-le-compteur-strasbourgeois-photo-thomas-toussaint-1746632049.jpg\"   alt=\"Maeline Mendy d\u00e9bloque le compteur strasbourgeois. Photo Thomas Toussaint\" fetchpriority=\"high\" decoding=\"async\" data-mobile=\"NW_listA_M|1746632049\" data-base=\"NW_listA|1746632049\"\/>&#13;<br \/>\n    <\/a>&#13;<br \/>\n    Maeline Mendy d\u00e9bloque le compteur strasbourgeois. Photo Thomas Toussaint<br \/>\n    \t    &#13;\n            <\/li>\n<p>&#13;<br \/>\n                    &#13;<\/p>\n<li id=\"0424240b-6ea4-4ab1-955a-91bf0a8f8655\" class=\"instant Basic Red hasTeam\" data-team-name=\"Stade de Reims\">&#13;<br \/>\n&#13;<\/p>\n<p class=\"instantHeadline FootballYellowCard icon\">23e<\/p>\n<p>&#13;<br \/>\n    &#13;<\/p>\n<p>Elise Bonet accroche Le Moguedec qui partait en contre. Le jaune est in\u00e9vitable.<\/p>\n<p>&#13;<br \/>\n    &#13;\n    <\/li>\n<p>&#13;<br \/>\n                    &#13;<\/p>\n<li id=\"5f78b304-9de6-4e88-9905-afea79207435\" class=\"instant Intermediate MediumBlue hasTeam\" data-team-name=\"Racing Club de Strasbourg Alsace\">&#13;<br \/>\n&#13;<\/p>\n<p class=\"instantHeadline Default \">17e<\/p>\n<p>&#13;<br \/>\n    &#13;<br \/>\n            Joseph martyris\u00e9e&#13;<br \/>\n    &#13;<br \/>\n    &#13;<\/p>\n<p>Le pied d&rsquo;Assimina Maoulida est bien haut. Sans parler de son exc\u00e8s d&rsquo;engagement. Coup franc \u00e0 25m. Frapp\u00e9 par Eve P\u00e9risset, il ne trouve personne \u00e0 la r\u00e9ception, si ce ne sont les bras de Manon Heil.<\/p>\n<p>\t    &#13;\n            <\/li>\n<p>&#13;<br \/>\n                    &#13;<\/p>\n<li id=\"c8d788fa-b527-4b94-a420-4871b7cf5681\" class=\"instant Basic MediumBlue hasTeam\" data-team-name=\"Racing Club de Strasbourg Alsace\">&#13;<br \/>\n&#13;<br \/>\n            &#13;<br \/>\n    &#13;<\/p>\n<p>M\u00e9gane Hoeltzel est de retour<\/p>\n<p>&#13;<br \/>\n    &#13;\n    <\/li>\n<p>&#13;<br \/>\n                    &#13;<\/p>\n<li id=\"f51b3208-d59c-4ce1-bd28-59d8e3476875\" class=\"instant Intermediate MediumBlue hasTeam\" data-team-name=\"Racing Club de Strasbourg Alsace\">&#13;<br \/>\n&#13;<\/p>\n<p class=\"instantHeadline Default \">14e<\/p>\n<p>&#13;<br \/>\n    &#13;<br \/>\n            Liana Joseph encore toute proche&#13;<br \/>\n    &#13;<br \/>\n    &#13;<\/p>\n<p>Cette fois, elle se procure l&rsquo;opportunit\u00e9 seule comme la grande qu&rsquo;elle est. Comme tout \u00e0 l&rsquo;heure, sa frappe rase le poteau de l&rsquo;Alsacienne Manon Heil.<\/p>\n<p>\t    &#13;\n            <\/li>\n<p>&#13;<br \/>\n                    &#13;<\/p>\n<li id=\"33e8254f-ae90-4e9d-9849-9bb9246a1f6b\" class=\"instant Intermediate Red hasTeam\" data-team-name=\"Stade de Reims\">&#13;<br \/>\n&#13;<\/p>\n<p class=\"instantHeadline Default \">14e<\/p>\n<p>&#13;<br \/>\n    &#13;<br \/>\n            Rachel Corboz dans les bras de Manon Wahl&#13;<br \/>\n    &#13;<br \/>\n    &#13;<\/p>\n<p>Les R\u00e9moises ont profit\u00e9 de leur sup\u00e9riorit\u00e9 num\u00e9rique.<\/p>\n<p>\t    &#13;\n            <\/li>\n<p>&#13;<br \/>\n                    &#13;<\/p>\n<li id=\"e5be2fb9-ed4b-44ea-a368-ad0cfd6be063\" class=\"instant Intermediate MediumBlue hasTeam\" data-team-name=\"Racing Club de Strasbourg Alsace\">&#13;<br \/>\n&#13;<\/p>\n<p class=\"instantHeadline Default \">11e<\/p>\n<p>&#13;<br \/>\n    &#13;<br \/>\n            M\u00e9gane Hoeltzel se tord de douleur&#13;<br \/>\n    &#13;<br \/>\n    &#13;<\/p>\n<p>Elle semble m\u00eame en larme apr\u00e8s un choc avec Ana\u00ebl Le Moguedec, elle aussi au sol. Cette derni\u00e8re a repris le jeu, contrairement \u00e0 la Strasbourgeoise, toujours soign\u00e9e sur le bord du terrain.<\/p>\n<p>\t    &#13;\n            <\/li>\n<p>&#13;<br \/>\n                    &#13;<\/p>\n<li id=\"4becba55-d414-48f3-9d3c-453d4e0a0414\" class=\"instant Highlight MediumBlue hasTeam\" data-team-name=\"Racing Club de Strasbourg Alsace\">&#13;<br \/>\n&#13;<\/p>\n<p class=\"instantHeadline  \">6e<\/p>\n<p>&#13;<br \/>\n    &#13;<br \/>\n            M\u00e9gane Hoeltzel hors cadre&#13;<br \/>\n    &#13;<br \/>\n    &#13;<\/p>\n<p>Laurine Hannequin d\u00e9cale Eve P\u00e9risset sur la droite. L&rsquo;internationale centre pour M\u00e9gane Hoeltzel qui ne peut ma\u00eetriser sa reprise. Le ballon se d\u00e9robe et fuit le cadre.<\/p>\n<p>\t    &#13;\n            <\/li>\n<p>&#13;<br \/>\n                    &#13;<\/p>\n<li id=\"59ce484c-e9b1-4761-b420-f62c560fc019\" class=\"instant Intermediate  \">&#13;<br \/>\n&#13;<br \/>\n            &#13;<br \/>\n    &#13;<br \/>\n            Ambiance de cour d&rsquo;\u00e9cole&#13;<br \/>\n    &#13;<br \/>\n    &#13;<\/p>\n<p>Le public juv\u00e9nile, avec beaucoup de jeunes des \u00e9coles de foot voisines, exempt\u00e9s d&rsquo;entra\u00eenement, met l&rsquo;ambiance.<\/p>\n<p>\t    &#13;\n            <\/li>\n<p>&#13;<br \/>\n                    &#13;<\/p>\n<li id=\"61680da9-3e97-4d8f-bf3d-38cd8e3cb42f\" class=\"instant Highlight MediumBlue hasTeam\" data-team-name=\"Racing Club de Strasbourg Alsace\">&#13;<br \/>\n&#13;<\/p>\n<p class=\"instantHeadline  \">3e<\/p>\n<p>&#13;<br \/>\n    &#13;<br \/>\n            Liana Joseph \u00e0 ras du poteau !&#13;<br \/>\n    &#13;<br \/>\n    &#13;<\/p>\n<p>Celle-l\u00e0 d\u00e9j\u00e0, elle aurait d\u00fb \u00eatre au fond. Suite \u00e0 un coup franc offensif pour Reims, le Racing est parti en contre, avec une superbe passe en profondeur de Laurine Hannequin pour Liana Joseph. La Lyonnaise a pris son adversaire de vitesse pour se pr\u00e9senter, \u00e0 l&rsquo;entr\u00e9e de la surface, face \u00e0 Manon Heil. Battue, cette derni\u00e8re est toute heureuse de voir le ballon friser la base de son montant droit.<\/p>\n<p>\t    &#13;<br \/>\n            &#13;<\/p>\n<p>            &#13;<br \/>\n    &#13;<br \/>\n    &#13;<br \/>\n    <a href=\"https:\/\/cdn-s-www.dna.fr\/images\/246ae81f-9a48-4b08-802d-8c7571bd906a\/NW_raw\/liana-joseph-a-manque-de-peu-le-cadre-apres-trois-minutes-de-jeu-a-peine-photo-thomas-toussaint-1746631024.jpg\" title=\"Liana Joseph a manqu\u00e9 de peu le cadre apr\u00e8s trois minutes de jeu \u00e0 peine. Photo Thomas Toussaint\" class=\"chocolat-image GA-tracking\" data-ga_type=\"click\" data-ga_category=\"D\u00e9tail\" data-ga_action=\"zoomer\" data-ga_label=\"aggrandir image\" target=\"_blank\" rel=\"noopener\">&#13;<br \/>\n        <img src=\"https:\/\/www.europesays.com\/fr\/wp-content\/uploads\/2025\/05\/liana-joseph-a-manque-de-peu-le-cadre-apres-trois-minutes-de-jeu-a-peine-photo-thomas-toussaint-1746.jpeg\"   alt=\"Liana Joseph a manqu\u00e9 de peu le cadre apr\u00e8s trois minutes de jeu \u00e0 peine. Photo Thomas Toussaint\" fetchpriority=\"high\" decoding=\"async\" data-mobile=\"NW_listA_M|1746631024\" data-base=\"NW_listA|1746631024\"\/>&#13;<br \/>\n    <\/a>&#13;<br \/>\n    Liana Joseph a manqu\u00e9 de peu le cadre apr\u00e8s trois minutes de jeu \u00e0 peine. Photo Thomas Toussaint<br \/>\n    \t    &#13;\n            <\/li>\n<p>&#13;<br \/>\n                    &#13;<\/p>\n<li id=\"6492a458-f887-4780-bf25-47b9f7c187dc\" class=\"instant Summary  \">&#13;<br \/>\n&#13;<br \/>\n            &#13;<br \/>\n    &#13;<br \/>\n            C&rsquo;est parti pour les Bleues&#13;<br \/>\n    &#13;<br \/>\n    &#13;<\/p>\n<p>Et les R\u00e9moises bien s\u00fbr.<\/p>\n<p>\t    &#13;\n            <\/li>\n<p>&#13;<br \/>\n                    &#13;<\/p>\n<li id=\"d4ee5aa5-b987-48c2-807d-120035ab0e0a\" class=\"instant Intermediate  \">&#13;<br \/>\n&#13;<br \/>\n            &#13;<br \/>\n    &#13;<br \/>\n            Ambiance de chantier&#13;<br \/>\n    &#13;<br \/>\n    &#13;<\/p>\n<p>En milieu de semaine, le chantier de la Meinau suit son cours. On a crois\u00e9 pas mal d&rsquo;ouvriers, casque sur la t\u00eate. Et des odeurs de peinture s&rsquo;\u00e9l\u00e8vent de l&rsquo;enceinte&#8230;<\/p>\n<p>\t    &#13;\n            <\/li>\n<p>&#13;<br \/>\n                    &#13;<\/p>\n<li id=\"24cb1f38-5db4-40e3-9053-8bbfa8e2971e\" class=\"instant Intermediate MediumBlue hasTeam\" data-team-name=\"Racing Club de Strasbourg Alsace\">&#13;<br \/>\n&#13;<br \/>\n            &#13;<br \/>\n    &#13;<br \/>\n            Plus de 6000 personnes&#13;<br \/>\n    &#13;<br \/>\n    &#13;<\/p>\n<p>Au coup d&rsquo;envoi, elles et ils seront h\u00e9las moins nombreux. En termes d&rsquo;organisation, on a un peu de mal \u00e0 suivre \u00e0 l&rsquo;ext\u00e9rieur du stade. Il y a encore beaucoup de monde dehors&#8230;<\/p>\n<p>\t    &#13;\n            <\/li>\n<p>&#13;<br \/>\n                    &#13;<\/p>\n<li id=\"1a9a9c61-51fa-4ab6-921f-bbc4c423d0b6\" class=\"instant Intermediate MediumBlue hasTeam\" data-team-name=\"Racing Club de Strasbourg Alsace\">&#13;<br \/>\n&#13;<br \/>\n            &#13;<br \/>\n    &#13;<br \/>\n            Avec des soutiens de marque&#13;<br \/>\n    &#13;<br \/>\n    &#13;<\/p>\n<p>Les Bleues sont notamment support\u00e9es par Liam Rosenior en personne, son adjoint Khalifa\u00a0Ciss\u00e9, et le capitaine des Bleus, Habib Diarra. Avec plusieurs de ses co\u00e9quipiers.<\/p>\n<p>\t    &#13;\n            <\/li>\n<p>&#13;<br \/>\n                    &#13;<\/p>\n<li id=\"4f1a658d-313a-4f4d-9640-ec7ea5d88ea0\" class=\"instant Intermediate  \">&#13;<br \/>\n&#13;<br \/>\n            &#13;<br \/>\n    &#13;<br \/>\n            Les arbitres&#13;<br \/>\n    &#13;<br \/>\n    &#13;<\/p>\n<p>La rencontre est arbitr\u00e9e par Emeline Rochebili\u00e8re assist\u00e9e de Violette Le Chevert et Val\u00e9rie Todeschini. Arbitre rempla\u00e7ant\u00a0: Marine Tanguy<\/p>\n<p>\t    &#13;\n            <\/li>\n<p>&#13;<br \/>\n                    &#13;<\/p>\n<li id=\"887da2f9-ac48-43c6-ae6a-55775e8ab1b5\" class=\"instant Intermediate Red hasTeam\" data-team-name=\"Stade de Reims\">&#13;<br \/>\n&#13;<br \/>\n            &#13;<br \/>\n    &#13;<br \/>\n            La composition du Stade de Reims&#13;<br \/>\n    &#13;<br \/>\n    &#13;<\/p>\n<p>Manon Heil\u00a0; Mia Gyau, Anaele Le Moguedec, Jade Nassi, L\u00e9a Notel, Assimina Maoulida; Lucie Calba Rachel Corboz (cap.), Monique Ngock, Ma\u00efte Boucly\u00a0; Hawa Sangare.<\/p>\n<p>\t    &#13;\n            <\/li>\n<p>&#13;<br \/>\n                    &#13;<\/p>\n<li id=\"68c36d87-cab0-4009-a34a-3f1abfca19a6\" class=\"instant Intermediate MediumBlue hasTeam\" data-team-name=\"Racing Club de Strasbourg Alsace\">&#13;<br \/>\n&#13;<br \/>\n            &#13;<br \/>\n    &#13;<br \/>\n            Le Racing avec son \u00e9quipe type&#13;<br \/>\n    &#13;<br \/>\n    &#13;<\/p>\n<p>Ou ce qu&rsquo;on peut consid\u00e9rer comme tel. Avec\u00a0:<\/p>\n<p>Manon Wahl\u00a0; Fanny Hoarau, Amanda Chaney, Elise Bonet, Eve P\u00e9risset\u00a0; Ann Sierra Enge, M\u00e9gane Hoeltzel, Emmy Jezeguel\u00a0; Maeline Lendy, Laurine Hannequin, Liana Joseph.<\/p>\n<p>\t    &#13;\n            <\/li>\n<p>&#13;<br \/>\n                    &#13;<\/p>\n<li id=\"91f72086-b6ad-4f47-8ddd-43dce37aee1e\" class=\"instant Intermediate MediumBlue hasTeam\" data-team-name=\"Racing Club de Strasbourg Alsace\">&#13;<br \/>\n&#13;<br \/>\n            &#13;<br \/>\n    &#13;<br \/>\n            Finale? Plus que \u00e7a!&#13;<br \/>\n    &#13;<br \/>\n    &#13;<\/p>\n<p>Pour le Racing, c&rsquo;est plus qu&rsquo;une finale. Une finale, m\u00eame en cas de match nul, on peut la gagner. Ce n&rsquo;est pas le cas pour les Bleues, auxquelles un nul ne suffira pas, contrairement aux R\u00e9moises. Les Strasbourgeois compte un point de retard. La victoire est donc indispensable.<\/p>\n<p>\t    &#13;<br \/>\n            &#13;<\/p>\n<p>Ce contenu est bloqu\u00e9 car vous n&rsquo;avez pas accept\u00e9 les cookies et autres traceurs.<\/p>\n<p>En cliquant sur \u00ab J\u2019accepte \u00bb, les cookies et autres traceurs seront d\u00e9pos\u00e9s et vous pourrez visualiser les contenus  (<a href=\"\" class=\"consentModule_policy\" target=\"_blank\" title=\"Consulter la politique de protection des donn\u00e9es du fournisseur\">plus d&rsquo;informations<\/a>).<\/p>\n<p>En cliquant sur \u00ab J\u2019accepte tous les cookies \u00bb, vous autorisez des d\u00e9p\u00f4ts de cookies et autres traceurs pour le stockage de vos donn\u00e9es sur nos sites et applications \u00e0 des fins de personnalisation et de ciblage publicitaire.<\/p>\n<p class=\"consentModule_secondaryText\">Vous gardez la possibilit\u00e9 de retirer votre consentement \u00e0 tout moment en consultant notre <a href=\"https:\/\/www.dna.fr\/protection-des-donnees\" target=\"_blank\" title=\"Consulter notre politique de protection des donn\u00e9es\" rel=\"noopener\">politique de protection des donn\u00e9es<\/a>. <br \/>&#13;<br \/>\n            <a href=\"https:\/\/www.dna.fr\/sport\/2025\/05\/07\/javascript:Didomi.notice.show()\" class=\"consentModule_cmp\" target=\"_blank\" rel=\"noopener\">G\u00e9rer mes choix<\/a>&#13;\n        <\/p>\n<p>&#13;<br \/>\n                        J&rsquo;accepte&#13;<br \/>\n            J&rsquo;accepte tous les cookies&#13;\n        <\/p>\n<p>    <img class=\"placeholder-svg\" loading=\"lazy\" decoding=\"async\" src=\"https:\/\/www.europesays.com\/fr\/wp-content\/uploads\/2025\/04\/twitter-X.svg.svg+xml\" alt=\"Twitter PlaceHolder\"\/><\/p>\n<p>            &#13;<br \/>\n\t    &#13;\n            <\/li>\n<p>&#13;<br \/>\n                    &#13;<\/p>\n<li id=\"81ce49b7-4350-405c-ad2f-e8dc9cd25105\" class=\"instant Intermediate  \">&#13;<br \/>\n&#13;<br \/>\n            &#13;<br \/>\n    &#13;<br \/>\n            Bonjour \u00e0 toutes et \u00e0 tous&#13;<br \/>\n    &#13;<br \/>\n    &#13;<\/p>\n<p>Bienvenue au stade de la Meinau pour le d\u00e9nouement, la derni\u00e8re journ\u00e9e de la saison r\u00e9guli\u00e8re de Division 1 f\u00e9minine. Le hasard du calendrier a bien fait les choses. Il oppose les deux \u00e9quipes en lutte pour le maintien, le Racing et le Stade du Reims, dans une v\u00e9ritable finale pour la survie.<\/p>\n<p>\t    &#13;\n            <\/li>\n<p>&#13;<\/p>\n","protected":false},"excerpt":{"rendered":"&#13; &#13; &#13; &#13; 83e &#13; &#13; Manon Wahl maintient l&rsquo;espoir&#13; &#13; &#13; La gardienne strasbourgeoise sort le&hellip;\n","protected":false},"author":2,"featured_media":82333,"comment_status":"","ping_status":"","sticky":false,"template":"","format":"standard","meta":{"footnotes":""},"categories":[2820],"tags":[1111,11,2649,3545,2880,1777,674,107,63,1011,27,775,3544,12,9371,25,517,640],"class_list":{"0":"post-82332","1":"post","2":"type-post","3":"status-publish","4":"format-standard","5":"has-post-thumbnail","7":"category-strasbourg","8":"tag-actu","9":"tag-actualites","10":"tag-bas-rhin","11":"tag-direct-sport","12":"tag-edition-strasbourg","13":"tag-eu","14":"tag-europe","15":"tag-fil-info","16":"tag-football","17":"tag-fr","18":"tag-france","19":"tag-grand-est","20":"tag-matchs-en-direct","21":"tag-news","22":"tag-rcsa-racing-club-strasbourg","23":"tag-republique-francaise","24":"tag-sport","25":"tag-strasbourg"},"share_on_mastodon":{"url":"https:\/\/pubeurope.com\/@fr\/114467572716480891","error":""},"_links":{"self":[{"href":"https:\/\/www.europesays.com\/fr\/wp-json\/wp\/v2\/posts\/82332","targetHints":{"allow":["GET"]}}],"collection":[{"href":"https:\/\/www.europesays.com\/fr\/wp-json\/wp\/v2\/posts"}],"about":[{"href":"https:\/\/www.europesays.com\/fr\/wp-json\/wp\/v2\/types\/post"}],"author":[{"embeddable":true,"href":"https:\/\/www.europesays.com\/fr\/wp-json\/wp\/v2\/users\/2"}],"replies":[{"embeddable":true,"href":"https:\/\/www.europesays.com\/fr\/wp-json\/wp\/v2\/comments?post=82332"}],"version-history":[{"count":0,"href":"https:\/\/www.europesays.com\/fr\/wp-json\/wp\/v2\/posts\/82332\/revisions"}],"wp:featuredmedia":[{"embeddable":true,"href":"https:\/\/www.europesays.com\/fr\/wp-json\/wp\/v2\/media\/82333"}],"wp:attachment":[{"href":"https:\/\/www.europesays.com\/fr\/wp-json\/wp\/v2\/media?parent=82332"}],"wp:term":[{"taxonomy":"category","embeddable":true,"href":"https:\/\/www.europesays.com\/fr\/wp-json\/wp\/v2\/categories?post=82332"},{"taxonomy":"post_tag","embeddable":true,"href":"https:\/\/www.europesays.com\/fr\/wp-json\/wp\/v2\/tags?post=82332"}],"curies":[{"name":"wp","href":"https:\/\/api.w.org\/{rel}","templated":true}]}}