{"id":82338,"date":"2025-05-07T16:50:10","date_gmt":"2025-05-07T16:50:10","guid":{"rendered":"https:\/\/www.europesays.com\/fr\/82338\/"},"modified":"2025-05-07T16:50:10","modified_gmt":"2025-05-07T16:50:10","slug":"un-nouveau-commerce-original-sinstalle-pres-du-museum-dhistoire-naturelle","status":"publish","type":"post","link":"https:\/\/www.europesays.com\/fr\/82338\/","title":{"rendered":"un nouveau commerce original s&rsquo;installe pr\u00e8s du mus\u00e9um d&rsquo;histoire naturelle"},"content":{"rendered":"<p>            Par<br \/>\n        <strong><br \/>\n            <a href=\"https:\/\/actu.fr\/auteur\/tristan-mahe-actu-fr\" title=\"Consulter tous les articles de Tristan Mah\u00e9\" target=\"_blank\" rel=\"noopener\">Tristan Mah\u00e9<\/a><br \/>\n        <\/strong><\/p>\n<p>        Publi\u00e9 le<\/p>\n<p>            7 mai 2025 \u00e0 18h01        <\/p>\n<p>32 m\u00e8tres2 de \u00ab<a href=\"https:\/\/www.instagram.com\/bibelotsetbizarreries\/\" target=\"_blank\" rel=\"noopener\"><strong>\u2009bibelots et bizarreries<\/strong><\/a>\u2009\u00bb en tous genres. C\u2019est l\u2019univers que Chlo\u00e9 Picorit a d\u00e9cid\u00e9 de cr\u00e9er au c\u0153ur de Nantes avec son cabinet de curiosit\u00e9s.<\/p>\n<p class=\" wall-content\">Objets de collection, rares nouveaux, ou simplement singuliers\u2026 C\u2019est le genre de choses que l\u2019on peut retrouver dans <strong>ces boutiques apparues en Europe au XVIe\u00a0si\u00e8cle<\/strong>.<\/p>\n<p class=\" wall-content\">L\u2019ouverture du cabinet de Chlo\u00e9 a eu lieu ce mardi 6\u00a0mai, \u00e0 14\u00a0heures, et la premi\u00e8re visiteuse ne s\u2019est pas fait attendre longtemps. \u00ab\u2009Je jette juste un coup d\u2019\u0153il\u2026 <strong>de curiosit\u00e9<\/strong>\u2009\u00bb, sourit-elle en promettant de revenir.<\/p>\n<p>Des curiosit\u00e9s aux effluves de brocante<\/p>\n<p class=\" wall-content\">Situ\u00e9 juste \u00e0 c\u00f4t\u00e9 du <a href=\"https:\/\/museum.nantesmetropole.fr\/home.html\" target=\"_blank\" rel=\"noopener\">mus\u00e9um d\u2019histoire naturelle<\/a>, le site \u00ab\u2009correspond \u00e0 100\u2009%\u2009\u00bb \u00e0 l\u2019ambiance de la boutique, selon Chlo\u00e9. Mais ce que cette derni\u00e8re veut avant tout mettre en avant, c\u2019est<strong>\u00a0l\u2019aspect brocante\u00a0de son cabinet<\/strong>.<\/p>\n<p class=\" wall-content\">\u00ab\u2009J\u2019ai d\u2019ailleurs d\u00e9j\u00e0 fait plusieurs march\u00e9s de No\u00ebl\u2009\u00bb, se souvient-elle.\u00a0Tout est \u00e0 vendre, mais la plupart des objets expos\u00e9s sont des artefacts d\u2019occasion. \u00ab\u2009Je chine beaucoup d\u2019objets. J\u2019ai des contacts un peu partout en France, et m\u00eame en Belgique\u2009!\u2009\u00bb<\/p>\n<p>Vid\u00e9os : en ce moment sur ActuUne passion ind\u00e9fectible<\/p>\n<p class=\" wall-content\">Passionn\u00e9e par ces cabinets depuis toute petite, Chlo\u00e9 les a arpent\u00e9s, notamment \u00e0 Paris ou encore \u00e0 Sarlat (Dordogne). \u00ab\u2009Et un jour, je me suis dit\u2009: il faut \u00e7a \u00e0 Nantes, c\u2019est <strong>une ville de culture et d\u2019imaginaire<\/strong>.\u2009\u00bb<\/p>\n<p class=\" wall-content\">L\u2019ancienne employ\u00e9e dans l\u2019immobilier explique que ce projet de cabinet maturait d\u00e9j\u00e0 depuis plus de deux ans. \u00ab\u2009\u00c7a a \u00e9t\u00e9 beaucoup de travail mais j\u2019en suis contente\u2009\u00bb, affirme la commer\u00e7ante. Des tableaux aux cr\u00e9ations entomologiques, en passant par des reliquaires de cheveux, chaque objet a sa place ici\u2009: \u00ab\u2009<strong>chaque objet a une histoire<\/strong>, quelque chose \u00e0 raconter, et c\u2019est \u00e7a qui me pla\u00eet\u2009\u00bb.<\/p>\n<p>      <img   decoding=\"async\" loading=\"lazy\" src=\"https:\/\/www.europesays.com\/fr\/wp-content\/uploads\/2025\/05\/mallette-d-apothicaire-960x640.jpg\" alt=\"On peut d\u00e9couvrir au sein de la boutique une mallette d\u2019apothicaire d\u2019\u00e9poque qu\u2019il est rare de trouver en aussi bon \u00e9tat.\" width=\"960\" height=\"640\"\/><br \/>\n    On peut d\u00e9couvrir au sein de la boutique une mallette d\u2019apothicaire d\u2019\u00e9poque qu\u2019il est rare de trouver en aussi bon \u00e9tat. (\u00a9Tristan Mah\u00e9\/ actu Nantes)<\/p>\n<p class=\" wall-content\">Et le clou de sa collection, c\u2019est une <strong>mallette d\u2019apothicaire de 1930<\/strong> venue de Dou\u00e9-la-Fontaine (Maine-et-Loire), compl\u00e8te et intacte. \u00ab\u2009Beaucoup d\u2019objets de mon cabinet sont en lien avec la science\u2009\u00bb, explique la Nantaise.<\/p>\n<p class=\" wall-content\">Chlo\u00e9 a pour objectif de renouveler le contenu du cabinet tr\u00e8s r\u00e9guli\u00e8rement\u2009: \u00ab\u2009Il peut y avoir des nouvelles pi\u00e8ces toutes les semaines\u2009\u00bb. Un de ses projets \u00e0 court terme est de r\u00e9aliser une exposition\u00a0avec des artistes illustrateurs pour pr\u00e9senter des \u0153uvres dans l\u2019esprit des cabinets de curiosit\u00e9s.<\/p>\n<p><strong>Infos pratiques<br \/><\/strong>Bibelots et bizarreries, 9 rue Voltaire, Nantes.<br \/>Ouvert le mardi de 14h \u00e0 18h30, les mercredis\/jeudis\/vendredis de 10h30 \u00e0 12H30 et de 13h30 \u00e0 18H30, et les samedis de 10h30 \u00e0 19h.<\/p>\n<p class=\" wall-content\">Suivez toute l\u2019actualit\u00e9 de vos villes et m\u00e9dias favoris en vous inscrivant \u00e0 <a href=\"https:\/\/moncompte.actu.fr\" title=\"D\u00e9couvez Mon Actu\" rel=\"nofollow noopener\" data-trk=\"{&quot;cta&quot;:{&quot;action&quot;:&quot;https:\\\/\\\/moncompte.actu.fr&quot;,&quot;category&quot;:&quot;mon compte&quot;,&quot;from&quot;:&quot;article footer&quot;,&quot;name&quot;:&quot;Mon actu&quot;,&quot;type&quot;:&quot;cta&quot;}}\" target=\"_blank\">Mon Actu<\/a>.<\/p>\n<ul class=\"ac-article-tag wall-content\">\n<li><a href=\"https:\/\/actu.fr\/tag\/commerce\" data-trk=\"{&quot;cta&quot;:{&quot;action&quot;:&quot;Commerce&quot;,&quot;category&quot;:&quot;tag&quot;,&quot;from&quot;:&quot;article footer&quot;,&quot;name&quot;:&quot;Commerce&quot;,&quot;type&quot;:&quot;cta&quot;}}\" target=\"_blank\" rel=\"noopener\">#Commerce<\/a><\/li>\n<li><a href=\"https:\/\/actu.fr\/tag\/nouveaux-commerces\" data-trk=\"{&quot;cta&quot;:{&quot;action&quot;:&quot;Nouveaux commerces&quot;,&quot;category&quot;:&quot;tag&quot;,&quot;from&quot;:&quot;article footer&quot;,&quot;name&quot;:&quot;Nouveaux commerces&quot;,&quot;type&quot;:&quot;cta&quot;}}\" target=\"_blank\" rel=\"noopener\">#Nouveaux commerces<\/a><\/li>\n<\/ul>\n<p>                    <script async src=\"\/\/www.instagram.com\/embed.js\"><\/script><\/p>\n","protected":false},"excerpt":{"rendered":"Par Tristan Mah\u00e9 Publi\u00e9 le 7 mai 2025 \u00e0 18h01 32 m\u00e8tres2 de \u00ab\u2009bibelots et bizarreries\u2009\u00bb en tous&hellip;\n","protected":false},"author":2,"featured_media":82339,"comment_status":"","ping_status":"","sticky":false,"template":"","format":"standard","meta":{"footnotes":""},"categories":[2818],"tags":[1111,11,215,1777,674,1011,27,766,12,3147,2636,25,104],"class_list":{"0":"post-82338","1":"post","2":"type-post","3":"status-publish","4":"format-standard","5":"has-post-thumbnail","7":"category-nantes","8":"tag-actu","9":"tag-actualites","10":"tag-commerce","11":"tag-eu","12":"tag-europe","13":"tag-fr","14":"tag-france","15":"tag-nantes","16":"tag-news","17":"tag-nouveaux-commerces","18":"tag-pays-de-la-loire","19":"tag-republique-francaise","20":"tag-societe"},"share_on_mastodon":{"url":"https:\/\/pubeurope.com\/@fr\/114467584353418724","error":""},"_links":{"self":[{"href":"https:\/\/www.europesays.com\/fr\/wp-json\/wp\/v2\/posts\/82338","targetHints":{"allow":["GET"]}}],"collection":[{"href":"https:\/\/www.europesays.com\/fr\/wp-json\/wp\/v2\/posts"}],"about":[{"href":"https:\/\/www.europesays.com\/fr\/wp-json\/wp\/v2\/types\/post"}],"author":[{"embeddable":true,"href":"https:\/\/www.europesays.com\/fr\/wp-json\/wp\/v2\/users\/2"}],"replies":[{"embeddable":true,"href":"https:\/\/www.europesays.com\/fr\/wp-json\/wp\/v2\/comments?post=82338"}],"version-history":[{"count":0,"href":"https:\/\/www.europesays.com\/fr\/wp-json\/wp\/v2\/posts\/82338\/revisions"}],"wp:featuredmedia":[{"embeddable":true,"href":"https:\/\/www.europesays.com\/fr\/wp-json\/wp\/v2\/media\/82339"}],"wp:attachment":[{"href":"https:\/\/www.europesays.com\/fr\/wp-json\/wp\/v2\/media?parent=82338"}],"wp:term":[{"taxonomy":"category","embeddable":true,"href":"https:\/\/www.europesays.com\/fr\/wp-json\/wp\/v2\/categories?post=82338"},{"taxonomy":"post_tag","embeddable":true,"href":"https:\/\/www.europesays.com\/fr\/wp-json\/wp\/v2\/tags?post=82338"}],"curies":[{"name":"wp","href":"https:\/\/api.w.org\/{rel}","templated":true}]}}