{"id":82350,"date":"2025-05-07T16:56:08","date_gmt":"2025-05-07T16:56:08","guid":{"rendered":"https:\/\/www.europesays.com\/fr\/82350\/"},"modified":"2025-05-07T16:56:08","modified_gmt":"2025-05-07T16:56:08","slug":"ce-que-japprecie-cest-quand-les-gens-entrent-dans-ton-imaginaire","status":"publish","type":"post","link":"https:\/\/www.europesays.com\/fr\/82350\/","title":{"rendered":"Ce que j&rsquo;appr\u00e9cie, c&rsquo;est quand les gens entrent dans ton imaginaire"},"content":{"rendered":"<p>            Par<br \/>\n        <strong><br \/>\n            <a href=\"https:\/\/actu.fr\/auteur\/amandine-vachez\" title=\"Consulter tous les articles de Amandine Vachez\" rel=\"nofollow noopener\" target=\"_blank\">Amandine Vachez<\/a><br \/>\n        <\/strong><\/p>\n<p>        Publi\u00e9 le<\/p>\n<p>            7 mai 2025 \u00e0 18h40        <\/p>\n<p>Alerte humour ! Attention, il ne reste que quelques places.<b> Pierre Vittor, alias PV<\/b>, vient \u00e0 <a href=\"https:\/\/actu.fr\/lille\/\" rel=\"nofollow noopener\" target=\"_blank\">Lille<\/a> (Nord) pour pr\u00e9senter<b> son spectacle.<\/b> Quelques jours apr\u00e8s une date \u00e0 <a href=\"https:\/\/actu.fr\/hauts-de-france\/arras_62041\" rel=\"nofollow noopener\" target=\"_blank\">Arras<\/a>, il s\u2019arr\u00eate sur la sc\u00e8ne du<b> Spotlight<\/b> deux soirs de suite, les <b>vendredi 9 et samedi 10 mai 2025<\/b>. Il pr\u00e9sente son seul en sc\u00e8ne \u00e0 la sauce <b>stand-up<\/b>, dans lequel le spectateur est invit\u00e9 \u00e0 entrer dans son imaginaire. Une proposition tr\u00e8s personnelle, dont il nous parle dans une interview.\u00a0<\/p>\n<p class=\"ac-article-content__question wall-content\">Lille actu : Peux-tu, en quelques mots, revenir sur ton parcours, ce qui t\u2019a men\u00e9 \u00e0 la sc\u00e8ne et \u00e0 ce spectacle ?\u00a0<\/p>\n<p class=\" wall-content\">PV : J\u2019ai commenc\u00e9 le stand-up avec un concours. J\u2019y ai connu Camille Masclef, avec qui on a \u00e9crit et construit le spectacle. Ami, t\u00e9moin de mariage\u2026 Bref, c\u2019est un pote avec qui on fait plein de choses !\u00a0<\/p>\n<p class=\" wall-content\">J\u2019ai fait beaucoup de comedy clubs depuis 2018 [Jamel Comedy Club, Fridge Comedy Club, NDLR], \u00e7a m\u2019a permis de progresser, de comprendre ce que je voulais, comment faire\u2026 C\u2019est comme \u00e7a que j\u2019ai su qu\u2019il fallait exploiter mon imaginaire, y faire entrer les gens.\u00a0<\/p>\n<p class=\"ac-article-content__question wall-content\">LA : Ce spectacle est tr\u00e8s ficel\u00e9, calibr\u00e9, ou il y a une part d\u2019impro importante ? Comment \u00e7a se d\u00e9roule ?\u00a0<\/p>\n<p class=\" wall-content\">PV : Il y a beaucoup d\u2019interaction avec le public. Je trouve que c\u2019est bien de casser ce troisi\u00e8me mur, mais \u00e7a reste un spectacle qui peut vivre sans interaction. C\u2019est ouvert \u00e0 tous, c\u2019est singulier. Il y a par exemple beaucoup de bruitages, de changements de voix\u2026\u00a0<\/p>\n<p class=\" wall-content\">\n<p class=\"ac-article-content__question wall-content\">LA : Quels th\u00e8mes \u00e9voques-tu dans le spectacle ? Y a-t-il un fil conducteur ou tu pars sur plein de choses ?\u00a0<\/p>\n<p class=\" wall-content\">PV : Je voulais un premier spectacle qui parle de moi. On y retrouve forc\u00e9ment mes proches, ma famille, ma compagne\u2026 Les gens se sentent concern\u00e9s, ils s\u2019y retrouvent.\u00a0<\/p>\n<p class=\"ac-article-content__question wall-content\">LA : Tu viens donc \u00e0 Lille au Spotlight. Tu connais d\u00e9j\u00e0 ?<\/p>\n<p class=\" wall-content\">PV : Je suis venu plusieurs fois \u00e0 Lille, au Z\u00e9nith avec le Jamel Comedy Club, au S\u00e9basto, pour la tourn\u00e9e du Montreux [ltourn\u00e9e des z\u00e9niths, NDLR]. J\u2019avais envie de d\u00e9couvrir Lille avec mon spectacle. Et l\u00e0 les salles sont plut\u00f4t pleines pour les deux soirs, donc c\u2019est bon signe, \u00e7a fait plaisir !\u00a0<\/p>\n<p class=\"ac-article-content__question wall-content\">LA : As-tu eu des retours qui t\u2019ont fort marqu\u00e9, touch\u00e9, de la part d\u2019inconnus ou de proches ?\u00a0<\/p>\n<p class=\" wall-content\">PV : Ce que j\u2019appr\u00e9cie, c\u2019est quand les gens entrent dans ton imaginaire. Il y a aussi des moments touchants, j\u2019essaie de piquer, de faire ressentir des \u00e9motions pendant le spectacle, m\u00eame si on est \u00e0 95% d\u2019humour. Les plus beaux retours, ce sont sans doute ceux des proches. Ma m\u00e8re a beaucoup aim\u00e9 le spectacle. Elle me suit, me soutient. Mon p\u00e8re\u2026 eh bien, je ne sais m\u00eame pas s\u2019il sait que j\u2019ai \u00e9crit un spectacle (rires).<\/p>\n<p>Vendredi 9 et samedi 10 mai 2025 au Spotlight de Lille (100 rue L\u00e9on Gambetta) \u00e0 21h. Pour prendre vos places, c\u2019est <a href=\"https:\/\/www.lespotlight.fr\/\" rel=\"nofollow noopener\" target=\"_blank\">par ici<\/a>.<\/p>\n<p class=\" wall-content\">Suivez toute l\u2019actualit\u00e9 de vos villes et m\u00e9dias favoris en vous inscrivant \u00e0 <a href=\"https:\/\/moncompte.actu.fr\" title=\"D\u00e9couvez Mon Actu\" rel=\"nofollow noopener\" data-trk=\"{&quot;cta&quot;:{&quot;action&quot;:&quot;https:\\\/\\\/moncompte.actu.fr&quot;,&quot;category&quot;:&quot;mon compte&quot;,&quot;from&quot;:&quot;article footer&quot;,&quot;name&quot;:&quot;Mon actu&quot;,&quot;type&quot;:&quot;cta&quot;}}\" target=\"_blank\">Mon Actu<\/a>.<\/p>\n","protected":false},"excerpt":{"rendered":"Par Amandine Vachez Publi\u00e9 le 7 mai 2025 \u00e0 18h40 Alerte humour ! Attention, il ne reste que&hellip;\n","protected":false},"author":2,"featured_media":82351,"comment_status":"","ping_status":"","sticky":false,"template":"","format":"standard","meta":{"footnotes":""},"categories":[2815],"tags":[1111,11,1777,674,1011,27,811,708,1307,1652,12,25,853],"class_list":{"0":"post-82350","1":"post","2":"type-post","3":"status-publish","4":"format-standard","5":"has-post-thumbnail","7":"category-lille","8":"tag-actu","9":"tag-actualites","10":"tag-eu","11":"tag-europe","12":"tag-fr","13":"tag-france","14":"tag-hauts-de-france","15":"tag-humour","16":"tag-lille","17":"tag-loisirs-culture","18":"tag-news","19":"tag-republique-francaise","20":"tag-spectacles"},"share_on_mastodon":{"url":"https:\/\/pubeurope.com\/@fr\/114467607925762570","error":""},"_links":{"self":[{"href":"https:\/\/www.europesays.com\/fr\/wp-json\/wp\/v2\/posts\/82350","targetHints":{"allow":["GET"]}}],"collection":[{"href":"https:\/\/www.europesays.com\/fr\/wp-json\/wp\/v2\/posts"}],"about":[{"href":"https:\/\/www.europesays.com\/fr\/wp-json\/wp\/v2\/types\/post"}],"author":[{"embeddable":true,"href":"https:\/\/www.europesays.com\/fr\/wp-json\/wp\/v2\/users\/2"}],"replies":[{"embeddable":true,"href":"https:\/\/www.europesays.com\/fr\/wp-json\/wp\/v2\/comments?post=82350"}],"version-history":[{"count":0,"href":"https:\/\/www.europesays.com\/fr\/wp-json\/wp\/v2\/posts\/82350\/revisions"}],"wp:featuredmedia":[{"embeddable":true,"href":"https:\/\/www.europesays.com\/fr\/wp-json\/wp\/v2\/media\/82351"}],"wp:attachment":[{"href":"https:\/\/www.europesays.com\/fr\/wp-json\/wp\/v2\/media?parent=82350"}],"wp:term":[{"taxonomy":"category","embeddable":true,"href":"https:\/\/www.europesays.com\/fr\/wp-json\/wp\/v2\/categories?post=82350"},{"taxonomy":"post_tag","embeddable":true,"href":"https:\/\/www.europesays.com\/fr\/wp-json\/wp\/v2\/tags?post=82350"}],"curies":[{"name":"wp","href":"https:\/\/api.w.org\/{rel}","templated":true}]}}