{"id":82358,"date":"2025-05-07T17:00:09","date_gmt":"2025-05-07T17:00:09","guid":{"rendered":"https:\/\/www.europesays.com\/fr\/82358\/"},"modified":"2025-05-07T17:00:09","modified_gmt":"2025-05-07T17:00:09","slug":"deux-jeunes-interpelles-pour-un-go-fast-sur-la7-pres-de-lyon","status":"publish","type":"post","link":"https:\/\/www.europesays.com\/fr\/82358\/","title":{"rendered":"deux jeunes interpell\u00e9s pour un go fast sur l\u2019A7 pr\u00e8s de Lyon"},"content":{"rendered":"<p itemprop=\"description\"><strong>Gr\u00e2ce \u00e0 un renseignement anonyme, les douaniers ont intercept\u00e9 une Audi RS Q8 transportant plus de 140 kilos d\u2019herbe de cannabis dans la nuit du 30 avril au 1er mai, au niveau du p\u00e9age de Reventin-Vaugris (Is\u00e8re).<\/strong><\/p>\n<p>Les faits remontent \u00e0 la nuit du mardi 30 avril. Alert\u00e9s par un signalement sur un transport de drogue en provenance d\u2019Espagne, les agents des douanes ont mis en place un dispositif d\u2019interception sur l\u2019autoroute A7, \u00e0 hauteur du p\u00e9age de Reventin-Vaugris.<\/p>\n<p>Peu apr\u00e8s 23 heures, le v\u00e9hicule cibl\u00e9 : une Audi RS Q8 \u2014 v\u00e9hicule puissant et muni de fausses plaques \u2014 se pr\u00e9sente et force le passage. Le syst\u00e8me de herses \u00e9lectriques d\u00e9ploy\u00e9 permet de stopper sa course quelques centaines de m\u00e8tres plus loin, rapporte <a href=\"https:\/\/www.ledauphine.com\/faits-divers-justice\/2025\/05\/06\/un-go-fast-intercepte-par-les-douaniers-sur-l-a7-une-saisie-de-drogue-estimee-a-plus-d-1-million-d-euros\" target=\"_blank\" rel=\"noopener\">Le Dauphin\u00e9 Lib\u00e9r\u00e9<\/a>.\u00a0<\/p>\n<p>\u00c0 bord du v\u00e9hicule, les agents d\u00e9couvrent 134 sachets thermosoud\u00e9s contenant au total 141 kg d\u2019herbe de cannabis, \u00e9quivalent d&rsquo;1,1\u00a0million d\u2019euros\u00a0ainsi que deux t\u00e9l\u00e9phones portables. Deux jeunes convoyeurs sont interpell\u00e9s : un majeur de 22 ans, originaire des Ardennes, et un mineur de 17 ans venu du Havre.<\/p>\n<p>Remis aux enqu\u00eateurs de la Division de la criminalit\u00e9 organis\u00e9e et sp\u00e9cialis\u00e9e (DCOS) de Lyon, les deux suspects ont \u00e9t\u00e9 d\u00e9f\u00e9r\u00e9s dans leurs juridictions respectives. Le mineur a \u00e9t\u00e9 plac\u00e9 sous contr\u00f4le judiciaire avec un placement en centre \u00e9ducatif ferm\u00e9. Le majeur, d\u00e9j\u00e0 connu pour des faits de violence, a \u00e9t\u00e9 jug\u00e9 en comparution imm\u00e9diate \u00e0 Vienne le 5 mai.<\/p>\n<p>Il a \u00e9t\u00e9 condamn\u00e9 \u00e0 quatre ans de prison ferme avec mandat de d\u00e9p\u00f4t, assortis de trois mois suppl\u00e9mentaires pour refus d\u2019obtemp\u00e9rer. L\u2019homme devra \u00e9galement s\u2019acquitter d\u2019une amende douani\u00e8re d\u2019un montant \u00e9quivalent \u00e0 la valeur de la drogue saisie : 1,12 million d\u2019euros.<\/p>\n<p>Le v\u00e9hicule a \u00e9t\u00e9 confisqu\u00e9.<\/p>\n","protected":false},"excerpt":{"rendered":"Gr\u00e2ce \u00e0 un renseignement anonyme, les douaniers ont intercept\u00e9 une Audi RS Q8 transportant plus de 140 kilos&hellip;\n","protected":false},"author":2,"featured_media":82359,"comment_status":"","ping_status":"","sticky":false,"template":"","format":"standard","meta":{"footnotes":""},"categories":[1889],"tags":[1111,11,2813,2190,2430,1109,251,1112,2811,1777,674,118,1011,27,1922,1110,1114,2428,2810,12,241,316,25,2812,517,800],"class_list":{"0":"post-82358","1":"post","2":"type-post","3":"status-publish","4":"format-standard","5":"has-post-thumbnail","7":"category-lyon","8":"tag-actu","9":"tag-actualites","10":"tag-article","11":"tag-asvel","12":"tag-auvergne-rhone-alpes","13":"tag-breves","14":"tag-culture","15":"tag-depeches","16":"tag-economique","17":"tag-eu","18":"tag-europe","19":"tag-faits-divers","20":"tag-fr","21":"tag-france","22":"tag-info","23":"tag-informations","24":"tag-infos","25":"tag-lyon","26":"tag-lyonmag","27":"tag-news","28":"tag-ol","29":"tag-politique","30":"tag-republique-francaise","31":"tag-sociale","32":"tag-sport","33":"tag-transports"},"share_on_mastodon":{"url":"https:\/\/pubeurope.com\/@fr\/114467623740332923","error":""},"_links":{"self":[{"href":"https:\/\/www.europesays.com\/fr\/wp-json\/wp\/v2\/posts\/82358","targetHints":{"allow":["GET"]}}],"collection":[{"href":"https:\/\/www.europesays.com\/fr\/wp-json\/wp\/v2\/posts"}],"about":[{"href":"https:\/\/www.europesays.com\/fr\/wp-json\/wp\/v2\/types\/post"}],"author":[{"embeddable":true,"href":"https:\/\/www.europesays.com\/fr\/wp-json\/wp\/v2\/users\/2"}],"replies":[{"embeddable":true,"href":"https:\/\/www.europesays.com\/fr\/wp-json\/wp\/v2\/comments?post=82358"}],"version-history":[{"count":0,"href":"https:\/\/www.europesays.com\/fr\/wp-json\/wp\/v2\/posts\/82358\/revisions"}],"wp:featuredmedia":[{"embeddable":true,"href":"https:\/\/www.europesays.com\/fr\/wp-json\/wp\/v2\/media\/82359"}],"wp:attachment":[{"href":"https:\/\/www.europesays.com\/fr\/wp-json\/wp\/v2\/media?parent=82358"}],"wp:term":[{"taxonomy":"category","embeddable":true,"href":"https:\/\/www.europesays.com\/fr\/wp-json\/wp\/v2\/categories?post=82358"},{"taxonomy":"post_tag","embeddable":true,"href":"https:\/\/www.europesays.com\/fr\/wp-json\/wp\/v2\/tags?post=82358"}],"curies":[{"name":"wp","href":"https:\/\/api.w.org\/{rel}","templated":true}]}}