{"id":82360,"date":"2025-05-07T17:01:09","date_gmt":"2025-05-07T17:01:09","guid":{"rendered":"https:\/\/www.europesays.com\/fr\/82360\/"},"modified":"2025-05-07T17:01:09","modified_gmt":"2025-05-07T17:01:09","slug":"lyon-pourquoi-la-circulation-sur-la7-sannonce-cauchemardesque-pour-le-pont-du-8-mai","status":"publish","type":"post","link":"https:\/\/www.europesays.com\/fr\/82360\/","title":{"rendered":"Lyon. Pourquoi la circulation sur l&rsquo;A7 s&rsquo;annonce cauchemardesque pour le pont du 8-mai"},"content":{"rendered":"<p>            Par<br \/>\n        <strong><br \/>\n            <a href=\"https:\/\/actu.fr\/auteur\/anthony-soudani\" title=\"Consulter tous les articles de Anthony Soudani\" rel=\"nofollow noopener\" target=\"_blank\">Anthony Soudani<\/a><br \/>\n        <\/strong><\/p>\n<p>        Publi\u00e9 le<\/p>\n<p>            7 mai 2025 \u00e0 18h51        <\/p>\n<p>Il va falloir anticiper si vous partez dans le sud. La circulation s\u2019annonce cauchemardesque sur l\u2019<a href=\"https:\/\/actu.fr\/auvergne-rhone-alpes\/saint-romain-en-gal_69235\/a7-un-camion-prend-feu-pres-de-lyon-les-pompiers-interviennent-d-urgence_62609173.html\" rel=\"nofollow noopener\" target=\"_blank\">A7<\/a> lors du week-end du 8-mai, notamment dans le sens Marseille-<a href=\"https:\/\/actu.fr\/lyon\/\" rel=\"nofollow noopener\" target=\"_blank\">Lyon<\/a>, au moment des retours le dimanche 11 mai.<\/p>\n<p class=\" wall-content\">Selon bison fut\u00e9, la circulation sera tr\u00e8s difficile (class\u00e9e rouge) sur toute la r\u00e9gion <a href=\"https:\/\/actu.fr\/auvergne-rhone-alpes\/\" rel=\"nofollow noopener\" target=\"_blank\">Auvergne-Rh\u00f4ne-Alpes<\/a>, dans le sens des retours. <strong>Le trafic est d\u00e9j\u00e0 tr\u00e8s charg\u00e9<\/strong> pour les d\u00e9parts ce mercredi 7 mai. La circulation est class\u00e9e rouge dans le sens des d\u00e9parts.<\/p>\n<p class=\" wall-content\">\n<p>L\u2019A7 ferm\u00e9e dans le sens Marseille-Lyon \u00e0 Pierre-B\u00e9nite<\/p>\n<p class=\" wall-content\">Mais ce qui va ajouter des difficult\u00e9s aux automobilistes, d\u00e9j\u00e0 nombreux, est la fermeture d\u2019une portion de l\u2019A7, dans le sens <a href=\"https:\/\/actu.fr\/marseille\/\" rel=\"nofollow noopener\" target=\"_blank\">Marseille<\/a>-Lyon, au niveau des viaducs de Pierre-B\u00e9nite. La circulation sera totalement interrompue d\u00e8s <strong>ce mercredi 7 mai \u00e0 21h et jusqu\u2019au dimanche 11 mai \u00e0 midi.<\/strong><\/p>\n<p class=\" wall-content\">Cette fermeture exceptionnelle de\u00a0presque une semaine\u00a0s\u2019inscrit dans un chantier de plus d\u2019un an destin\u00e9 \u00e0 r\u00e9nover le viaduc autoroutier.<\/p>\n<p class=\" wall-content\">Lanc\u00e9 en d\u00e9cembre dernier, le chantier pr\u00e9voit une r\u00e9novation compl\u00e8te de l\u2019\u00e9tanch\u00e9it\u00e9, des joints de chauss\u00e9e et du rev\u00eatement, ainsi que des travaux de renforcement de la structure.<\/p>\n<p>Vid\u00e9os : en ce moment sur ActuDes itin\u00e9raires de d\u00e9viation<\/p>\n<p class=\" wall-content\">Des basculements de circulation et r\u00e9ductions de voies sont aussi attendus jusqu\u2019\u00e0 l\u2019automne, avec une fin de chantier annonc\u00e9e pour juin 2026. Pendant les travaux et la fermeture, les usagers sont incit\u00e9s \u00e0 \u00e9viter la zone en <strong>empruntant les axes de transit : Rocade Est + A46, D383 + BPNL, D383 + A42 + A46.<\/strong><\/p>\n<p class=\" wall-content\">Vinci conseille vivement aux automobilistes d\u2019\u00e9viter le secteur, de reporter leurs trajets ou d\u2019emprunter les transports en commun si possible. Des ralentissements importants sont attendus sur les itin\u00e9raires de substitution, en particulier autour de Saint-Fons, Oullins-Pierre-B\u00e9nite et le p\u00e9riph\u00e9rique de Lyon.<\/p>\n<p class=\" wall-content\">Suivez toute l\u2019actualit\u00e9 de vos villes et m\u00e9dias favoris en vous inscrivant \u00e0 <a href=\"https:\/\/moncompte.actu.fr\" title=\"D\u00e9couvez Mon Actu\" rel=\"nofollow noopener\" data-trk=\"{&quot;cta&quot;:{&quot;action&quot;:&quot;https:\\\/\\\/moncompte.actu.fr&quot;,&quot;category&quot;:&quot;mon compte&quot;,&quot;from&quot;:&quot;article footer&quot;,&quot;name&quot;:&quot;Mon actu&quot;,&quot;type&quot;:&quot;cta&quot;}}\" target=\"_blank\">Mon Actu<\/a>.<\/p>\n","protected":false},"excerpt":{"rendered":"Par Anthony Soudani Publi\u00e9 le 7 mai 2025 \u00e0 18h51 Il va falloir anticiper si vous partez dans&hellip;\n","protected":false},"author":2,"featured_media":82361,"comment_status":"","ping_status":"","sticky":false,"template":"","format":"standard","meta":{"footnotes":""},"categories":[1889],"tags":[1111,11,6423,2430,3542,1777,674,1011,27,2428,12,25,104,2086],"class_list":{"0":"post-82360","1":"post","2":"type-post","3":"status-publish","4":"format-standard","5":"has-post-thumbnail","7":"category-lyon","8":"tag-actu","9":"tag-actualites","10":"tag-autoroute-7-a7","11":"tag-auvergne-rhone-alpes","12":"tag-circulation","13":"tag-eu","14":"tag-europe","15":"tag-fr","16":"tag-france","17":"tag-lyon","18":"tag-news","19":"tag-republique-francaise","20":"tag-societe","21":"tag-travaux"},"share_on_mastodon":{"url":"https:\/\/pubeurope.com\/@fr\/114467627572724496","error":""},"_links":{"self":[{"href":"https:\/\/www.europesays.com\/fr\/wp-json\/wp\/v2\/posts\/82360","targetHints":{"allow":["GET"]}}],"collection":[{"href":"https:\/\/www.europesays.com\/fr\/wp-json\/wp\/v2\/posts"}],"about":[{"href":"https:\/\/www.europesays.com\/fr\/wp-json\/wp\/v2\/types\/post"}],"author":[{"embeddable":true,"href":"https:\/\/www.europesays.com\/fr\/wp-json\/wp\/v2\/users\/2"}],"replies":[{"embeddable":true,"href":"https:\/\/www.europesays.com\/fr\/wp-json\/wp\/v2\/comments?post=82360"}],"version-history":[{"count":0,"href":"https:\/\/www.europesays.com\/fr\/wp-json\/wp\/v2\/posts\/82360\/revisions"}],"wp:featuredmedia":[{"embeddable":true,"href":"https:\/\/www.europesays.com\/fr\/wp-json\/wp\/v2\/media\/82361"}],"wp:attachment":[{"href":"https:\/\/www.europesays.com\/fr\/wp-json\/wp\/v2\/media?parent=82360"}],"wp:term":[{"taxonomy":"category","embeddable":true,"href":"https:\/\/www.europesays.com\/fr\/wp-json\/wp\/v2\/categories?post=82360"},{"taxonomy":"post_tag","embeddable":true,"href":"https:\/\/www.europesays.com\/fr\/wp-json\/wp\/v2\/tags?post=82360"}],"curies":[{"name":"wp","href":"https:\/\/api.w.org\/{rel}","templated":true}]}}