{"id":82390,"date":"2025-05-07T17:16:11","date_gmt":"2025-05-07T17:16:11","guid":{"rendered":"https:\/\/www.europesays.com\/fr\/82390\/"},"modified":"2025-05-07T17:16:11","modified_gmt":"2025-05-07T17:16:11","slug":"briatore-et-oakes-dementent-toute-divergence-a-la-tete-dalpine","status":"publish","type":"post","link":"https:\/\/www.europesays.com\/fr\/82390\/","title":{"rendered":"Briatore et Oakes d\u00e9mentent toute divergence \u00e0 la t\u00eate d&rsquo;Alpine"},"content":{"rendered":"<p>Les derni\u00e8res heures sont agit\u00e9es chez <a href=\"https:\/\/fr.motorsport.com\/team\/alpine\/37490\/\" target=\"_blank\" rel=\"noopener\">Alpine<\/a>, qui fait la une de l&rsquo;actualit\u00e9 sur fond d&rsquo;instabilit\u00e9 avec deux d\u00e9cisions importantes annonc\u00e9es entre les Grands Prix de Miami et d&rsquo;\u00c9milie-Romagne. D&rsquo;une part, le remplacement de <a href=\"https:\/\/fr.motorsport.com\/driver\/jack-doohan\/455259\/\" target=\"_blank\" rel=\"noopener\">Jack Doohan<\/a> par <a href=\"https:\/\/fr.motorsport.com\/driver\/franco-colapinto\/875918\/\" target=\"_blank\" rel=\"noopener\">Franco Colapinto<\/a>, pressenti depuis plusieurs jours, <a href=\"https:\/\/fr.motorsport.com\/f1\/news\/alpine-remplace-doohan-colapinto-officiel\/10720300\/\" target=\"_self\" rel=\"noopener\">a \u00e9t\u00e9 officialis\u00e9 pour cinq Grands Prix seulement<\/a>. D&rsquo;autre part, <a href=\"https:\/\/fr.motorsport.com\/f1\/news\/oakes-demissionne-briatore-seul-commandes-alpine\/10720564\/\" target=\"_blank\" rel=\"noopener\">Oliver Oakes a d\u00e9missionn\u00e9 de son poste de directeur d&rsquo;\u00e9curie<\/a> \u00e0 Enstone, laissant Flavio Briatore d\u00e9sormais seul aux commandes.<\/p>\n<p>Le lien entre ces deux annonces pourrait sauter aux yeux, n\u00e9anmoins le conseiller ex\u00e9cutif et d\u00e9sormais \u00e9galement directeur de l&rsquo;\u00e9curie Alpine assure qu&rsquo;il n&rsquo;en est rien. Mercredi, il a estim\u00e9 n\u00e9cessaire de faire une mise au point en ce sens, insistant pour dire qu&rsquo;Oliver Oakes avait quitt\u00e9 son poste \u00ab\u00a0pour des raisons personnelles\u00a0\u00bb et non en raison d&rsquo;une m\u00e9sentente entre les deux dirigeants.\u00a0<\/p>\n<p>\u00ab\u00a0Beaucoup de choses ont \u00e9t\u00e9 dites ces 24 derni\u00e8res heures, liant de mani\u00e8re erron\u00e9e la d\u00e9cision d&rsquo;Oli de d\u00e9missionner \u00e0 une suspicion de d\u00e9saccord, ou de divergences de point de vue que nous partagerions\u00a0\u00bb, affirme Flavio Briatore. \u00ab\u00a0C&rsquo;est compl\u00e8tement faux et tr\u00e8s \u00e9loign\u00e9 de la v\u00e9rit\u00e9.\u00a0\u00bb<\/p>\n<p>\u00ab\u00a0Oli et moi entretenons de tr\u00e8s bonnes relations et avions des ambitions \u00e0 long terme pour mener ensemble cette \u00e9quipe plus haut. Nous respectons la demande d&rsquo;Oli de d\u00e9missionner et nous l&rsquo;avons donc accept\u00e9e. Les raisons ne sont pas li\u00e9es \u00e0 l&rsquo;\u00e9quipe et sont de nature personnelle.\u00a0\u00bb<\/p>\n<p>\u00ab\u00a0Je continuerai d&rsquo;\u00eatre de plus en plus impliqu\u00e9 au sein de l&rsquo;\u00e9quipe, aux c\u00f4t\u00e9s de l&rsquo;\u00e9quipe dirigeante solide que nous avons d\u00e9j\u00e0 mise en place. Nous travaillerons dur pour am\u00e9liorer notre position et pour pr\u00e9parer 2026.\u00a0\u00bb<\/p>\n<p>Flavio Briatore a accompagn\u00e9 cette mise au point d&rsquo;un message personnel directement adress\u00e9 par Oliver Oakes, qui avait pris le poste de directeur d&rsquo;\u00e9curie \u00e0 l&rsquo;\u00e9t\u00e9 2024.<\/p>\n<p>\u00ab\u00a0Ce fut un privil\u00e8ge de diriger tout ce personnel \u00e0 Enstone : quelle \u00e9quipe et quel endroit\u00a0\u00bb, \u00e9crit le Britannique. \u00ab\u00a0C&rsquo;est une d\u00e9cision personnelle pour moi que celle de d\u00e9missionner. Flavio a \u00e9t\u00e9 comme un p\u00e8re pour moi, il m&rsquo;a toujours soutenu depuis que j&rsquo;ai pris mes fonctions, tout en me donnant cette opportunit\u00e9. Tout le monde est en place pour 2026 et pour que cette \u00e9quipe r\u00e9alise le r\u00eave qu&rsquo;elle m\u00e9rite ! Je crois en Enstone.\u00a0\u00bb<\/p>\n<p>Lire aussi :<\/p>\n<p>Dans cet article<\/p>\n<p>    Basile Davoine\n<\/p>\n<p>    Formule 1\n<\/p>\n<p>    Alpine\n<\/p>\n<p>Soyez le premier inform\u00e9 et souscrivez aux alertes mails pour recevoir les infos en temps r\u00e9el<\/p>\n<p>    S&rsquo;abonner aux alertes de news<\/p>\n","protected":false},"excerpt":{"rendered":"Les derni\u00e8res heures sont agit\u00e9es chez Alpine, qui fait la une de l&rsquo;actualit\u00e9 sur fond d&rsquo;instabilit\u00e9 avec deux&hellip;\n","protected":false},"author":2,"featured_media":82391,"comment_status":"","ping_status":"","sticky":false,"template":"","format":"standard","meta":{"footnotes":""},"categories":[2],"tags":[11,2674,14792,1454,1011,27,12,18708,25],"class_list":{"0":"post-82390","1":"post","2":"type-post","3":"status-publish","4":"format-standard","5":"has-post-thumbnail","7":"category-actualites","8":"tag-actualites","9":"tag-alpine","10":"tag-flavio-briatore","11":"tag-formule-1","12":"tag-fr","13":"tag-france","14":"tag-news","15":"tag-oliver-oakes","16":"tag-republique-francaise"},"share_on_mastodon":{"url":"https:\/\/pubeurope.com\/@fr\/114467686594521230","error":""},"_links":{"self":[{"href":"https:\/\/www.europesays.com\/fr\/wp-json\/wp\/v2\/posts\/82390","targetHints":{"allow":["GET"]}}],"collection":[{"href":"https:\/\/www.europesays.com\/fr\/wp-json\/wp\/v2\/posts"}],"about":[{"href":"https:\/\/www.europesays.com\/fr\/wp-json\/wp\/v2\/types\/post"}],"author":[{"embeddable":true,"href":"https:\/\/www.europesays.com\/fr\/wp-json\/wp\/v2\/users\/2"}],"replies":[{"embeddable":true,"href":"https:\/\/www.europesays.com\/fr\/wp-json\/wp\/v2\/comments?post=82390"}],"version-history":[{"count":0,"href":"https:\/\/www.europesays.com\/fr\/wp-json\/wp\/v2\/posts\/82390\/revisions"}],"wp:featuredmedia":[{"embeddable":true,"href":"https:\/\/www.europesays.com\/fr\/wp-json\/wp\/v2\/media\/82391"}],"wp:attachment":[{"href":"https:\/\/www.europesays.com\/fr\/wp-json\/wp\/v2\/media?parent=82390"}],"wp:term":[{"taxonomy":"category","embeddable":true,"href":"https:\/\/www.europesays.com\/fr\/wp-json\/wp\/v2\/categories?post=82390"},{"taxonomy":"post_tag","embeddable":true,"href":"https:\/\/www.europesays.com\/fr\/wp-json\/wp\/v2\/tags?post=82390"}],"curies":[{"name":"wp","href":"https:\/\/api.w.org\/{rel}","templated":true}]}}