{"id":82392,"date":"2025-05-07T17:17:22","date_gmt":"2025-05-07T17:17:22","guid":{"rendered":"https:\/\/www.europesays.com\/fr\/82392\/"},"modified":"2025-05-07T17:17:22","modified_gmt":"2025-05-07T17:17:22","slug":"pourquoi-shein-et-temu-misent-des-fortunes-sur-la-france","status":"publish","type":"post","link":"https:\/\/www.europesays.com\/fr\/82392\/","title":{"rendered":"Pourquoi Shein et Temu misent des fortunes sur la France ?"},"content":{"rendered":"<p class=\"articleHead-lead\">\n            Trop tax\u00e9s aux \u00c9tats-Unis, Shein et Temu ont pli\u00e9 bagage\u2026 pour mieux se jeter sur l\u2019Europe. A coup de millions d\u2019euros de budget pub et marketing, ces marques d\u2019ultra fast fashion foncent droit sur les Fran\u00e7ais, fans de mode low cost !\n        <\/p>\n<ul class=\"articleMainFollow-list\">\n<li class=\"articleMainFollow-item\">\n<p>                        Sauvegarder<\/p>\n<p>                        Sauvegard\u00e9<\/p>\n<\/li>\n<li class=\"articleMainFollow-item\">\n<\/li>\n<\/ul>\n<p>\n                    Recevoir les alertes E-commerce\n                <\/p>\n<p>Persona non grata aux \u00c9tats-Unis, les marques chinoises d\u2019ultra fast fashion Shein et Temu font les frais de la politique douani\u00e8re instaur\u00e9e par le pr\u00e9sident Donald Trump. D\u00e9sormais, les colis chinois qui entrent sur le territoire am\u00e9ricain sont tax\u00e9s entre 120 et 145% de leur valeur. Ces tarifs douaniers, qui doublent d\u00e9sormais le prix des produits, font chuter leurs ventes. Exactement l\u2019effet escompt\u00e9 par Donald Trump !<\/p>\n<p>Alors chass\u00e9s d\u2019un c\u00f4t\u00e9 de l\u2019Atlantique, <a href=\"https:\/\/www.capital.fr\/conso\/fast-fashion-le-geant-chinois-shein-va-t-il-bientot-detroner-le-leader-zara-1503706\" rel=\"nofollow noopener\" target=\"_blank\">Shein<\/a> et Temu, contraints de trouver un nouveau terrain de jeu pour \u00e9couler leurs produits, s\u2019installent en force&#8230; en Europe, et particuli\u00e8rement en France. Selon les donn\u00e9es exclusives de Sensor Tower relay\u00e9es par Reuters, les d\u00e9penses publicitaires de Shein et Temu ont connu la plus forte hausse en France et au Royaume-Uni par rapport aux autres pays europ\u00e9ens. En un mois, <strong>Shein a gonfl\u00e9 son budget pub de 35% et Temu de 40% en France<\/strong>. Sur un an, la hausse atteint 45% pour Shein et 20% pour Temu. Pendant ce temps, aux \u00c9tats-Unis, elles coupent les robinets\u00a0: -31% pour Shein et -19% pour Temu sur les r\u00e9seaux sociaux entre mars et avril 2025. Les deux entreprises se concentrent d\u00e9sormais sur la fid\u00e9lisation de leur client\u00e8le am\u00e9ricaine actuelle, qui repr\u00e9sente 28% des ventes de Shein en 2023.<\/p>\n<p>        \u00c0 lire aussi :<br \/>\n        <a class=\"articleToRead-link\" href=\"https:\/\/www.capital.fr\/entreprises-marches\/le-patron-de-cooperative-u-etrille-shein-on-ne-travaille-pas-a-armes-egales-1513535\" data-wide=\"\" rel=\"nofollow noopener\" target=\"_blank\"><br \/>\n            Le patron de Coop\u00e9rative U \u00e9trille Shein : \u00abOn ne travaille pas \u00e0 armes \u00e9gales\u00bb<br \/>\n        <\/a><\/p>\n<p>Des ventes en hausse de 178% pour Temu et de 58% pour Shein<\/p>\n<p>Le choix de miser sur la France n\u2019a rien d&rsquo;un hasard. Nos concitoyens sont des <a href=\"https:\/\/www.capital.fr\/entreprises-marches\/shein-temu-les-plateformes-chinoises-devorent-le-marche-de-la-mode-1509231\" rel=\"nofollow noopener\" target=\"_blank\">fans des deux marques<\/a>. La preuve ? En 2024, selon l\u2019Observatoire \u00e9conomique de l&rsquo;Institut fran\u00e7ais de la mode (IFM), 19,9% des Fran\u00e7ais ont achet\u00e9 des produits de mode sur Shein et 6,6% sur Temu. Entre 2023 et 2024, les ventes en valeur de Shein ont augment\u00e9 de 58%, selon les donn\u00e9es publi\u00e9es par l\u2019application de shopping Joko, tandis que celles de Temu, qui livre deux millions de Fran\u00e7ais chaque mois, ont explos\u00e9 de 178% sur la m\u00eame p\u00e9riode. Sur les douze derniers mois, <strong>les Fran\u00e7ais ont au total d\u00e9pens\u00e9 4,8 milliards d&rsquo;euros chez Shein et Temu<\/strong>, avec une r\u00e9partition respective de 3 et 1,8 milliards, avance le pan\u00e9liste Circana. En valeur, le trio Amazon, Shein et Temu totalise \u00e0 lui seul 24% des ventes en ligne au cours du premier trimestre 2025.<\/p>\n<p>        \u00c0 lire aussi :<br \/>\n        <a class=\"articleToRead-link\" href=\"https:\/\/www.capital.fr\/entreprises-marches\/shein-et-temu-faut-il-croire-aux-promesses-de-controle-renforce-des-produits-quils-vous-vendent-1512775\" data-wide=\"\" rel=\"nofollow noopener\" target=\"_blank\"><br \/>\n            Shein et Temu : faut-il croire aux promesses de contr\u00f4le renforc\u00e9 des produits qu\u2019ils vous vendent ?<br \/>\n        <\/a><\/p>\n<p>Mais l\u2019eldorado europ\u00e9en pourrait vite tourner au champ de mines r\u00e9glementaire. Comme les \u00c9tats-Unis, <a href=\"https:\/\/www.capital.fr\/entreprises-marches\/vous-aimez-acheter-sur-shein-attendez-vous-a-payer-plus-cher-1509648\" rel=\"nofollow noopener\" target=\"_blank\">l\u2019Europe veut aussi mettre des b\u00e2tons dans les roues de ces plateformes chinoises<\/a> qui d\u00e9versent des produits cheap, de mauvaise qualit\u00e9, voire dangereux pour les consommateurs. L&rsquo;ex\u00e9cutif fran\u00e7ais a pr\u00e9sent\u00e9, fin avril, un plan pour faire payer \u00abdes frais de gestion\u00bb sur chaque petit colis entrant en Europe, d\u00e8s 2026, afin de financer les contr\u00f4les appel\u00e9s \u00e0 se renforcer. Il s\u2019agit de faire \u00abpayer aux importateurs, aux plateformes, et non pas aux consommateurs, un petit montant forfaitaire sur les colis\u00bb, a d\u00e9clar\u00e9 la ministre des Comptes publics Am\u00e9lie de Montchalin, \u00e9voquant quelques euros par colis, sans pr\u00e9ciser le montant. Cet imp\u00f4t serait appliqu\u00e9 \u00e0 partir de 2026, jusqu\u2019en 2028, date \u00e0 laquelle l\u2019Union europ\u00e9enne pourrait supprimer l\u2019exon\u00e9ration de taxe douani\u00e8re sur les colis d\u2019une valeur inf\u00e9rieure \u00e0 150 euros, arrivant depuis des pays en dehors de l\u2019Union europ\u00e9enne.<\/p>\n<p>        Recevez nos derni\u00e8res news<\/p>\n<p>        Chaque matin, les infos \u00e0 retenir sur les <b>march\u00e9s financiers<\/b>.<\/p>\n","protected":false},"excerpt":{"rendered":"Trop tax\u00e9s aux \u00c9tats-Unis, Shein et Temu ont pli\u00e9 bagage\u2026 pour mieux se jeter sur l\u2019Europe. A coup&hellip;\n","protected":false},"author":2,"featured_media":82393,"comment_status":"","ping_status":"","sticky":false,"template":"","format":"standard","meta":{"footnotes":""},"categories":[4],"tags":[11,130,7027,1011,27,12,25,1104],"class_list":{"0":"post-82392","1":"post","2":"type-post","3":"status-publish","4":"format-standard","5":"has-post-thumbnail","7":"category-france","8":"tag-actualites","9":"tag-consommation","10":"tag-e-commerce","11":"tag-fr","12":"tag-france","13":"tag-news","14":"tag-republique-francaise","15":"tag-shein"},"share_on_mastodon":{"url":"https:\/\/pubeurope.com\/@fr\/114467690469022849","error":""},"_links":{"self":[{"href":"https:\/\/www.europesays.com\/fr\/wp-json\/wp\/v2\/posts\/82392","targetHints":{"allow":["GET"]}}],"collection":[{"href":"https:\/\/www.europesays.com\/fr\/wp-json\/wp\/v2\/posts"}],"about":[{"href":"https:\/\/www.europesays.com\/fr\/wp-json\/wp\/v2\/types\/post"}],"author":[{"embeddable":true,"href":"https:\/\/www.europesays.com\/fr\/wp-json\/wp\/v2\/users\/2"}],"replies":[{"embeddable":true,"href":"https:\/\/www.europesays.com\/fr\/wp-json\/wp\/v2\/comments?post=82392"}],"version-history":[{"count":0,"href":"https:\/\/www.europesays.com\/fr\/wp-json\/wp\/v2\/posts\/82392\/revisions"}],"wp:featuredmedia":[{"embeddable":true,"href":"https:\/\/www.europesays.com\/fr\/wp-json\/wp\/v2\/media\/82393"}],"wp:attachment":[{"href":"https:\/\/www.europesays.com\/fr\/wp-json\/wp\/v2\/media?parent=82392"}],"wp:term":[{"taxonomy":"category","embeddable":true,"href":"https:\/\/www.europesays.com\/fr\/wp-json\/wp\/v2\/categories?post=82392"},{"taxonomy":"post_tag","embeddable":true,"href":"https:\/\/www.europesays.com\/fr\/wp-json\/wp\/v2\/tags?post=82392"}],"curies":[{"name":"wp","href":"https:\/\/api.w.org\/{rel}","templated":true}]}}