{"id":82430,"date":"2025-05-07T17:41:30","date_gmt":"2025-05-07T17:41:30","guid":{"rendered":"https:\/\/www.europesays.com\/fr\/82430\/"},"modified":"2025-05-07T17:41:30","modified_gmt":"2025-05-07T17:41:30","slug":"saint-etienne-jai-teste-pour-vous-la-visite-guidee-de-la-demeure-chamoncel","status":"publish","type":"post","link":"https:\/\/www.europesays.com\/fr\/82430\/","title":{"rendered":"Saint-\u00c9tienne. J\u2019ai test\u00e9 pour vous\u2026 la visite guid\u00e9e de la demeure Chamoncel"},"content":{"rendered":"<p>La visite commence par un tour d\u2019horizon de la ville. En 1167, alors qu\u2019un seigneur r\u00e9gnait depuis son ch\u00e2teau surplombant Saint-\u00c9tienne (situ\u00e9 sur les hauteurs de l\u2019actuelle commune de Saint-Priest-en-Jarez), le premier bourg st\u00e9phanois aurait \u00e9t\u00e9 fond\u00e9, avant son int\u00e9gration au royaume de France.<\/p>\n<p>Ensuite, nous d\u00e9couvrons la demeure Chamoncel, situ\u00e9e entre le Caf\u00e9 du vieux Saint-\u00c9tienne et la boulangerie Le Pain royal. Cet \u00e9difice singulier juxtapose une structure de pierre \u00e0 une partie en bois, dat\u00e9e de&#8230;<\/p>\n","protected":false},"excerpt":{"rendered":"La visite commence par un tour d\u2019horizon de la ville. En 1167, alors qu\u2019un seigneur r\u00e9gnait depuis son&hellip;\n","protected":false},"author":2,"featured_media":82431,"comment_status":"","ping_status":"","sticky":false,"template":"","format":"standard","meta":{"footnotes":""},"categories":[9653],"tags":[1111,11,2430,1687,7539,1777,674,1011,27,12,2661,25,4001,7538],"class_list":{"0":"post-82430","1":"post","2":"type-post","3":"status-publish","4":"format-standard","5":"has-post-thumbnail","7":"category-saint-etienne","8":"tag-actu","9":"tag-actualites","10":"tag-auvergne-rhone-alpes","11":"tag-culture-loisirs","12":"tag-edition-loire-sud","13":"tag-eu","14":"tag-europe","15":"tag-fr","16":"tag-france","17":"tag-news","18":"tag-patrimoine-culturel","19":"tag-republique-francaise","20":"tag-saint-etienne","21":"tag-saint-etienne-ville"},"share_on_mastodon":{"url":"https:\/\/pubeurope.com\/@fr\/114467784847445532","error":""},"_links":{"self":[{"href":"https:\/\/www.europesays.com\/fr\/wp-json\/wp\/v2\/posts\/82430","targetHints":{"allow":["GET"]}}],"collection":[{"href":"https:\/\/www.europesays.com\/fr\/wp-json\/wp\/v2\/posts"}],"about":[{"href":"https:\/\/www.europesays.com\/fr\/wp-json\/wp\/v2\/types\/post"}],"author":[{"embeddable":true,"href":"https:\/\/www.europesays.com\/fr\/wp-json\/wp\/v2\/users\/2"}],"replies":[{"embeddable":true,"href":"https:\/\/www.europesays.com\/fr\/wp-json\/wp\/v2\/comments?post=82430"}],"version-history":[{"count":0,"href":"https:\/\/www.europesays.com\/fr\/wp-json\/wp\/v2\/posts\/82430\/revisions"}],"wp:featuredmedia":[{"embeddable":true,"href":"https:\/\/www.europesays.com\/fr\/wp-json\/wp\/v2\/media\/82431"}],"wp:attachment":[{"href":"https:\/\/www.europesays.com\/fr\/wp-json\/wp\/v2\/media?parent=82430"}],"wp:term":[{"taxonomy":"category","embeddable":true,"href":"https:\/\/www.europesays.com\/fr\/wp-json\/wp\/v2\/categories?post=82430"},{"taxonomy":"post_tag","embeddable":true,"href":"https:\/\/www.europesays.com\/fr\/wp-json\/wp\/v2\/tags?post=82430"}],"curies":[{"name":"wp","href":"https:\/\/api.w.org\/{rel}","templated":true}]}}