{"id":82434,"date":"2025-05-07T17:43:23","date_gmt":"2025-05-07T17:43:23","guid":{"rendered":"https:\/\/www.europesays.com\/fr\/82434\/"},"modified":"2025-05-07T17:43:23","modified_gmt":"2025-05-07T17:43:23","slug":"voici-ou-et-quand-elle-aura-lieu","status":"publish","type":"post","link":"https:\/\/www.europesays.com\/fr\/82434\/","title":{"rendered":"voici o\u00f9 et quand elle aura lieu"},"content":{"rendered":"<p>            Par<br \/>\n        <strong><br \/>\n            <a href=\"https:\/\/actu.fr\/auteur\/pierre-emile-bouchy-actu-fr\" title=\"Consulter tous les articles de Paul-Emile Bouchy\" target=\"_blank\" rel=\"noopener\">Paul-Emile Bouchy<\/a><br \/>\n        <\/strong><\/p>\n<p>        Publi\u00e9 le<\/p>\n<p>            7 mai 2025 \u00e0 18h29        <\/p>\n<p>Ce jeudi 8\u00a0mai 2025 marquera <strong>les 80\u00a0ans de la victoire<\/strong> des forces alli\u00e9s sur l\u2019Allemagne nazie et la fin de la <a href=\"https:\/\/actu.fr\/tag\/seconde-guerre-mondiale\" target=\"_blank\" rel=\"noopener\">Seconde Guerre mondiale<\/a> en Europe.<\/p>\n<p class=\" wall-content\">Comme dans les autres communes de France, <a href=\"https:\/\/actu.fr\/grand-est\/nancy_54395\" target=\"_blank\" rel=\"noopener\">Nancy<\/a> va <strong>comm\u00e9morer cette journ\u00e9e lors d\u2019une c\u00e9r\u00e9monie<\/strong>.<\/p>\n<p>Une c\u00e9r\u00e9monie en fin d\u2019apr\u00e8s-midi \u00e0 Nancy<\/p>\n<p class=\" wall-content\">Si certaines c\u00e9r\u00e9monies vont avoir lieu dans la matin\u00e9e, comme \u00e0 Thionville qui sera <a href=\"https:\/\/actu.fr\/grand-est\/thionville_57672\/ceremonie-du-8-mai-deux-mirages-2000d-vont-survoler-cette-ville-de-moselle_62598896.html\" target=\"_blank\" rel=\"noopener\">survol\u00e9e<\/a><a href=\"https:\/\/actu.fr\/grand-est\/thionville_57672\/ceremonie-du-8-mai-deux-mirages-2000d-vont-survoler-cette-ville-de-moselle_62598896.html\" target=\"_blank\" rel=\"noopener\"> par deux Mirages 2000D<\/a>, celle de Nancy aura lieu <strong>\u00e0 partir de 17h au m\u00e9morial D\u00e9silles<\/strong>.<\/p>\n<p class=\" wall-content\">Voici le d\u00e9roul\u00e9\u2009:<\/p>\n<ul class=\" wall-content\">\n<li>Salut au drapeau\u2009;<\/li>\n<li>Revue des troupes\u2009;<\/li>\n<li>Remise de d\u00e9corations\u2009;<\/li>\n<li>Lectures et allocutions\u2009;<\/li>\n<li>D\u00e9p\u00f4t de gerbes\u2009;<\/li>\n<li>Ravivage de la flamme du Souvenir et hommage aux Morts\u2009;<\/li>\n<li>Chant de la Marseille a cappella par le ch\u0153ur de la chorale de Sciences Po.<\/li>\n<\/ul>\n<p>Vid\u00e9os : en ce moment sur Actu<\/p>\n<p class=\" wall-content\">La c\u00e9r\u00e9monie s\u2019ach\u00e8vera \u00e0 18h.<\/p>\n<p class=\" wall-content\">Suivez toute l\u2019actualit\u00e9 de vos villes et m\u00e9dias favoris en vous inscrivant \u00e0 <a href=\"https:\/\/moncompte.actu.fr\" title=\"D\u00e9couvez Mon Actu\" rel=\"nofollow noopener\" data-trk=\"{&quot;cta&quot;:{&quot;action&quot;:&quot;https:\\\/\\\/moncompte.actu.fr&quot;,&quot;category&quot;:&quot;mon compte&quot;,&quot;from&quot;:&quot;article footer&quot;,&quot;name&quot;:&quot;Mon actu&quot;,&quot;type&quot;:&quot;cta&quot;}}\" target=\"_blank\">Mon Actu<\/a>.<\/p>\n","protected":false},"excerpt":{"rendered":"Par Paul-Emile Bouchy Publi\u00e9 le 7 mai 2025 \u00e0 18h29 Ce jeudi 8\u00a0mai 2025 marquera les 80\u00a0ans de&hellip;\n","protected":false},"author":2,"featured_media":82435,"comment_status":"","ping_status":"","sticky":false,"template":"","format":"standard","meta":{"footnotes":""},"categories":[9635],"tags":[1111,11,1777,674,1011,27,775,1702,12,25,935,104],"class_list":{"0":"post-82434","1":"post","2":"type-post","3":"status-publish","4":"format-standard","5":"has-post-thumbnail","7":"category-nancy","8":"tag-actu","9":"tag-actualites","10":"tag-eu","11":"tag-europe","12":"tag-fr","13":"tag-france","14":"tag-grand-est","15":"tag-nancy","16":"tag-news","17":"tag-republique-francaise","18":"tag-seconde-guerre-mondiale","19":"tag-societe"},"share_on_mastodon":{"url":"https:\/\/pubeurope.com\/@fr\/114467792742045612","error":""},"_links":{"self":[{"href":"https:\/\/www.europesays.com\/fr\/wp-json\/wp\/v2\/posts\/82434","targetHints":{"allow":["GET"]}}],"collection":[{"href":"https:\/\/www.europesays.com\/fr\/wp-json\/wp\/v2\/posts"}],"about":[{"href":"https:\/\/www.europesays.com\/fr\/wp-json\/wp\/v2\/types\/post"}],"author":[{"embeddable":true,"href":"https:\/\/www.europesays.com\/fr\/wp-json\/wp\/v2\/users\/2"}],"replies":[{"embeddable":true,"href":"https:\/\/www.europesays.com\/fr\/wp-json\/wp\/v2\/comments?post=82434"}],"version-history":[{"count":0,"href":"https:\/\/www.europesays.com\/fr\/wp-json\/wp\/v2\/posts\/82434\/revisions"}],"wp:featuredmedia":[{"embeddable":true,"href":"https:\/\/www.europesays.com\/fr\/wp-json\/wp\/v2\/media\/82435"}],"wp:attachment":[{"href":"https:\/\/www.europesays.com\/fr\/wp-json\/wp\/v2\/media?parent=82434"}],"wp:term":[{"taxonomy":"category","embeddable":true,"href":"https:\/\/www.europesays.com\/fr\/wp-json\/wp\/v2\/categories?post=82434"},{"taxonomy":"post_tag","embeddable":true,"href":"https:\/\/www.europesays.com\/fr\/wp-json\/wp\/v2\/tags?post=82434"}],"curies":[{"name":"wp","href":"https:\/\/api.w.org\/{rel}","templated":true}]}}