{"id":82446,"date":"2025-05-07T17:49:08","date_gmt":"2025-05-07T17:49:08","guid":{"rendered":"https:\/\/www.europesays.com\/fr\/82446\/"},"modified":"2025-05-07T17:49:08","modified_gmt":"2025-05-07T17:49:08","slug":"commerces-loisirs-ce-qui-est-ouvert-a-rouen-ce-jeudi-8-mai-ferie","status":"publish","type":"post","link":"https:\/\/www.europesays.com\/fr\/82446\/","title":{"rendered":"Commerces, loisirs&#8230; Ce qui est ouvert \u00e0 Rouen ce jeudi 8 mai f\u00e9ri\u00e9"},"content":{"rendered":"<p>            Par<br \/>\n        <strong><br \/>\n            <a href=\"https:\/\/actu.fr\/auteur\/adrien-filoche\" title=\"Consulter tous les articles de Adrien Filoche\" rel=\"nofollow noopener\" target=\"_blank\">Adrien Filoche<\/a><br \/>\n        <\/strong><\/p>\n<p>        Publi\u00e9 le<\/p>\n<p>            7 mai 2025 \u00e0 19h24        <\/p>\n<p>Quoi de pr\u00e9vu pour ce jeudi 8\u00a0mai, jour f\u00e9ri\u00e9 f\u00eatant la victoire de 1945\u2009? Pour vous aider \u00e0 voir plus clair, la r\u00e9daction de 76actu vous a list\u00e9 <strong>les commerces qui seront ouverts<\/strong> ce jeudi 8\u00a0mai 2025 dans la ville de <a href=\"https:\/\/actu.fr\/normandie\/rouen_76540\" rel=\"nofollow noopener\" target=\"_blank\">Rouen (Seine-Maritime)<\/a> et ses alentours ce jour f\u00e9ri\u00e9 <strong>(liste non exhaustive).<\/strong><\/p>\n<p>Les commerces ouverts \u00e0 Rouen<\/p>\n<p class=\" wall-content\"><strong>Monoprix Rouen<\/strong>\u2009: ouvert<br \/><strong>Intermarch\u00e9 Rouen rue de Constantine, rue Ecuy\u00e8re, rue De La Mare Du Parc, rue Jeanne-d\u2019Arc<\/strong>\u2009: ouverts<br \/><strong>Intermarch\u00e9 Rouen Saint-Marc\u2009: <\/strong>ferm\u00e9<br \/><strong>E.Leclerc Saint-Sever<\/strong>\u2009: ouvert de 9h \u00e0 19h<br \/><strong>Carrefour rue Saint-Hilaire, rue Saint-Sever, rue Saint-Julien, avenue Pasteur, rue Jeanne-d\u2019Arc, rue de la R\u00e9publique<\/strong>\u2009: ouverts<\/p>\n<p>Et dans les alentours de Rouen\u2009?<\/p>\n<p class=\" wall-content\"><strong>Jardinerie Poulain Petit-Quevilly<\/strong>\u2009: ouvert de 9h30 \u00e0 19h<br \/><strong>Truffaut Isneauville<\/strong>\u2009: ouvert<br \/><strong>E.Leclerc Bapeaume-l\u00e8s-Rouen\/Canteleu<\/strong>\u2009: ouvert de 8h30 \u00e0 13h<br \/><strong>Intermarch\u00e9 Saint-\u00c9tienne-du-Rouvray<\/strong>\u2009: ouvert de 9h \u00e0 13h<br \/><strong>Ikea Tourville-la-Rivi\u00e8re<\/strong>\u2009: ouvert<br \/><strong>Carrefour Tourville-la-Rivi\u00e8re<\/strong>\u2009: ouvert de 9h \u00e0 20h<br \/><strong>Leroy Merlin Isneauville et Tourville-la-Rivi\u00e8re<\/strong>\u2009: ouverts<\/p>\n<p>Sortir \u00e0 Rouen le jeudi 8\u00a0mai<\/p>\n<p class=\" wall-content\">Les mus\u00e9es de la M\u00e9tropole, dont celui des Beaux-Arts ou le Mus\u00e9um d\u2019histoire naturelle sont ouverts ce jeudi 8\u00a0mai. Les cin\u00e9mas de la ville (Path\u00e9, Omnia, Kinepolis, Gaumont\u2026) seront eux aussi pr\u00eats \u00e0 vous accueillir.<\/p>\n<p>Suivez l\u2019actualit\u00e9 de Rouen sur <a href=\"https:\/\/www.whatsapp.com\/channel\/0029VaKfnf99hXF2ddApFB1D\" rel=\"nofollow noopener\" target=\"_blank\">notre cha\u00eene WhatsApp<\/a> et sur <a href=\"https:\/\/www.tiktok.com\/@76actu.fr?lang=fr\" rel=\"nofollow noopener\" target=\"_blank\">notre compte TikTok<\/a><\/p>\n<p class=\" wall-content\">Suivez toute l\u2019actualit\u00e9 de vos villes et m\u00e9dias favoris en vous inscrivant \u00e0 <a href=\"https:\/\/moncompte.actu.fr\" title=\"D\u00e9couvez Mon Actu\" rel=\"nofollow noopener\" data-trk=\"{&quot;cta&quot;:{&quot;action&quot;:&quot;https:\\\/\\\/moncompte.actu.fr&quot;,&quot;category&quot;:&quot;mon compte&quot;,&quot;from&quot;:&quot;article footer&quot;,&quot;name&quot;:&quot;Mon actu&quot;,&quot;type&quot;:&quot;cta&quot;}}\" target=\"_blank\">Mon Actu<\/a>.<\/p>\n<ul class=\"ac-article-tag wall-content\">\n<li><a href=\"https:\/\/actu.fr\/tag\/bon-plan-a-rouen\" data-trk=\"{&quot;cta&quot;:{&quot;action&quot;:&quot;Bon plan \\u00e0 Rouen&quot;,&quot;category&quot;:&quot;tag&quot;,&quot;from&quot;:&quot;article footer&quot;,&quot;name&quot;:&quot;Bon plan \\u00e0 Rouen&quot;,&quot;type&quot;:&quot;cta&quot;}}\" rel=\"nofollow noopener\" target=\"_blank\">#Bon plan \u00e0 Rouen<\/a><\/li>\n<li><a href=\"https:\/\/actu.fr\/tag\/commerce\" data-trk=\"{&quot;cta&quot;:{&quot;action&quot;:&quot;Commerce&quot;,&quot;category&quot;:&quot;tag&quot;,&quot;from&quot;:&quot;article footer&quot;,&quot;name&quot;:&quot;Commerce&quot;,&quot;type&quot;:&quot;cta&quot;}}\" rel=\"nofollow noopener\" target=\"_blank\">#Commerce<\/a><\/li>\n<\/ul>\n<p>                    <script async src=\"\/\/www.tiktok.com\/embed.js\"><\/script><\/p>\n","protected":false},"excerpt":{"rendered":"Par Adrien Filoche Publi\u00e9 le 7 mai 2025 \u00e0 19h24 Quoi de pr\u00e9vu pour ce jeudi 8\u00a0mai, jour&hellip;\n","protected":false},"author":2,"featured_media":82447,"comment_status":"","ping_status":"","sticky":false,"template":"","format":"standard","meta":{"footnotes":""},"categories":[9587],"tags":[1111,11,9086,215,1777,674,1011,27,1652,12,5161,25,9590],"class_list":{"0":"post-82446","1":"post","2":"type-post","3":"status-publish","4":"format-standard","5":"has-post-thumbnail","7":"category-rouen","8":"tag-actu","9":"tag-actualites","10":"tag-bon-plan-a-rouen","11":"tag-commerce","12":"tag-eu","13":"tag-europe","14":"tag-fr","15":"tag-france","16":"tag-loisirs-culture","17":"tag-news","18":"tag-normandie","19":"tag-republique-francaise","20":"tag-rouen"},"share_on_mastodon":{"url":"https:\/\/pubeurope.com\/@fr\/114467816322823696","error":""},"_links":{"self":[{"href":"https:\/\/www.europesays.com\/fr\/wp-json\/wp\/v2\/posts\/82446","targetHints":{"allow":["GET"]}}],"collection":[{"href":"https:\/\/www.europesays.com\/fr\/wp-json\/wp\/v2\/posts"}],"about":[{"href":"https:\/\/www.europesays.com\/fr\/wp-json\/wp\/v2\/types\/post"}],"author":[{"embeddable":true,"href":"https:\/\/www.europesays.com\/fr\/wp-json\/wp\/v2\/users\/2"}],"replies":[{"embeddable":true,"href":"https:\/\/www.europesays.com\/fr\/wp-json\/wp\/v2\/comments?post=82446"}],"version-history":[{"count":0,"href":"https:\/\/www.europesays.com\/fr\/wp-json\/wp\/v2\/posts\/82446\/revisions"}],"wp:featuredmedia":[{"embeddable":true,"href":"https:\/\/www.europesays.com\/fr\/wp-json\/wp\/v2\/media\/82447"}],"wp:attachment":[{"href":"https:\/\/www.europesays.com\/fr\/wp-json\/wp\/v2\/media?parent=82446"}],"wp:term":[{"taxonomy":"category","embeddable":true,"href":"https:\/\/www.europesays.com\/fr\/wp-json\/wp\/v2\/categories?post=82446"},{"taxonomy":"post_tag","embeddable":true,"href":"https:\/\/www.europesays.com\/fr\/wp-json\/wp\/v2\/tags?post=82446"}],"curies":[{"name":"wp","href":"https:\/\/api.w.org\/{rel}","templated":true}]}}