{"id":82456,"date":"2025-05-07T17:54:11","date_gmt":"2025-05-07T17:54:11","guid":{"rendered":"https:\/\/www.europesays.com\/fr\/82456\/"},"modified":"2025-05-07T17:54:11","modified_gmt":"2025-05-07T17:54:11","slug":"a-rennes-un-rassemblement-pour-les-3-ans-de-captivite-de-cecile-kohler-et-jacques-paris","status":"publish","type":"post","link":"https:\/\/www.europesays.com\/fr\/82456\/","title":{"rendered":"\u00c0 Rennes, un rassemblement pour les 3\u00a0ans de captivit\u00e9 de C\u00e9cile Kohler et Jacques Paris"},"content":{"rendered":"<p>Alors qu\u2019<a href=\"https:\/\/rennes.maville.com\/actu\/actudet_-mobilisations-pour-cecile-kohler-et-jacques-paris-otages-de-la-terreur-iranienne-depuis-3-ans-_54135-6795527_actu.Htm\" target=\"_self\" rel=\"nofollow noopener\">une grosse quarantaine de rassemblements<\/a> ont eu lieu mercredi 7\u00a0mai 2025 partout en France, plus d\u2019une vingtaine de personnes se sont r\u00e9unies place de la R\u00e9publique, \u00e0 Rennes (Ille-et-Vilaine), pour alerter sur le sort de C\u00e9cile Kohler et Jacques Paris, les deux otages fran\u00e7ais<a href=\"https:\/\/nantes.maville.com\/actu\/actudet_-cecile-kohler-et-jacques-paris-trois-ans-de-detention-en-iran-_52716-6795758_actu.Htm\" target=\"_self\" rel=\"nofollow noopener\"> emprisonn\u00e9s par le gouvernement iranien<\/a> depuis 2022. Comme eux, la quasi-totalit\u00e9 des manifestants fait ou faisait partie du corps enseignant et conna\u00eet directement C\u00e9cile Kohler.<\/p>\n<p><strong>\u00ab\u00a0Il se trouve qu\u2019elle est venue plusieurs fois \u00e0 Rennes pour dispenser des formations d\u2019accompagnant d\u2019\u00e9l\u00e8ves en situation de handicap<\/strong>, explique la professeure Justine Marti.<strong> Juste avant son d\u00e9part en Iran, elle \u00e9tait \u00e0 nos c\u00f4t\u00e9s ici m\u00eame pour la Journ\u00e9e internationale des droits des femmes.\u00a0\u00bb<\/strong><\/p>\n<p><strong>750\u00a0lettres envoy\u00e9es<\/strong><\/p>\n<p>Pr\u00e9sent depuis le d\u00e9but aux c\u00f4t\u00e9s de la famille Kohler, le collectif a d\u00e9j\u00e0 organis\u00e9 plusieurs rassemblements et pr\u00e9par\u00e9 des actions pour entrer en contact avec les otages, notamment par l\u2019envoi de 750\u00a0lettres \u00e0 la prison d\u2019Evin, \u00e0 T\u00e9h\u00e9ran, o\u00f9 ils sont actuellement d\u00e9tenus.<strong> \u00ab\u00a0Malheureusement, C\u00e9cile n\u2019a pas pu les lire car tout est verrouill\u00e9, elle n\u2019a acc\u00e8s \u00e0 rien\u00a0\u00bb<\/strong>, poursuit Justine Marti.<\/p>\n<p>Une initiative pourtant loin d\u2019\u00eatre vaine, comme le souligne Karine Rivoallan, l\u2019une des avocates de <a href=\"https:\/\/saint-brieuc.maville.com\/actu\/actudet_--j-arreterai-quand-ils-seront-liberes-cette-bretonne-se-bat-pour-les-otages-francais-en-iran-_52683-6277525_actu.Htm\" target=\"_self\" rel=\"nofollow noopener\">la famille Kohler<\/a>, \u00e9galement pr\u00e9sente lors du rassemblement\u00a0: <strong>\u00ab\u00a0Lors des quelques contacts que l\u2019on a pu \u00e9tablir avec Jacques et C\u00e9cile, ces derniers nous ont fait savoir que cette mobilisation autour de leur lib\u00e9ration \u00e9tait ce qui leur permettait de tenir.\u00a0\u00bb<\/strong><\/p>\n<p><strong>\u00ab\u00a0M\u00e9diatiser le combat\u00a0\u00bb<\/strong><\/p>\n<p>Aux c\u00f4t\u00e9s de trois autres avocats, l\u2019ancienne b\u00e2tonni\u00e8re de Saint-Brieuc a \u00e9t\u00e9 mandat\u00e9e par la s\u0153ur de C\u00e9cile Kohler pour l\u2019accompagner. En parall\u00e8le du collectif pr\u00e9sent ce mercredi, elle tente de mobiliser la communaut\u00e9 juridique bretonne. <strong>\u00ab\u00a0L\u2019id\u00e9e est de rallier les barreaux au collectif de soutien.\u00a0Une nouvelle action de mobilisation aura lieu le 12\u00a0mai 2025, organis\u00e9e par le barreau de Rennes\u00a0\u00bb, indique l\u2019avocate, qui  <\/strong>se garde en revanche d\u2019indiquer une quelconque date de retour pour les otages.<\/p>\n<p>\u00ab\u00a0C\u2019est dur \u00e0 dire car m\u00eame les familles ne sont pas tenues au courant de l\u2019avancement des n\u00e9gociations, d\u00e9clare-t-elle. Ce qu\u2019on peut dire est que le minist\u00e8re des Affaires \u00e9trang\u00e8res nous encourage \u00e0 m\u00e9diatiser le combat, ce qui permettra peut-\u00eatre, \u00e0 terme, d\u2019envoyer un message \u00e0 l\u2019Iran.\u00a0\u00bb<\/p>\n<p>\u00a0<\/p>\n","protected":false},"excerpt":{"rendered":"Alors qu\u2019une grosse quarantaine de rassemblements ont eu lieu mercredi 7\u00a0mai 2025 partout en France, plus d\u2019une vingtaine&hellip;\n","protected":false},"author":2,"featured_media":82457,"comment_status":"","ping_status":"","sticky":false,"template":"","format":"standard","meta":{"footnotes":""},"categories":[2821],"tags":[19020,1111,11,1764,829,19021,15887,1777,674,1011,27,19023,19022,12,626,3919,584,25],"class_list":{"0":"post-82456","1":"post","2":"type-post","3":"status-publish","4":"format-standard","5":"has-post-thumbnail","7":"category-rennes","8":"tag-19020","9":"tag-actu","10":"tag-actualites","11":"tag-ans","12":"tag-bretagne","13":"tag-captivite","14":"tag-cecile","15":"tag-eu","16":"tag-europe","17":"tag-fr","18":"tag-france","19":"tag-jacques","20":"tag-kohler","21":"tag-news","22":"tag-paris","23":"tag-rassemblement","24":"tag-rennes","25":"tag-republique-francaise"},"share_on_mastodon":{"url":"https:\/\/pubeurope.com\/@fr\/114467835983817727","error":""},"_links":{"self":[{"href":"https:\/\/www.europesays.com\/fr\/wp-json\/wp\/v2\/posts\/82456","targetHints":{"allow":["GET"]}}],"collection":[{"href":"https:\/\/www.europesays.com\/fr\/wp-json\/wp\/v2\/posts"}],"about":[{"href":"https:\/\/www.europesays.com\/fr\/wp-json\/wp\/v2\/types\/post"}],"author":[{"embeddable":true,"href":"https:\/\/www.europesays.com\/fr\/wp-json\/wp\/v2\/users\/2"}],"replies":[{"embeddable":true,"href":"https:\/\/www.europesays.com\/fr\/wp-json\/wp\/v2\/comments?post=82456"}],"version-history":[{"count":0,"href":"https:\/\/www.europesays.com\/fr\/wp-json\/wp\/v2\/posts\/82456\/revisions"}],"wp:featuredmedia":[{"embeddable":true,"href":"https:\/\/www.europesays.com\/fr\/wp-json\/wp\/v2\/media\/82457"}],"wp:attachment":[{"href":"https:\/\/www.europesays.com\/fr\/wp-json\/wp\/v2\/media?parent=82456"}],"wp:term":[{"taxonomy":"category","embeddable":true,"href":"https:\/\/www.europesays.com\/fr\/wp-json\/wp\/v2\/categories?post=82456"},{"taxonomy":"post_tag","embeddable":true,"href":"https:\/\/www.europesays.com\/fr\/wp-json\/wp\/v2\/tags?post=82456"}],"curies":[{"name":"wp","href":"https:\/\/api.w.org\/{rel}","templated":true}]}}