{"id":82460,"date":"2025-05-07T17:56:10","date_gmt":"2025-05-07T17:56:10","guid":{"rendered":"https:\/\/www.europesays.com\/fr\/82460\/"},"modified":"2025-05-07T17:56:10","modified_gmt":"2025-05-07T17:56:10","slug":"des-riverains-denoncent-un-tolle","status":"publish","type":"post","link":"https:\/\/www.europesays.com\/fr\/82460\/","title":{"rendered":"des riverains d\u00e9noncent un \u00ab\u00a0\u00a0toll\u00e9\u00a0\u00a0\u00bb"},"content":{"rendered":"<p>Suite au d\u00e9voilement du <a href=\"https:\/\/www.dna.fr\/economie\/2025\/05\/05\/bientot-demoli-l-ex-hotel-mercure-laissera-la-place-a-un-ensemble-immobilier\" target=\"_blank\" rel=\"nofollow noopener\">projet sur la friche de l\u2019ex-h\u00f4tel Mercure<\/a> en d\u00e9but de semaine, l\u2019Association des r\u00e9sidents rue du Tivoli et environs regrette que les riverains n\u2019aient \u00ab\u00a0pas \u00e9t\u00e9 inform\u00e9s de la tenue de cette r\u00e9union alors que p\u00e9riodiquement ils interrogent les \u00e9lus du quartier sur le devenir de la friche. La maire nous avait indiqu\u00e9 que ce projet ne concernerait que la prochaine mandature et que la trame verte serait respect\u00e9e\u00a0\u00bb.<\/p>\n<p>\u00ab\u00a0Une ville ne se construit pas contre l&rsquo;avis de ses habitants\u00a0\u00bb<\/p>\n<p>Un projet \u00ab\u00a0gigantesque\u00a0\u00bb pour l\u2019association qui s\u2019inqui\u00e8te de son int\u00e9gration dans le quartier\u00a0: \u00ab\u00a0Quid de l\u2019organisation des flux de circulation rue Richard-Strauss, place de Bordeaux, avenues Herrenschmidt et Schutzenberger d\u00e9j\u00e0 satur\u00e9es [\u2026] Quid du projet de r\u00e9am\u00e9nagement de la place de Bordeaux en r\u00e9flexion depuis plusieurs ann\u00e9es\u00a0? [\u2026] Quid des conditions d\u2019accueil de ces 1\u00a0100 habitants qui s\u2019ajoutent aux nouveaux arrivants du quartier de l\u2019Archipel notamment dans les domaines scolaires et de la petite enfance\u00a0?\u00a0\u00bb<\/p>\n<p>Le pr\u00e9sident de l\u2019association Arnault Pfersdorff d\u00e9crit un \u00ab\u00a0toll\u00e9\u00a0\u00bb provoqu\u00e9 par le projet \u00ab\u00a0aupr\u00e8s des riverains\u00a0\u00bb et appelle \u00e0 une concertation en \u00ab\u00a0urgence\u00a0\u00bb avec la m\u00e9tropole, puisque le permis doit \u00eatre examin\u00e9 avant l\u2019\u00e9t\u00e9. Une faible marge de man\u0153uvre, puisque ce projet, qui vise \u00e0 construire un ensemble immobilier d\u2019environ 400 logements et un nouvel h\u00f4tel, est port\u00e9 sur fonds priv\u00e9s par la Fonci\u00e8re Grand Est. \u00ab\u00a0Une ville ne se construit pas contre l\u2019avis de ses habitants\u00a0\u00bb, pr\u00e9vient l\u2019association.<\/p>\n","protected":false},"excerpt":{"rendered":"Suite au d\u00e9voilement du projet sur la friche de l\u2019ex-h\u00f4tel Mercure en d\u00e9but de semaine, l\u2019Association des r\u00e9sidents&hellip;\n","protected":false},"author":2,"featured_media":82461,"comment_status":"","ping_status":"","sticky":false,"template":"","format":"standard","meta":{"footnotes":""},"categories":[2820],"tags":[1111,11,4749,1984,33,2880,1777,674,107,1011,27,775,12,316,25,640,2879],"class_list":{"0":"post-82460","1":"post","2":"type-post","3":"status-publish","4":"format-standard","5":"has-post-thumbnail","7":"category-strasbourg","8":"tag-actu","9":"tag-actualites","10":"tag-btp-et-chantiers","11":"tag-conseil-municipal","12":"tag-economie","13":"tag-edition-strasbourg","14":"tag-eu","15":"tag-europe","16":"tag-fil-info","17":"tag-fr","18":"tag-france","19":"tag-grand-est","20":"tag-news","21":"tag-politique","22":"tag-republique-francaise","23":"tag-strasbourg","24":"tag-strasbourg-ville"},"share_on_mastodon":{"url":"https:\/\/pubeurope.com\/@fr\/114467843856998680","error":""},"_links":{"self":[{"href":"https:\/\/www.europesays.com\/fr\/wp-json\/wp\/v2\/posts\/82460","targetHints":{"allow":["GET"]}}],"collection":[{"href":"https:\/\/www.europesays.com\/fr\/wp-json\/wp\/v2\/posts"}],"about":[{"href":"https:\/\/www.europesays.com\/fr\/wp-json\/wp\/v2\/types\/post"}],"author":[{"embeddable":true,"href":"https:\/\/www.europesays.com\/fr\/wp-json\/wp\/v2\/users\/2"}],"replies":[{"embeddable":true,"href":"https:\/\/www.europesays.com\/fr\/wp-json\/wp\/v2\/comments?post=82460"}],"version-history":[{"count":0,"href":"https:\/\/www.europesays.com\/fr\/wp-json\/wp\/v2\/posts\/82460\/revisions"}],"wp:featuredmedia":[{"embeddable":true,"href":"https:\/\/www.europesays.com\/fr\/wp-json\/wp\/v2\/media\/82461"}],"wp:attachment":[{"href":"https:\/\/www.europesays.com\/fr\/wp-json\/wp\/v2\/media?parent=82460"}],"wp:term":[{"taxonomy":"category","embeddable":true,"href":"https:\/\/www.europesays.com\/fr\/wp-json\/wp\/v2\/categories?post=82460"},{"taxonomy":"post_tag","embeddable":true,"href":"https:\/\/www.europesays.com\/fr\/wp-json\/wp\/v2\/tags?post=82460"}],"curies":[{"name":"wp","href":"https:\/\/api.w.org\/{rel}","templated":true}]}}