{"id":8247,"date":"2025-04-07T16:10:30","date_gmt":"2025-04-07T16:10:30","guid":{"rendered":"https:\/\/www.europesays.com\/fr\/8247\/"},"modified":"2025-04-07T16:10:30","modified_gmt":"2025-04-07T16:10:30","slug":"marseille-cinq-algeriens-en-situation-irreguliere-se-sont-evades-dun-centre-de-retention","status":"publish","type":"post","link":"https:\/\/www.europesays.com\/fr\/8247\/","title":{"rendered":"Marseille : cinq Alg\u00e9riens en situation irr\u00e9guli\u00e8re se sont \u00e9vad\u00e9s d\u2019un centre de r\u00e9tention"},"content":{"rendered":"<p>                                            Faits divers\n                                                                            <\/p>\n<p>\n                                            Cinq \u00e9trangers en attente de leur expulsion du territoire fran\u00e7ais se sont \u00e9chapp\u00e9s du CRA du Canet, gr\u00e2ce \u00e0 des outils jet\u00e9s par des complices. Trois d\u2019entre eux ont \u00e9t\u00e9 rapidement interpell\u00e9s.                                        <\/p>\n<p>                                                Publi\u00e9 le 6 avril 2025 \u00e0 11h02                                                                                                    Mis \u00e0 jour le 7 avril 2025 \u00e0 10h36<\/p>\n<p>                                            <img loading=\"lazy\" width=\"1024\" height=\"683\" src=\"https:\/\/www.europesays.com\/fr\/wp-content\/uploads\/2025\/04\/Capture-decran-2025-04-06-1056341.jpg\" class=\"attachment-post-thumbnail size-post-thumbnail wp-post-image lazy\" alt=\"L'entr\u00e9e du centre de r\u00e9tention administrative du Canet, dans le 14e arrondissement de Marseille. PHOTO \u00a9 Capture Google Street View\" decoding=\"async\"  data-\/><\/p>\n<p>                                            L&rsquo;entr\u00e9e du centre de r\u00e9tention administrative du Canet, dans le 14e arrondissement de Marseille. PHOTO \u00a9 Capture Google Street View<\/p>\n<p>Le centre de r\u00e9tention administrative (<a href=\"https:\/\/www.valeursactuelles.com\/clubvaleurs\/societe\/cra-de-marseille-entre-violences-et-manque-de-moyens\" target=\"_blank\" rel=\"noopener sponsored\">CRA) du Canet<\/a>, \u00e0 Marseille (Bouches-du-Rh\u00f4ne), a \u00e9t\u00e9 le th\u00e9\u00e2tre d\u2019une grande \u00e9vasion. Dans la nuit du vendredi 4 au samedi 5 avril, cinq \u00e9trangers en situation irr\u00e9guli\u00e8re de nationalit\u00e9 alg\u00e9rienne se sont \u00e9chapp\u00e9s du centre, selon les informations r\u00e9v\u00e9l\u00e9es par <a href=\"https:\/\/www.laprovence.com\/article\/faits-divers-justice\/3071152708002314\/marseille-5-etrangers-en-situation-irreguliere-se-sont-echappes-du-centre-de-retention-administrative-du-canet\" target=\"_blank\" rel=\"nofollow noopener\">La Provence<\/a>. Soumis \u00e0 une OQTF, ils \u00e9taient plac\u00e9s dans l\u2019attente de leur expulsion du territoire fran\u00e7ais. Leur \u00e9vasion aurait \u00e9t\u00e9 facilit\u00e9e par des complices \u00e0 l\u2019ext\u00e9rieur qui ont jet\u00e9 des outils dans la cour du b\u00e2timent, quelques jours plus t\u00f4t.<\/p>\n<p><a href=\"https:\/\/www.valeursactuelles.com\/clubvaleurs\/culture\/marseille-division-communautarisme-injure-lfi-sen-prend-a-notre-dame-de-la-garde\" class=\"h-flex h-align-items-center h-border-tb h-ptb-15\" target=\"_blank\" rel=\"noopener\">A\u00a0LIRE\u00a0Marseille : division, communautarisme, injure\u2026 LFI s\u2019en prend \u00e0 Notre-Dame de la Garde<\/a><\/p>\n<p>En effet, cette nouvelle fait suite \u00e0 un signalement du personnel du CRA qui s\u2019inqui\u00e9tait des <a href=\"https:\/\/www.valeursactuelles.com\/faits-divers\/info-va-marseille-il-jette-un-colis-dans-la-cour-du-cra-apres-en-etre-sorti-le-jour-meme\" target=\"_blank\" rel=\"noopener sponsored\">nombreux jets de mat\u00e9riels<\/a> effectu\u00e9s par-dessus les barbel\u00e9s qui encerclent le centre dans la nuit du mercredi 2 au jeudi 3 avril. Alert\u00e9e, la police a d\u00e9couvert sur place un paquet contenant une vingtaine de lames de scie \u00e0 m\u00e9taux, des tournevis et des tenailles, indique le quotidien local. Trois autres colis ont \u00e9t\u00e9 retrouv\u00e9s fich\u00e9s dans le grillage barricadant le b\u00e2timent. Les fuyards ont certainement pu r\u00e9cup\u00e9rer d\u2019autres outils avant que les forces de l\u2019ordre n\u2019interviennent.<\/p>\n<p>Deux fuyards toujours recherch\u00e9s<\/p>\n<p>Une fois l\u2019alerte donn\u00e9e, trois des cinq ressortissants Alg\u00e9riens \u00e9vad\u00e9s ont \u00e9t\u00e9 rapidement interpell\u00e9s. Deux d\u2019entre eux ont \u00e9t\u00e9 intercept\u00e9s \u00e0 la sortie du centre de r\u00e9tention. Un troisi\u00e8me a \u00e9t\u00e9 localis\u00e9 puis interpell\u00e9 dans la foul\u00e9e alors qu\u2019il avait pu rejoindre le centre-ville de Marseille. Les deux derniers individus \u00e9taient toujours activement recherch\u00e9s par la police samedi soir.<\/p>\n","protected":false},"excerpt":{"rendered":"Faits divers Cinq \u00e9trangers en attente de leur expulsion du territoire fran\u00e7ais se sont \u00e9chapp\u00e9s du CRA du&hellip;\n","protected":false},"author":2,"featured_media":8248,"comment_status":"","ping_status":"","sticky":false,"template":"","format":"standard","meta":{"footnotes":""},"categories":[2814],"tags":[1111,11,4345,4346,1777,674,3727,118,1011,27,884,12,4347,882,25],"class_list":{"0":"post-8247","1":"post","2":"type-post","3":"status-publish","4":"format-standard","5":"has-post-thumbnail","7":"category-marseille","8":"tag-actu","9":"tag-actualites","10":"tag-algerien","11":"tag-cra","12":"tag-eu","13":"tag-europe","14":"tag-evasion","15":"tag-faits-divers","16":"tag-fr","17":"tag-france","18":"tag-marseille","19":"tag-news","20":"tag-oqtf","21":"tag-provence-alpes-cote-dazur","22":"tag-republique-francaise"},"share_on_mastodon":{"url":"https:\/\/pubeurope.com\/@fr\/114297557704065310","error":""},"_links":{"self":[{"href":"https:\/\/www.europesays.com\/fr\/wp-json\/wp\/v2\/posts\/8247","targetHints":{"allow":["GET"]}}],"collection":[{"href":"https:\/\/www.europesays.com\/fr\/wp-json\/wp\/v2\/posts"}],"about":[{"href":"https:\/\/www.europesays.com\/fr\/wp-json\/wp\/v2\/types\/post"}],"author":[{"embeddable":true,"href":"https:\/\/www.europesays.com\/fr\/wp-json\/wp\/v2\/users\/2"}],"replies":[{"embeddable":true,"href":"https:\/\/www.europesays.com\/fr\/wp-json\/wp\/v2\/comments?post=8247"}],"version-history":[{"count":0,"href":"https:\/\/www.europesays.com\/fr\/wp-json\/wp\/v2\/posts\/8247\/revisions"}],"wp:featuredmedia":[{"embeddable":true,"href":"https:\/\/www.europesays.com\/fr\/wp-json\/wp\/v2\/media\/8248"}],"wp:attachment":[{"href":"https:\/\/www.europesays.com\/fr\/wp-json\/wp\/v2\/media?parent=8247"}],"wp:term":[{"taxonomy":"category","embeddable":true,"href":"https:\/\/www.europesays.com\/fr\/wp-json\/wp\/v2\/categories?post=8247"},{"taxonomy":"post_tag","embeddable":true,"href":"https:\/\/www.europesays.com\/fr\/wp-json\/wp\/v2\/tags?post=8247"}],"curies":[{"name":"wp","href":"https:\/\/api.w.org\/{rel}","templated":true}]}}