{"id":82474,"date":"2025-05-07T18:03:07","date_gmt":"2025-05-07T18:03:07","guid":{"rendered":"https:\/\/www.europesays.com\/fr\/82474\/"},"modified":"2025-05-07T18:03:07","modified_gmt":"2025-05-07T18:03:07","slug":"as-de-la-jungle-pil-pattie-pendant-dix-jours-ce-cinema-pres-de-toulouse-fete-les-studios-tat","status":"publish","type":"post","link":"https:\/\/www.europesays.com\/fr\/82474\/","title":{"rendered":"As de la Jungle, Pil, Pattie&#8230; Pendant dix jours, ce cin\u00e9ma pr\u00e8s de Toulouse f\u00eate les studios TAT"},"content":{"rendered":"<p>            Par<br \/>\n        <strong><br \/>\n            <a href=\"https:\/\/actu.fr\/auteur\/lucie-2\" title=\"Consulter tous les articles de Lucie Fraisse\" rel=\"nofollow noopener\" target=\"_blank\">Lucie Fraisse<\/a><br \/>\n        <\/strong><\/p>\n<p>        Publi\u00e9 le<\/p>\n<p>            7 mai 2025 \u00e0 17h54        <\/p>\n<p>Le<a href=\"https:\/\/actu.fr\/occitanie\/toulouse_31555\/asterix-les-as-de-la-jungle-pil-star-des-films-d-animation-le-studio-tat-va-s-exposer-a-toulouse_62250493.html\" rel=\"nofollow noopener\" target=\"_blank\"> studio TAT Productions<\/a> f\u00eate ses 25 ans et cette p\u00e9pite du monde de l\u2019animation \u00ab\u00a0<strong>made in Toulouse<\/strong>\u00a0\u00bb est \u00e0 l\u2019honneur du cin\u00e9ma<strong> CGR de Blagnac<\/strong> du 8 au 18 mai 2025, avec la rediffusion de tous les films qui ont fait son succ\u00e8s au fil du temps.<\/p>\n<p>25 ans et Ast\u00e9rix\u00a0<\/p>\n<p class=\" wall-content\">L\u2019actualit\u00e9 est riche pour les studios TAT Productions en ce printemps 2025. Le studio toulousain fait ainsi les belles heures <strong>de la plateforme de streaming Netflix<\/strong>, avec la diffusion de <a href=\"https:\/\/actu.fr\/occitanie\/toulouse_31555\/asterix-et-obelix-le-combat-des-chefs-la-serie-dessinee-a-toulouse-est-enfin-sortie-sur-netflix_62577797.html\" rel=\"nofollow noopener\" target=\"_blank\">la mini-s\u00e9rie<\/a>\u00a0Ast\u00e9rix et Ob\u00e9lix : le combat des chefs, imagin\u00e9e par Alain Chabat et <a href=\"https:\/\/actu.fr\/occitanie\/toulouse_31555\/toulouse-tat-productions-va-fabriquer-la-serie-asterix-d-alain-chabat-qui-sera-diffusee-sur-netflix_48461145.html\" rel=\"nofollow noopener\" target=\"_blank\">r\u00e9alis\u00e9e dans les studios toulousains<\/a>.<\/p>\n<p class=\" wall-content\">Une s\u00e9rie sortie le mercredi 30 avril et qui r\u00e9colte d\u00e9j\u00e0 de nombreuses critiques \u00e9logieuses. Un bien beau cadeau pour le studio qui \u0153uvre \u00e0 Toulouse depuis 25 ans et qui a employ\u00e9 jusqu\u2019\u00e0 300 personnes sur le projet Ast\u00e9rix.<\/p>\n<p>Bient\u00f4t un nouveau film\u00a0<\/p>\n<p class=\" wall-content\">Pour autant, l\u2019histoire de TAT Productions s\u2019est \u00e9crite avant Netflix et Ast\u00e9rix\u2026 et elle se poursuivra apr\u00e8s : un nouveau film, Falcon express, est annonc\u00e9 au cin\u00e9ma pour le mois de juillet !<\/p>\n<p>Vid\u00e9os : en ce moment sur Actu<\/p>\n<p class=\" wall-content\">Le studio toulousain a de nombreuses p\u00e9pites \u00e0 son actif, avec des h\u00e9ros qui ont sacr\u00e9ment la cote aupr\u00e8s des plus jeunes comme <strong>Maurice le pingouin tigre<\/strong>, Miguel le gorille, la courageuse Pattie, l\u2019intr\u00e9pide Pil\u2026<\/p>\n<p>Diffusion des films et animations\u00a0<\/p>\n<p class=\" wall-content\">Autant de h\u00e9ros que le public aura plaisir \u00e0 d\u00e9couvrir ou \u00e0 revoir du 8 au 18 mai <strong>au cin\u00e9ma CGR de Blagnac<\/strong>. Tous les films du studio d\u2019animations seront diffus\u00e9s et pr\u00e9c\u00e9d\u00e9s de deux heures d\u2019animations : photocall avec la mascotte des As de la jungle, ch\u00e2teau gonflable, escape game, courses de robot, atelier potion\u2026<\/p>\n<p class=\" wall-content\">Pour chaque film, un tarif unique de 6 euros. Des professionnels du studio seront aussi pr\u00e9sents avant chaque film pour les pr\u00e9senter.<\/p>\n<p>    <a href=\"https:\/\/www.google.com\/maps\/embed?pb=!1m18!1m12!1m3!1d46194.03398957614!2d1.2954255486328046!3d43.6455234!2m3!1f0!2f0!3f0!3m2!1i1024!2i768!4f13.1!3m3!1m2!1s0x12aea55c7c0aaa0b%3A0xbe620994e2dbd56d!2sCIN%C3%89MA%20CGR%20Blagnac!5e0!3m2!1sfr!2sfr!4v1746194144098!5m2!1sfr!2sfr\" title=\"Ouvrie le lien\" rel=\"nofollow noopener\" target=\"_blank\">Cliquez ici pour visualiser le contenu<\/a><\/p>\n<p>Infos pratiques :<br \/>Les As de la jungle 1, jeudi 8 mai \u00e0 11 heures ; Terra Willy, samedi 10 mai \u00e0 15 heures ; Pattie et la col\u00e8re de Pos\u00e9idon le dimanche 11 mao \u00e0 11 heures ; Pil samedi 17 mai \u00e0 15 heures ; Les As de la jungle 2 dimanche 18 mai \u00e0 heures.<\/p>\n<p class=\" wall-content\">Suivez toute l\u2019actualit\u00e9 de vos villes et m\u00e9dias favoris en vous inscrivant \u00e0 <a href=\"https:\/\/moncompte.actu.fr\" title=\"D\u00e9couvez Mon Actu\" rel=\"nofollow noopener\" data-trk=\"{&quot;cta&quot;:{&quot;action&quot;:&quot;https:\\\/\\\/moncompte.actu.fr&quot;,&quot;category&quot;:&quot;mon compte&quot;,&quot;from&quot;:&quot;article footer&quot;,&quot;name&quot;:&quot;Mon actu&quot;,&quot;type&quot;:&quot;cta&quot;}}\" target=\"_blank\">Mon Actu<\/a>.<\/p>\n","protected":false},"excerpt":{"rendered":"Par Lucie Fraisse Publi\u00e9 le 7 mai 2025 \u00e0 17h54 Le studio TAT Productions f\u00eate ses 25 ans&hellip;\n","protected":false},"author":2,"featured_media":82475,"comment_status":"","ping_status":"","sticky":false,"template":"","format":"standard","meta":{"footnotes":""},"categories":[2816],"tags":[1111,11,1777,674,1011,27,1652,12,2680,25,1341,2312],"class_list":{"0":"post-82474","1":"post","2":"type-post","3":"status-publish","4":"format-standard","5":"has-post-thumbnail","7":"category-toulouse","8":"tag-actu","9":"tag-actualites","10":"tag-eu","11":"tag-europe","12":"tag-fr","13":"tag-france","14":"tag-loisirs-culture","15":"tag-news","16":"tag-occitanie","17":"tag-republique-francaise","18":"tag-sortir-a-toulouse","19":"tag-toulouse"},"share_on_mastodon":{"url":"https:\/\/pubeurope.com\/@fr\/114467871355194730","error":""},"_links":{"self":[{"href":"https:\/\/www.europesays.com\/fr\/wp-json\/wp\/v2\/posts\/82474","targetHints":{"allow":["GET"]}}],"collection":[{"href":"https:\/\/www.europesays.com\/fr\/wp-json\/wp\/v2\/posts"}],"about":[{"href":"https:\/\/www.europesays.com\/fr\/wp-json\/wp\/v2\/types\/post"}],"author":[{"embeddable":true,"href":"https:\/\/www.europesays.com\/fr\/wp-json\/wp\/v2\/users\/2"}],"replies":[{"embeddable":true,"href":"https:\/\/www.europesays.com\/fr\/wp-json\/wp\/v2\/comments?post=82474"}],"version-history":[{"count":0,"href":"https:\/\/www.europesays.com\/fr\/wp-json\/wp\/v2\/posts\/82474\/revisions"}],"wp:featuredmedia":[{"embeddable":true,"href":"https:\/\/www.europesays.com\/fr\/wp-json\/wp\/v2\/media\/82475"}],"wp:attachment":[{"href":"https:\/\/www.europesays.com\/fr\/wp-json\/wp\/v2\/media?parent=82474"}],"wp:term":[{"taxonomy":"category","embeddable":true,"href":"https:\/\/www.europesays.com\/fr\/wp-json\/wp\/v2\/categories?post=82474"},{"taxonomy":"post_tag","embeddable":true,"href":"https:\/\/www.europesays.com\/fr\/wp-json\/wp\/v2\/tags?post=82474"}],"curies":[{"name":"wp","href":"https:\/\/api.w.org\/{rel}","templated":true}]}}