{"id":82482,"date":"2025-05-07T18:07:10","date_gmt":"2025-05-07T18:07:10","guid":{"rendered":"https:\/\/www.europesays.com\/fr\/82482\/"},"modified":"2025-05-07T18:07:10","modified_gmt":"2025-05-07T18:07:10","slug":"le-depute-ps-laurent-lhardit-en-algerie-pour-commemorer-le-8-mai-polemique-a-marseille","status":"publish","type":"post","link":"https:\/\/www.europesays.com\/fr\/82482\/","title":{"rendered":"Le d\u00e9put\u00e9 PS Laurent Lhardit en Alg\u00e9rie pour comm\u00e9morer le 8-Mai, pol\u00e9mique \u00e0 Marseille"},"content":{"rendered":"<p>En pleine <a href=\"https:\/\/www.laprovence.com\/article\/opinions\/1130028582563815\/relations-france-algerie-une-minute-avant-la-catastrophe\" target=\"_blank\" rel=\"nofollow noopener\">crise diplomatique entre la France et l\u2019Alg\u00e9rie<\/a>, le d\u00e9put\u00e9 socialiste de Marseille Laurent Lhardit, <a href=\"https:\/\/www.laprovence.com\/article\/politique\/4529875415874314\/le-depute-ps-de-marseille-laurent-lhardit-veut-resserrer-les-liens-avec-alger\" target=\"_blank\" rel=\"nofollow noopener\">pr\u00e9sident du groupe d\u2019amiti\u00e9 France-Alg\u00e9rie \u00e0 l\u2019Assembl\u00e9e nationale<\/a>, et une trentaine d\u2019autres parlementaires fran\u00e7ais se rendent \u00e0 Alger ce jeudi 8\u00a0mai. <a href=\"https:\/\/www.laprovence.com\/article\/societe\/1330429460783115\/crise-entre-la-france-et-lalgerie-une-trentaine-delus-francais-a-alger-pour-commemorer-les-massacres-du-8-mai-1945\" target=\"_blank\" rel=\"nofollow noopener\">La d\u00e9l\u00e9gation participera \u00e0 la comm\u00e9moration des massacres de S\u00e9tif<\/a>, Guelma et Kherrata, r\u00e9prim\u00e9s \u00e0 la suite de soul\u00e8vements nationalistes le 8\u00a0mai\u00a01945, alors que l\u2019Alg\u00e9rie \u00e9tait encore un d\u00e9partement fran\u00e7ais.<\/p>\n<p>S\u2019il se dit \u00ab\u00a0solidaire de la diplomatie fran\u00e7aise\u00a0\u00bb, le d\u00e9put\u00e9 socialiste marseillais entend \u00ab\u00a0poursuivre et soutenir le travail de m\u00e9moire entre la France et l\u2019Alg\u00e9rie\u00a0\u00bb et \u00ab\u00a0mieux \u00e9clairer les relations entre les deux pays sur les \u00e9changes \u00e9conomiques et commerciaux, la coop\u00e9ration militaire ou anti-terroriste\u00a0\u00bb. Un positionnement partag\u00e9 par plusieurs de ses coll\u00e8gues, comme la d\u00e9put\u00e9e \u00e9cologiste des Hauts-de-Seine Sabrina Sebaihi ou le s\u00e9nateur du Lot Rapha\u00ebl Daubet, qui sont \u00e9galement du voyage.<\/p>\n<p>En mai\u00a02024, Laurent Lhardit, \u00e0 l\u2019\u00e9poque adjoint au maire charg\u00e9 du tourisme, <a href=\"https:\/\/www.laprovence.com\/article\/region\/2127318898660\/a-alger-le-maire-de-marseille-benoit-payan-deroule-la-diplomatie-des-villes\" target=\"_blank\" rel=\"nofollow noopener\">avait d\u00e9j\u00e0 fait partie de la d\u00e9l\u00e9gation marseillaise partie \u00e0 Alger<\/a>. Le contexte est cette fois diff\u00e9rent, notamment au regard de <a href=\"https:\/\/www.laprovence.com\/article\/faits-divers-justice\/19310907803138\/boualem-sansal-fait-appel-de-sa-condamnation-a-cinq-ans-de-prison-en-algerie\" target=\"_blank\" rel=\"nofollow noopener\">la d\u00e9tention de l\u2019\u00e9crivain franco-alg\u00e9rien Boualem Sansal<\/a> par le r\u00e9gime du pr\u00e9sident Abdelmadjid Tebboune depuis novembre\u00a02024. \u00ab\u00a0Je ne sais pas si nous allons en parler mais j\u2019ai du mal \u00e0 imaginer que la question ne soit pas pos\u00e9e\u00a0\u00bb, pr\u00e9cise Laurent Lhardit, qui r\u00e9fute toute id\u00e9e de \u00ab\u00a0diplomatie parall\u00e8le\u00a0\u00bb.<\/p>\n<p>Pol\u00e9mique sur la comm\u00e9moration \u00e0 Marseille<\/p>\n<p>La comm\u00e9moration de ces massacres survenus de l\u2019autre c\u00f4t\u00e9 de la M\u00e9diterran\u00e9e a suscit\u00e9, ce mercredi 7\u00a0mai, une pol\u00e9mique \u00e0 Marseille. Le groupe d\u2019opposition municipal <a href=\"https:\/\/www.laprovence.com\/article\/region\/63140958848434\/a-marseille-le-groupe-dopposition-de-droite-prone-lunion-pour-les-municipales-en-2026\" target=\"_blank\" rel=\"nofollow noopener\">Une Volont\u00e9 pour Marseille<\/a> a critiqu\u00e9 l\u2019organisation par la Ville de Marseille d\u2019une c\u00e9r\u00e9monie en souvenir des massacres de S\u00e9tif, Guelma et Kherrata, ce jeudi 8\u00a0mai, devant la porte d\u2019Aix.<\/p>\n","protected":false},"excerpt":{"rendered":"En pleine crise diplomatique entre la France et l\u2019Alg\u00e9rie, le d\u00e9put\u00e9 socialiste de Marseille Laurent Lhardit, pr\u00e9sident du&hellip;\n","protected":false},"author":2,"featured_media":82483,"comment_status":"","ping_status":"","sticky":false,"template":"","format":"standard","meta":{"footnotes":""},"categories":[2814],"tags":[17,18719,1111,11,15,19028,422,1777,674,1011,27,3955,19027,884,12,471,882,16,25],"class_list":{"0":"post-82482","1":"post","2":"type-post","3":"status-publish","4":"format-standard","5":"has-post-thumbnail","7":"category-marseille","8":"tag-17","9":"tag-8-mai","10":"tag-actu","11":"tag-actualites","12":"tag-algerie","13":"tag-commemorer","14":"tag-depute","15":"tag-eu","16":"tag-europe","17":"tag-fr","18":"tag-france","19":"tag-laurent","20":"tag-lhardit","21":"tag-marseille","22":"tag-news","23":"tag-pour","24":"tag-provence-alpes-cote-dazur","25":"tag-region","26":"tag-republique-francaise"},"share_on_mastodon":{"url":"https:\/\/pubeurope.com\/@fr\/114467887056460523","error":""},"_links":{"self":[{"href":"https:\/\/www.europesays.com\/fr\/wp-json\/wp\/v2\/posts\/82482","targetHints":{"allow":["GET"]}}],"collection":[{"href":"https:\/\/www.europesays.com\/fr\/wp-json\/wp\/v2\/posts"}],"about":[{"href":"https:\/\/www.europesays.com\/fr\/wp-json\/wp\/v2\/types\/post"}],"author":[{"embeddable":true,"href":"https:\/\/www.europesays.com\/fr\/wp-json\/wp\/v2\/users\/2"}],"replies":[{"embeddable":true,"href":"https:\/\/www.europesays.com\/fr\/wp-json\/wp\/v2\/comments?post=82482"}],"version-history":[{"count":0,"href":"https:\/\/www.europesays.com\/fr\/wp-json\/wp\/v2\/posts\/82482\/revisions"}],"wp:featuredmedia":[{"embeddable":true,"href":"https:\/\/www.europesays.com\/fr\/wp-json\/wp\/v2\/media\/82483"}],"wp:attachment":[{"href":"https:\/\/www.europesays.com\/fr\/wp-json\/wp\/v2\/media?parent=82482"}],"wp:term":[{"taxonomy":"category","embeddable":true,"href":"https:\/\/www.europesays.com\/fr\/wp-json\/wp\/v2\/categories?post=82482"},{"taxonomy":"post_tag","embeddable":true,"href":"https:\/\/www.europesays.com\/fr\/wp-json\/wp\/v2\/tags?post=82482"}],"curies":[{"name":"wp","href":"https:\/\/api.w.org\/{rel}","templated":true}]}}