{"id":82505,"date":"2025-05-07T18:19:12","date_gmt":"2025-05-07T18:19:12","guid":{"rendered":"https:\/\/www.europesays.com\/fr\/82505\/"},"modified":"2025-05-07T18:19:12","modified_gmt":"2025-05-07T18:19:12","slug":"vague-de-controles-de-lice-dans-des-restaurants-et-commerces-a-washington-d-c","status":"publish","type":"post","link":"https:\/\/www.europesays.com\/fr\/82505\/","title":{"rendered":"Vague de contr\u00f4les de l&rsquo;ICE dans des restaurants et commerces \u00e0 Washington D.C."},"content":{"rendered":"<p style=\"text-align:justify;\">AA \/ New York \/ Islam Do\u011fru<\/p>\n<p style=\"text-align:justify;\">Des agents du Service de l&rsquo;Immigration et des Douanes des \u00c9tats-Unis (ICE) ont men\u00e9 une s\u00e9rie d&rsquo;op\u00e9rations de contr\u00f4le dans plusieurs restaurants et lieux de travail de la capitale am\u00e9ricaine, Washington D.C., ciblant les travailleurs en situation irr\u00e9guli\u00e8re.<\/p>\n<p style=\"text-align:justify;\">Selon les informations rapport\u00e9es par les m\u00e9dias am\u00e9ricains, au moins neuf \u00e9tablissements, principalement des restaurants et des commerces, ont fait l&rsquo;objet de ces interventions. <\/p>\n<p style=\"text-align:justify;\">Arriv\u00e9s \u00e0 l&rsquo;improviste t\u00f4t le matin, les agents de l&rsquo;ICE ont interrog\u00e9 les propri\u00e9taires durant environ 90 minutes, exigeant la pr\u00e9sentation des documents attestant de la l\u00e9galit\u00e9 de la situation de leurs employ\u00e9s au regard du droit du travail.<\/p>\n<p style=\"text-align:justify;\">Bien qu&rsquo;aucune arrestation n&rsquo;ait \u00e9t\u00e9 signal\u00e9e pour l&rsquo;heure, les agents ont averti les propri\u00e9taires que d&rsquo;autres contr\u00f4les pourraient avoir lieu.<\/p>\n<p style=\"text-align:justify;\">D&rsquo;apr\u00e8s la cha\u00eene d&rsquo;information FOX5, l&rsquo;un des restaurants vis\u00e9s appartiendrait \u00e0 l&rsquo;\u00e9poux de Norah O&rsquo;Donnell, c\u00e9l\u00e8bre pr\u00e9sentatrice de CBS News.<\/p>\n<p style=\"text-align:justify;\">R\u00e9agissant \u00e0 ces \u00e9v\u00e9nements, la maire de Washington D.C., Muriel Bowser, a qualifi\u00e9 ces informations de \u00ab pr\u00e9occupantes \u00bb lors d&rsquo;une d\u00e9claration \u00e0 la presse. Elle a \u00e9galement soulign\u00e9 que la police municipale n&rsquo;avait \u00e9t\u00e9 impliqu\u00e9e d&rsquo;aucune mani\u00e8re dans ces op\u00e9rations.<\/p>\n<p style=\"text-align:justify;\">Ces actions s&rsquo;inscrivent dans un contexte d&rsquo;intensification des op\u00e9rations de l&rsquo;ICE depuis l&rsquo;arriv\u00e9e au pouvoir du pr\u00e9sident Donald Trump, qui avait sign\u00e9 un d\u00e9cret \u00e9largissant les pr\u00e9rogatives de cette agence. <\/p>\n<p style=\"text-align:justify;\">Ces mesures ont conduit \u00e0 une multiplication des interventions ciblant les migrants en situation irr\u00e9guli\u00e8re, y compris dans des lieux jusque-l\u00e0 consid\u00e9r\u00e9s comme des sanctuaires, tels que les \u00e9coles et les \u00e9glises.<\/p>\n<p>\u200b\u200b\u200b\u200b\u200b\u200b\u200b* traduit par Ayse Betul Akcesme<\/p>\n<p>                            &#13;<br \/>\n                                <a href=\"https:\/\/www.aa.com.tr\/fr\/p\/abonnement\/1001\" target=\"_blank\" style=\"font-size:12px; color:#444; text-decoration:none;\" rel=\"nofollow noopener\">&#13;<br \/>\n                                    Seulement une partie des d\u00e9p\u00eaches, que l&rsquo;Agence Anadolu diffuse \u00e0 ses abonn\u00e9s via le Syst\u00e8me de Diffusion interne (HAS), est diffus\u00e9e sur le site de l&rsquo;AA, de mani\u00e8re r\u00e9sum\u00e9e. <b style=\"color:#1897F7\">Contactez-nous s&rsquo;il vous pla\u00eet pour vous abonner.<\/b>&#13;<br \/>\n                                <\/a>&#13;<\/p>\n","protected":false},"excerpt":{"rendered":"AA \/ New York \/ Islam Do\u011fru Des agents du Service de l&rsquo;Immigration et des Douanes des \u00c9tats-Unis&hellip;\n","protected":false},"author":2,"featured_media":82506,"comment_status":"","ping_status":"","sticky":false,"template":"","format":"standard","meta":{"footnotes":""},"categories":[1589],"tags":[4295,11,1785,73,1866,12,1864,1865,1863,308,19029,19030],"class_list":{"0":"post-82505","1":"post","2":"type-post","3":"status-publish","4":"format-standard","5":"has-post-thumbnail","7":"category-etats-unis","8":"tag-tats-unis","9":"tag-actualites","10":"tag-anadolu-ajansi","11":"tag-etats-unis","12":"tag-etats-unis-damerique","13":"tag-news","14":"tag-united-states","15":"tag-united-states-of-america","16":"tag-us","17":"tag-usa","18":"tag-vague-de-contrles","19":"tag-washington-d-c"},"share_on_mastodon":{"url":"https:\/\/pubeurope.com\/@fr\/114467934283196527","error":""},"_links":{"self":[{"href":"https:\/\/www.europesays.com\/fr\/wp-json\/wp\/v2\/posts\/82505","targetHints":{"allow":["GET"]}}],"collection":[{"href":"https:\/\/www.europesays.com\/fr\/wp-json\/wp\/v2\/posts"}],"about":[{"href":"https:\/\/www.europesays.com\/fr\/wp-json\/wp\/v2\/types\/post"}],"author":[{"embeddable":true,"href":"https:\/\/www.europesays.com\/fr\/wp-json\/wp\/v2\/users\/2"}],"replies":[{"embeddable":true,"href":"https:\/\/www.europesays.com\/fr\/wp-json\/wp\/v2\/comments?post=82505"}],"version-history":[{"count":0,"href":"https:\/\/www.europesays.com\/fr\/wp-json\/wp\/v2\/posts\/82505\/revisions"}],"wp:featuredmedia":[{"embeddable":true,"href":"https:\/\/www.europesays.com\/fr\/wp-json\/wp\/v2\/media\/82506"}],"wp:attachment":[{"href":"https:\/\/www.europesays.com\/fr\/wp-json\/wp\/v2\/media?parent=82505"}],"wp:term":[{"taxonomy":"category","embeddable":true,"href":"https:\/\/www.europesays.com\/fr\/wp-json\/wp\/v2\/categories?post=82505"},{"taxonomy":"post_tag","embeddable":true,"href":"https:\/\/www.europesays.com\/fr\/wp-json\/wp\/v2\/tags?post=82505"}],"curies":[{"name":"wp","href":"https:\/\/api.w.org\/{rel}","templated":true}]}}