{"id":82523,"date":"2025-05-07T18:30:13","date_gmt":"2025-05-07T18:30:13","guid":{"rendered":"https:\/\/www.europesays.com\/fr\/82523\/"},"modified":"2025-05-07T18:30:13","modified_gmt":"2025-05-07T18:30:13","slug":"insolite-la-famille-tsitsipas-dans-une-sombre-affaire-le-sang-coulait-et-je-suis-tombe-sur-le-trottoir","status":"publish","type":"post","link":"https:\/\/www.europesays.com\/fr\/82523\/","title":{"rendered":"Insolite > La famille Tsitsipas dans une sombre affaire : \u00ab\u00a0Le sang coulait et je suis tomb\u00e9 sur\u00a0le\u00a0trottoir\u00a0\u00bb"},"content":{"rendered":"<p>Pr\u00e9sent \u00e0 Rome et \u00e0 la recherche d\u2019un match r\u00e9f\u00e9\u00adrence sur terre battue afin de pr\u00e9parer Roland\u2010Garros, Stefanos Tsitsipas ne s\u2019at\u00adten\u00addait certai\u00adne\u00adment pas \u00e0 faire le tour de l\u2019ac\u00adtua\u00adlit\u00e9 pour des faits de ce\u00a0genre.\u00a0<\/p>\n<p>Selon l\u2019agence de presse grecque NewsIT, dont les infor\u00adma\u00adtions sont relay\u00e9es par <a href=\"https:\/\/www.express.co.uk\/sport\/tennis\/2051730\/Stefanos-Tsitsipas-dog-attack\" data-wpel-link=\"external\" target=\"_blank\" rel=\"nofollow external noopener\">Express<\/a>, un homme \u00e2g\u00e9 de 71 ans affirme avoir eu besoin de points de suture, apr\u00e8s s\u2019\u00eatre fait attaqu\u00e9 par le chien de la famille de Stefanos Tsitsipas. L\u2019\u00e9v\u00e9nement serait survenu \u00e0 l\u2019ex\u00adt\u00e9\u00adrieur d\u2019un caf\u00e9 de Vouliagmeni, dans la banlieue d\u2019Ath\u00e8nes en Gr\u00e8ce, ce lundi. Les bles\u00adsures caus\u00e9es par le canin auraient contraint l\u2019in\u00addi\u00advidu \u00e0 se rendre en milieu hospi\u00adta\u00adlier, pour se soigner.<\/p>\n<p>Et ce n\u2019est pas tout puisque l\u2019homme aurait iden\u00adtifi\u00e9 la m\u00e8re du joueur, Julia Apostoli, n\u2019au\u00adrait pas pris la peine de s\u2019ex\u00adcuser. Au contraire. L\u2019homme a d\u00e9pos\u00e9 une plainte contre la m\u00e8re du 19e joueur mondial et a t\u00e9moign\u00e9.<\/p>\n<p><strong>\u00ab\u202fJ\u2019ai eu l\u2019im\u00adpres\u00adsion d\u2019\u00eatre mordu par un ours. Mon pantalon a \u00e9t\u00e9 d\u00e9chir\u00e9. Le sang coulait et je suis tomb\u00e9 sur le trot\u00adtoir. Nous les connais\u00adsons. Ils vivent \u00e0 Vouliagmeni depuis des ann\u00e9es. Elle a emmen\u00e9 le chien et m\u2019a injuri\u00e9\u202f\u00bb.<\/strong><\/p>\n<p>Une histoire \u00e0 laquelle on ne s\u2019at\u00adten\u00addait\u00a0pas.<\/p>\n<p class=\"post-published-date\" style=\"color: silver; font-size: 75%; text-align: left;\">Publi\u00e9 le mercredi 7 mai 2025 \u00e0 17:50<\/p>\n","protected":false},"excerpt":{"rendered":"Pr\u00e9sent \u00e0 Rome et \u00e0 la recherche d\u2019un match r\u00e9f\u00e9\u00adrence sur terre battue afin de pr\u00e9parer Roland\u2010Garros, Stefanos&hellip;\n","protected":false},"author":2,"featured_media":28247,"comment_status":"","ping_status":"","sticky":false,"template":"","format":"standard","meta":{"footnotes":""},"categories":[1415],"tags":[1011,27,60,1467,5443],"class_list":{"0":"post-82523","1":"post","2":"type-post","3":"status-publish","4":"format-standard","5":"has-post-thumbnail","7":"category-tennis","8":"tag-fr","9":"tag-france","10":"tag-sports","11":"tag-tennis","12":"tag-tsitsipas"},"share_on_mastodon":{"url":"https:\/\/pubeurope.com\/@fr\/114467977479730319","error":""},"_links":{"self":[{"href":"https:\/\/www.europesays.com\/fr\/wp-json\/wp\/v2\/posts\/82523","targetHints":{"allow":["GET"]}}],"collection":[{"href":"https:\/\/www.europesays.com\/fr\/wp-json\/wp\/v2\/posts"}],"about":[{"href":"https:\/\/www.europesays.com\/fr\/wp-json\/wp\/v2\/types\/post"}],"author":[{"embeddable":true,"href":"https:\/\/www.europesays.com\/fr\/wp-json\/wp\/v2\/users\/2"}],"replies":[{"embeddable":true,"href":"https:\/\/www.europesays.com\/fr\/wp-json\/wp\/v2\/comments?post=82523"}],"version-history":[{"count":0,"href":"https:\/\/www.europesays.com\/fr\/wp-json\/wp\/v2\/posts\/82523\/revisions"}],"wp:featuredmedia":[{"embeddable":true,"href":"https:\/\/www.europesays.com\/fr\/wp-json\/wp\/v2\/media\/28247"}],"wp:attachment":[{"href":"https:\/\/www.europesays.com\/fr\/wp-json\/wp\/v2\/media?parent=82523"}],"wp:term":[{"taxonomy":"category","embeddable":true,"href":"https:\/\/www.europesays.com\/fr\/wp-json\/wp\/v2\/categories?post=82523"},{"taxonomy":"post_tag","embeddable":true,"href":"https:\/\/www.europesays.com\/fr\/wp-json\/wp\/v2\/tags?post=82523"}],"curies":[{"name":"wp","href":"https:\/\/api.w.org\/{rel}","templated":true}]}}