{"id":825239,"date":"2026-03-26T05:52:30","date_gmt":"2026-03-26T05:52:30","guid":{"rendered":"https:\/\/www.europesays.com\/fr\/825239\/"},"modified":"2026-03-26T05:52:30","modified_gmt":"2026-03-26T05:52:30","slug":"lille-accueillera-la-nouvelle-autorite-douaniere-europeenne-politico","status":"publish","type":"post","link":"https:\/\/www.europesays.com\/fr\/825239\/","title":{"rendered":"Lille accueillera la nouvelle Autorit\u00e9 douani\u00e8re europ\u00e9enne \u2013 POLITICO"},"content":{"rendered":"<p>La candidature de Rome a \u00e9t\u00e9 moins bien accueillie, mais des repr\u00e9sentants du Parti populaire europ\u00e9en (PPE, la grande formation de centre droit) ont tout de m\u00eame vot\u00e9 pour elle afin d\u2019\u00e9viter que Lille ne l\u2019emporte d\u00e8s la phase de groupe, selon deux responsables.<\/p>\n<p>Bien que le PPE dirige 18 des 27 gouvernements de l\u2019UE et dispose de 14 des 51 eurod\u00e9put\u00e9s de la commission du March\u00e9 int\u00e9rieur du Parlement europ\u00e9en qui ont pris part au vote, il n\u2019a pas r\u00e9ussi \u00e0 hisser sa candidate favorite \u2014 Varsovie \u2014 au tour final.<\/p>\n<p>L\u2019Europe de l\u2019Est une nouvelle fois \u00e9cart\u00e9e<\/p>\n<p>Une fois de plus, la chance n\u2019a pas souri aux candidates venues de plus loin, comme la capitale croate, Zagreb. Cela a renforc\u00e9 l\u2019impression que, bien qu\u2019elle ait accueilli une multitude de nouveaux pays d\u2019Europe de l\u2019Est au cours des derni\u00e8res d\u00e9cennies, l\u2019UE reste avant tout un club d\u2019Europe occidentale. La Croatie, qui a rejoint l\u2019Union en 2013, n\u2019abrite aucune institution europ\u00e9enne.<\/p>\n<p>\u201cL\u2019Europe devrait garder \u00e0 l\u2019esprit que le centre de l\u2019Europe ne se limite pas \u00e0 un rayon de 300 kilom\u00e8tres entre Amsterdam, Francfort et Lille\u201d, a point\u00e9 l\u2019eurod\u00e9put\u00e9 n\u00e9erlandais Dirk Gotink, n\u00e9gociateur en chef du Parlement europ\u00e9en sur ce dossier.<\/p>\n<p>\u201cL\u2019Europe s\u2019\u00e9tend en r\u00e9alit\u00e9 sur 2\u00a0000 kilom\u00e8tres, et il est important que les autres r\u00e9gions et parties de l\u2019Europe se sentent \u00e9galement associ\u00e9es et repr\u00e9sent\u00e9es. Et, plus important encore, qu\u2019elles contribuent elles aussi, par leur expertise et leur excellence, \u00e0 rendre l\u2019Europe plus forte.\u201d<\/p>\n<p>Au bout du compte, la course pour accueillir l\u2019Autorit\u00e9 douani\u00e8re de l\u2019UE s\u2019est r\u00e9sum\u00e9e \u00e0 la \u00e9ni\u00e8me manche du sempiternel duel franco-italien.<\/p>\n","protected":false},"excerpt":{"rendered":"La candidature de Rome a \u00e9t\u00e9 moins bien accueillie, mais des repr\u00e9sentants du Parti populaire europ\u00e9en (PPE, la&hellip;\n","protected":false},"author":2,"featured_media":825240,"comment_status":"","ping_status":"","sticky":false,"template":"","format":"standard","meta":{"footnotes":"","_share_on_mastodon":"0"},"categories":[2815],"tags":[1111,47,11,24006,7027,1073,1777,674,1011,27,3044,811,1307,12,25,364],"class_list":["post-825239","post","type-post","status-publish","format-standard","has-post-thumbnail","category-lille","tag-actu","tag-actualite","tag-actualites","tag-benjamin-haddad","tag-e-commerce","tag-emmanuel-macron","tag-eu","tag-europe","tag-fr","tag-france","tag-giorgia-meloni","tag-hauts-de-france","tag-lille","tag-news","tag-republique-francaise","tag-union-europeenne"],"share_on_mastodon":{"url":"https:\/\/pubeurope.com\/@fr\/116293923315242119","error":""},"_links":{"self":[{"href":"https:\/\/www.europesays.com\/fr\/wp-json\/wp\/v2\/posts\/825239","targetHints":{"allow":["GET"]}}],"collection":[{"href":"https:\/\/www.europesays.com\/fr\/wp-json\/wp\/v2\/posts"}],"about":[{"href":"https:\/\/www.europesays.com\/fr\/wp-json\/wp\/v2\/types\/post"}],"author":[{"embeddable":true,"href":"https:\/\/www.europesays.com\/fr\/wp-json\/wp\/v2\/users\/2"}],"replies":[{"embeddable":true,"href":"https:\/\/www.europesays.com\/fr\/wp-json\/wp\/v2\/comments?post=825239"}],"version-history":[{"count":0,"href":"https:\/\/www.europesays.com\/fr\/wp-json\/wp\/v2\/posts\/825239\/revisions"}],"wp:featuredmedia":[{"embeddable":true,"href":"https:\/\/www.europesays.com\/fr\/wp-json\/wp\/v2\/media\/825240"}],"wp:attachment":[{"href":"https:\/\/www.europesays.com\/fr\/wp-json\/wp\/v2\/media?parent=825239"}],"wp:term":[{"taxonomy":"category","embeddable":true,"href":"https:\/\/www.europesays.com\/fr\/wp-json\/wp\/v2\/categories?post=825239"},{"taxonomy":"post_tag","embeddable":true,"href":"https:\/\/www.europesays.com\/fr\/wp-json\/wp\/v2\/tags?post=825239"}],"curies":[{"name":"wp","href":"https:\/\/api.w.org\/{rel}","templated":true}]}}