{"id":82524,"date":"2025-05-07T18:32:09","date_gmt":"2025-05-07T18:32:09","guid":{"rendered":"https:\/\/www.europesays.com\/fr\/82524\/"},"modified":"2025-05-07T18:32:09","modified_gmt":"2025-05-07T18:32:09","slug":"somkiat-chantra-forfait-pour-le-gp-de-france","status":"publish","type":"post","link":"https:\/\/www.europesays.com\/fr\/82524\/","title":{"rendered":"Somkiat Chantra forfait pour le GP de France"},"content":{"rendered":"<p><a href=\"https:\/\/fr.motorsport.com\/motogp\/news\/somkiat-chantra-opere-avant-gp-france\/10718315\/\" target=\"_self\" rel=\"noopener\">Op\u00e9r\u00e9 la semaine derni\u00e8re<\/a> d&rsquo;un syndrome des loges, <a href=\"https:\/\/fr.motorsport.com\/driver\/somkiat-chantra\/823104\/\" target=\"_blank\" rel=\"noopener\">Somkiat Chantra<\/a> n&rsquo;est pas suffisamment remis. Le pilote de l&rsquo;\u00e9quipe LCR Honda, co\u00e9quipier de <a href=\"https:\/\/fr.motorsport.com\/driver\/johann-zarco\/96107\/\" target=\"_blank\" rel=\"noopener\">Johann Zarco<\/a>, est contraint au forfait pour le Grand Prix de France et ne fera pas le d\u00e9placement dans la Sarthe.<\/p>\n<p>Le Tha\u00eflandais a \u00e9t\u00e9 op\u00e9r\u00e9 d&rsquo;un arm-pump il y a une semaine \u00e0 Barcelone, apr\u00e8s avoir abandonn\u00e9 lors du Grand Prix d&rsquo;Espagne \u00e0 cause des douleurs puis ne pas avoir particip\u00e9 \u00e0 la matin\u00e9e du test organis\u00e9 le lendemain, toujours sur le circuit de Jerez. Il pourrait ne pas \u00eatre remplac\u00e9 pour cette manche, et son retour est esp\u00e9r\u00e9 pour le Grand Prix suivant, \u00e0 Silverstone.<\/p>\n<p>\u00ab\u00a0Somkiat Chantra ne participera pas au Grand Prix de France car il poursuit sa convalescence apr\u00e8s son op\u00e9ration d&rsquo;un arm-pump qui a eu lieu le 30 avril dernier\u00a0\u00bb, indique LCR Honda.<\/p>\n<p>\u00ab\u00a0Apr\u00e8s un examen postop\u00e9ratoire, le Dr Xavier Mir, qui a pratiqu\u00e9 l&rsquo;intervention, a recommand\u00e9 de laisser plus de temps \u00e0 Somkiat pour retrouver toutes ses forces avant de reprendre la comp\u00e9tition. Bien que sa r\u00e9\u00e9ducation progresse bien, il n&rsquo;est pas encore en \u00e9tat de courir.\u00a0\u00bb<\/p>\n<p>Se trouvant dans un cas de figure similaire chez KTM, <a href=\"https:\/\/fr.motorsport.com\/driver\/pedro-acosta\/840236\/\" target=\"_blank\" rel=\"noopener\">Pedro Acosta<\/a> a en revanche re\u00e7u le feu vert m\u00e9dical pour se rendre au Mans, et doit encore passer devant les m\u00e9decins du MotoGP, jeudi, pour recevoir l&rsquo;autorisation d\u00e9finitive de reprendre la piste.<\/p>\n<p>Un aval dont aura \u00e9galement besoin <a href=\"https:\/\/fr.motorsport.com\/driver\/miguel-oliveira\/109382\/\" target=\"_blank\" rel=\"noopener\">Miguel Oliveira<\/a>, <a href=\"https:\/\/fr.motorsport.com\/motogp\/news\/miguel-oliveira-retour-blessure-gp-france\/10720157\/\" target=\"_self\" rel=\"noopener\">enfin de retour<\/a> apr\u00e8s avoir \u00e9t\u00e9 op\u00e9r\u00e9 de l&rsquo;\u00e9paule gauche, \u00e0 laquelle le pilote Pramac s&rsquo;\u00e9tait bless\u00e9 lors du sprint du Grand Prix d&rsquo;Argentine.<\/p>\n<p>Rappelons par ailleurs que le champion du monde en titre <a href=\"https:\/\/fr.motorsport.com\/driver\/jorge-martin\/109391\/\" target=\"_blank\" rel=\"noopener\">Jorge Mart\u00edn<\/a> manquera toujours \u00e0 l&rsquo;appel, et qu&rsquo;il sera une nouvelle fois remplac\u00e9 par <a href=\"https:\/\/fr.motorsport.com\/driver\/lorenzo-savadori\/408147\/\" target=\"_blank\" rel=\"noopener\">Lorenzo Savadori<\/a> chez Aprilia.<\/p>\n<p>Lire aussi :<\/p>\n<p>Dans cet article<\/p>\n<p>    Basile Davoine\n<\/p>\n<p>    MotoGP\n<\/p>\n<p>    Somkiat Chantra\n<\/p>\n<p>    Team LCR\n<\/p>\n<p>Soyez le premier inform\u00e9 et souscrivez aux alertes mails pour recevoir les infos en temps r\u00e9el<\/p>\n<p>    S&rsquo;abonner aux alertes de news<\/p>\n","protected":false},"excerpt":{"rendered":"Op\u00e9r\u00e9 la semaine derni\u00e8re d&rsquo;un syndrome des loges, Somkiat Chantra n&rsquo;est pas suffisamment remis. Le pilote de l&rsquo;\u00e9quipe&hellip;\n","protected":false},"author":2,"featured_media":82525,"comment_status":"","ping_status":"","sticky":false,"template":"","format":"standard","meta":{"footnotes":""},"categories":[1413],"tags":[1011,27,15545,15546,1457,1456,1458,16689,60,3771],"class_list":{"0":"post-82524","1":"post","2":"type-post","3":"status-publish","4":"format-standard","5":"has-post-thumbnail","7":"category-moto","8":"tag-fr","9":"tag-france","10":"tag-gp-de-france","11":"tag-le-mans-circuit-bugatti","12":"tag-moto","13":"tag-motocycle","14":"tag-motogp","15":"tag-somkiat-chantra","16":"tag-sports","17":"tag-team-lcr"},"share_on_mastodon":{"url":"https:\/\/pubeurope.com\/@fr\/114467985384441419","error":""},"_links":{"self":[{"href":"https:\/\/www.europesays.com\/fr\/wp-json\/wp\/v2\/posts\/82524","targetHints":{"allow":["GET"]}}],"collection":[{"href":"https:\/\/www.europesays.com\/fr\/wp-json\/wp\/v2\/posts"}],"about":[{"href":"https:\/\/www.europesays.com\/fr\/wp-json\/wp\/v2\/types\/post"}],"author":[{"embeddable":true,"href":"https:\/\/www.europesays.com\/fr\/wp-json\/wp\/v2\/users\/2"}],"replies":[{"embeddable":true,"href":"https:\/\/www.europesays.com\/fr\/wp-json\/wp\/v2\/comments?post=82524"}],"version-history":[{"count":0,"href":"https:\/\/www.europesays.com\/fr\/wp-json\/wp\/v2\/posts\/82524\/revisions"}],"wp:featuredmedia":[{"embeddable":true,"href":"https:\/\/www.europesays.com\/fr\/wp-json\/wp\/v2\/media\/82525"}],"wp:attachment":[{"href":"https:\/\/www.europesays.com\/fr\/wp-json\/wp\/v2\/media?parent=82524"}],"wp:term":[{"taxonomy":"category","embeddable":true,"href":"https:\/\/www.europesays.com\/fr\/wp-json\/wp\/v2\/categories?post=82524"},{"taxonomy":"post_tag","embeddable":true,"href":"https:\/\/www.europesays.com\/fr\/wp-json\/wp\/v2\/tags?post=82524"}],"curies":[{"name":"wp","href":"https:\/\/api.w.org\/{rel}","templated":true}]}}