{"id":82528,"date":"2025-05-07T18:34:09","date_gmt":"2025-05-07T18:34:09","guid":{"rendered":"https:\/\/www.europesays.com\/fr\/82528\/"},"modified":"2025-05-07T18:34:09","modified_gmt":"2025-05-07T18:34:09","slug":"le-team-cycliste-linas-montlhery-reserve-dune-equipe-pro-actualite","status":"publish","type":"post","link":"https:\/\/www.europesays.com\/fr\/82528\/","title":{"rendered":"Le Team Cycliste Linas Montlh\u00e9ry r\u00e9serve d&rsquo;une \u00e9quipe pro &#8211; Actualit\u00e9"},"content":{"rendered":"<p style=\"text-align: justify;\">Le Team Cycliste Linas Montlh\u00e9ry va \u00eatre soutenu par Unibet Tietema Rockets. Ce partenariat va permettre aux Juniors du club de l&rsquo;Essonne \u00ab\u00a0d&rsquo;aller en stage pendant un \u00e0 trois jours pendant les vacances et d&rsquo;obtenir du mat\u00e9riel en fin de saison\u00a0\u00bb, indique R\u00e9my Turgis, le Pr\u00e9sident du club, \u00e0 DirectVelo. La premi\u00e8re rencontre entre les coureurs des deux \u00e9quipes a eu lieu au d\u00e9part de Paris-Camembert.<\/p>\n<p>Les contacts entre les deux parties ont \u00e9t\u00e9 nou\u00e9s \u00e0 l&rsquo;initiative d&rsquo;Alain Gallopin qui conna\u00eet bien R\u00e9my Turgis. \u00ab\u00a0Il a tout le temps vu que je me d\u00e9menais pour les jeunes. Il leur a dit qu&rsquo;il y avait un petit club formateur qui m\u00e9riterait d&rsquo;\u00eatre aid\u00e9\u00a0\u00bb, ajoute-t-il.<\/p>\n","protected":false},"excerpt":{"rendered":"Le Team Cycliste Linas Montlh\u00e9ry va \u00eatre soutenu par Unibet Tietema Rockets. Ce partenariat va permettre aux Juniors&hellip;\n","protected":false},"author":2,"featured_media":82529,"comment_status":"","ping_status":"","sticky":false,"template":"","format":"standard","meta":{"footnotes":""},"categories":[1411],"tags":[834,828,836,829,837,827,83,826,824,823,1154,207,814,817,815,816,822,821,832,211,839,1011,27,820,818,819,835,831,830,833,838,60,212,208,825],"class_list":{"0":"post-82528","1":"post","2":"type-post","3":"status-publish","4":"format-standard","5":"has-post-thumbnail","7":"category-cyclisme","8":"tag-attaque","9":"tag-belgique","10":"tag-braquet","11":"tag-bretagne","12":"tag-chute","13":"tag-competition","14":"tag-coupe-de-france","15":"tag-coureur","16":"tag-course-cyclisme","17":"tag-course-cycliste","18":"tag-cycling","19":"tag-cyclisme","20":"tag-direct","21":"tag-direct-velo","22":"tag-directvelo","23":"tag-directvelo-com","24":"tag-epreuve","25":"tag-epreuve-cycliste","26":"tag-federation-francaise-de-cyclisme","27":"tag-ffc","28":"tag-flandres","29":"tag-fr","30":"tag-france","31":"tag-live","32":"tag-live-course","33":"tag-live-epreuve","34":"tag-peloton","35":"tag-radio-peloton","36":"tag-radio-tour","37":"tag-ravitaillement","38":"tag-relance","39":"tag-sports","40":"tag-uci","41":"tag-velo","42":"tag-velos"},"share_on_mastodon":{"url":"https:\/\/pubeurope.com\/@fr\/114467993224771473","error":""},"_links":{"self":[{"href":"https:\/\/www.europesays.com\/fr\/wp-json\/wp\/v2\/posts\/82528","targetHints":{"allow":["GET"]}}],"collection":[{"href":"https:\/\/www.europesays.com\/fr\/wp-json\/wp\/v2\/posts"}],"about":[{"href":"https:\/\/www.europesays.com\/fr\/wp-json\/wp\/v2\/types\/post"}],"author":[{"embeddable":true,"href":"https:\/\/www.europesays.com\/fr\/wp-json\/wp\/v2\/users\/2"}],"replies":[{"embeddable":true,"href":"https:\/\/www.europesays.com\/fr\/wp-json\/wp\/v2\/comments?post=82528"}],"version-history":[{"count":0,"href":"https:\/\/www.europesays.com\/fr\/wp-json\/wp\/v2\/posts\/82528\/revisions"}],"wp:featuredmedia":[{"embeddable":true,"href":"https:\/\/www.europesays.com\/fr\/wp-json\/wp\/v2\/media\/82529"}],"wp:attachment":[{"href":"https:\/\/www.europesays.com\/fr\/wp-json\/wp\/v2\/media?parent=82528"}],"wp:term":[{"taxonomy":"category","embeddable":true,"href":"https:\/\/www.europesays.com\/fr\/wp-json\/wp\/v2\/categories?post=82528"},{"taxonomy":"post_tag","embeddable":true,"href":"https:\/\/www.europesays.com\/fr\/wp-json\/wp\/v2\/tags?post=82528"}],"curies":[{"name":"wp","href":"https:\/\/api.w.org\/{rel}","templated":true}]}}