{"id":825354,"date":"2026-03-26T07:04:22","date_gmt":"2026-03-26T07:04:22","guid":{"rendered":"https:\/\/www.europesays.com\/fr\/825354\/"},"modified":"2026-03-26T07:04:22","modified_gmt":"2026-03-26T07:04:22","slug":"lyon-pourquoi-tous-les-parcs-de-la-ville-ont-ferme-precipitamment-ce-mercredi","status":"publish","type":"post","link":"https:\/\/www.europesays.com\/fr\/825354\/","title":{"rendered":"Lyon. Pourquoi tous les parcs de la ville ont ferm\u00e9 pr\u00e9cipitamment ce mercredi"},"content":{"rendered":"<p>                    Par<br \/>\n        <strong><br \/>\n            <a href=\"https:\/\/actu.fr\/auteur\/anthony-soudani\" title=\"Consulter tous les articles de Anthony Soudani\" rel=\"nofollow noopener\" target=\"_blank\">Anthony Soudani<\/a><br \/>\n                    <\/strong><\/p>\n<p>        Publi\u00e9 le<\/p>\n<p>            25 mars 2026 \u00e0 15h40        <\/p>\n<p>En raison de <strong>vents pouvant aller jusqu\u2019\u00e0 80 km\/h<\/strong>, les parcs et cimeti\u00e8res \u00e0 <a href=\"https:\/\/actu.fr\/lyon\/\" rel=\"nofollow noopener\" target=\"_blank\">Lyon<\/a> sont ferm\u00e9s, ce mercredi 25 mars, depuis 12h. La Ville indique que ce sera le cas jusqu\u2019\u00e0 nouvel ordre.<\/p>\n<p class=\" wall-content\">Le parc de la T\u00eate d\u2019Or, pour ne citer que lui comme exemple, est donc inaccessible ce mercredi apr\u00e8s-midi.<\/p>\n<p>Les parcs aussi ferm\u00e9s \u00e0 Villeurbanne<\/p>\n<p class=\" wall-content\">Dans la m\u00e9tropole de Lyon, <a href=\"https:\/\/actu.fr\/auvergne-rhone-alpes\/villeurbanne_69266\" rel=\"nofollow noopener\" target=\"_blank\">Villeurbanne<\/a> a \u00e9galement pris la d\u00e9cision de fermer tous ses parcs.<\/p>\n<p class=\" wall-content\">\u00ab\u00a0Compte tenu du risque de vents violents annonc\u00e9s pour ce mercredi 25 mars, la Ville a d\u00e9cid\u00e9 de fermer les parcs, jardins ainsi que les deux cimeti\u00e8res de Villeurbanne d\u00e8s cet apr\u00e8s-midi\u00a0\u00bb, est-il indiqu\u00e9 dans un communiqu\u00e9.<\/p>\n<p class=\" wall-content\">Dans l\u2019espace public, plus globalement, les habitants sont appel\u00e9s \u00e0 la vigilance.<\/p>\n<p class=\" wall-content\">Personnalisez votre actualit\u00e9 en ajoutant vos villes et m\u00e9dias en favori avec <a href=\"https:\/\/moncompte.actu.fr\" title=\"D\u00e9couvez Mon Actu\" rel=\"nofollow noopener\" data-trk=\"{&quot;cta&quot;:{&quot;action&quot;:&quot;https:\\\/\\\/moncompte.actu.fr&quot;,&quot;category&quot;:&quot;mon compte&quot;,&quot;from&quot;:&quot;article footer&quot;,&quot;name&quot;:&quot;Mon actu&quot;,&quot;type&quot;:&quot;cta&quot;}}\" target=\"_blank\">Mon Actu<\/a>.<\/p>\n","protected":false},"excerpt":{"rendered":"Par Anthony Soudani Publi\u00e9 le 25 mars 2026 \u00e0 15h40 En raison de vents pouvant aller jusqu\u2019\u00e0 80&hellip;\n","protected":false},"author":2,"featured_media":825355,"comment_status":"","ping_status":"","sticky":false,"template":"","format":"standard","meta":{"footnotes":"","_share_on_mastodon":"0"},"categories":[1889],"tags":[1111,11,2430,1777,674,1011,27,2428,2487,12,13760,25,7919],"class_list":["post-825354","post","type-post","status-publish","format-standard","has-post-thumbnail","category-lyon","tag-actu","tag-actualites","tag-auvergne-rhone-alpes","tag-eu","tag-europe","tag-fr","tag-france","tag-lyon","tag-meteo","tag-news","tag-parc-de-la-tete-dor","tag-republique-francaise","tag-vent"],"share_on_mastodon":{"url":"https:\/\/pubeurope.com\/@fr\/116294206418844688","error":""},"_links":{"self":[{"href":"https:\/\/www.europesays.com\/fr\/wp-json\/wp\/v2\/posts\/825354","targetHints":{"allow":["GET"]}}],"collection":[{"href":"https:\/\/www.europesays.com\/fr\/wp-json\/wp\/v2\/posts"}],"about":[{"href":"https:\/\/www.europesays.com\/fr\/wp-json\/wp\/v2\/types\/post"}],"author":[{"embeddable":true,"href":"https:\/\/www.europesays.com\/fr\/wp-json\/wp\/v2\/users\/2"}],"replies":[{"embeddable":true,"href":"https:\/\/www.europesays.com\/fr\/wp-json\/wp\/v2\/comments?post=825354"}],"version-history":[{"count":0,"href":"https:\/\/www.europesays.com\/fr\/wp-json\/wp\/v2\/posts\/825354\/revisions"}],"wp:featuredmedia":[{"embeddable":true,"href":"https:\/\/www.europesays.com\/fr\/wp-json\/wp\/v2\/media\/825355"}],"wp:attachment":[{"href":"https:\/\/www.europesays.com\/fr\/wp-json\/wp\/v2\/media?parent=825354"}],"wp:term":[{"taxonomy":"category","embeddable":true,"href":"https:\/\/www.europesays.com\/fr\/wp-json\/wp\/v2\/categories?post=825354"},{"taxonomy":"post_tag","embeddable":true,"href":"https:\/\/www.europesays.com\/fr\/wp-json\/wp\/v2\/tags?post=825354"}],"curies":[{"name":"wp","href":"https:\/\/api.w.org\/{rel}","templated":true}]}}