{"id":82562,"date":"2025-05-07T18:51:10","date_gmt":"2025-05-07T18:51:10","guid":{"rendered":"https:\/\/www.europesays.com\/fr\/82562\/"},"modified":"2025-05-07T18:51:10","modified_gmt":"2025-05-07T18:51:10","slug":"football-retrait-dun-point-avec-sursis-pour-saint-etienne-apres-linterruption-du-derby-contre-lol","status":"publish","type":"post","link":"https:\/\/www.europesays.com\/fr\/82562\/","title":{"rendered":"Football. Retrait d&rsquo;un point avec sursis pour Saint-Etienne apr\u00e8s l&rsquo;interruption du derby contre l&rsquo;OL"},"content":{"rendered":"<p>Saint-\u00c9tienne a \u00e9cop\u00e9 du retrait d&rsquo;un point avec sursis<a href=\"https:\/\/www.ledauphine.com\/sport\/2025\/04\/20\/ligue-1-un-arbitre-touche-par-un-projectile-le-derby-saint-etienne-lyon-interrompu\" target=\"_blank\" rel=\"nofollow noopener\"> pour l&rsquo;interruption du derby contre Lyon<\/a> provoqu\u00e9e par les lancers de pi\u00e8ces de monnaie sur un arbitre, a annonc\u00e9 mercredi <a href=\"https:\/\/www.ledauphine.com\/sport\/2025\/04\/23\/interruption-du-derby-asse-ol-decision-de-la-ligue-le-7-mai\" target=\"_blank\" rel=\"nofollow noopener\">la commission de discipline <\/a>de la Ligue de football professionnel (LFP), <a href=\"https:\/\/www.ledauphine.com\/sport\/2025\/04\/25\/problemes-de-securite-blessure-de-tolisso-banderoles-insultantes-l-ol-demande-de-ne-pas-homologuer-le-resultat-du-derby\" target=\"_blank\" rel=\"nofollow noopener\">contrairement aux demandes de l&rsquo;OL<\/a>.\u00a0<\/p>\n<p>Pour rappel, un supporter des Verts, \u00e2g\u00e9 de 28 ans, et soup\u00e7onn\u00e9 d&rsquo;\u00eatre celui qui a jet\u00e9 la pi\u00e8ce de monnaie sur la t\u00eate d&rsquo;un arbitre de touche, a d\u00e9j\u00e0 \u00e9t\u00e9 plac\u00e9 en garde \u00e0 vue.<\/p>\n<p>L&rsquo;ASSE garde sa victoire<\/p>\n<p>L&rsquo;ASSE, avant-dernier de Ligue 1 et proche de la rel\u00e9gation, conserve donc sa victoire 2-1 acquise le 20 avril pour la 30e journ\u00e9e de Ligue 1 et a toujours quatre longueurs de retard sur Le Havre, 16e et barragiste, \u00e0 deux matches de la fin du championnat. <\/p>\n<p>Plus d&rsquo;informations \u00e0 venir&#8230;<\/p>\n","protected":false},"excerpt":{"rendered":"Saint-\u00c9tienne a \u00e9cop\u00e9 du retrait d&rsquo;un point avec sursis pour l&rsquo;interruption du derby contre Lyon provoqu\u00e9e par les&hellip;\n","protected":false},"author":2,"featured_media":82563,"comment_status":"","ping_status":"","sticky":false,"template":"","format":"standard","meta":{"footnotes":""},"categories":[9653],"tags":[1111,11,2430,1777,674,107,63,1011,27,12,25,4001,517,1947],"class_list":{"0":"post-82562","1":"post","2":"type-post","3":"status-publish","4":"format-standard","5":"has-post-thumbnail","7":"category-saint-etienne","8":"tag-actu","9":"tag-actualites","10":"tag-auvergne-rhone-alpes","11":"tag-eu","12":"tag-europe","13":"tag-fil-info","14":"tag-football","15":"tag-fr","16":"tag-france","17":"tag-news","18":"tag-republique-francaise","19":"tag-saint-etienne","20":"tag-sport","21":"tag-sport-national"},"share_on_mastodon":{"url":"https:\/\/pubeurope.com\/@fr\/114468060162217626","error":""},"_links":{"self":[{"href":"https:\/\/www.europesays.com\/fr\/wp-json\/wp\/v2\/posts\/82562","targetHints":{"allow":["GET"]}}],"collection":[{"href":"https:\/\/www.europesays.com\/fr\/wp-json\/wp\/v2\/posts"}],"about":[{"href":"https:\/\/www.europesays.com\/fr\/wp-json\/wp\/v2\/types\/post"}],"author":[{"embeddable":true,"href":"https:\/\/www.europesays.com\/fr\/wp-json\/wp\/v2\/users\/2"}],"replies":[{"embeddable":true,"href":"https:\/\/www.europesays.com\/fr\/wp-json\/wp\/v2\/comments?post=82562"}],"version-history":[{"count":0,"href":"https:\/\/www.europesays.com\/fr\/wp-json\/wp\/v2\/posts\/82562\/revisions"}],"wp:featuredmedia":[{"embeddable":true,"href":"https:\/\/www.europesays.com\/fr\/wp-json\/wp\/v2\/media\/82563"}],"wp:attachment":[{"href":"https:\/\/www.europesays.com\/fr\/wp-json\/wp\/v2\/media?parent=82562"}],"wp:term":[{"taxonomy":"category","embeddable":true,"href":"https:\/\/www.europesays.com\/fr\/wp-json\/wp\/v2\/categories?post=82562"},{"taxonomy":"post_tag","embeddable":true,"href":"https:\/\/www.europesays.com\/fr\/wp-json\/wp\/v2\/tags?post=82562"}],"curies":[{"name":"wp","href":"https:\/\/api.w.org\/{rel}","templated":true}]}}