{"id":82570,"date":"2025-05-07T18:56:08","date_gmt":"2025-05-07T18:56:08","guid":{"rendered":"https:\/\/www.europesays.com\/fr\/82570\/"},"modified":"2025-05-07T18:56:08","modified_gmt":"2025-05-07T18:56:08","slug":"kids-return-en-live-pour-son-nouvel-album-1997","status":"publish","type":"post","link":"https:\/\/www.europesays.com\/fr\/82570\/","title":{"rendered":"Kids Return en live pour son nouvel album \u00ab\u00a01997\u00a0\u00bb"},"content":{"rendered":"<p>            Par<br \/>\n        <strong><br \/>\n            <a href=\"https:\/\/actu.fr\/auteur\/g-martin\" title=\"Consulter tous les articles de Gil Martin\" rel=\"nofollow noopener\" target=\"_blank\">Gil Martin<\/a><br \/>\n        <\/strong><\/p>\n<p>        Publi\u00e9 le<\/p>\n<p>            7 mai 2025 \u00e0 20h31        <\/p>\n<p>Le 4 avril dernier, <strong>Kids Return<\/strong>, groupe de pop-rock ind\u00e9pendant, a sorti \u00ab\u00a01997\u00a0\u00bb, son nouvel album que le public montpelli\u00e9rain pourra d\u00e9couvrir ce <strong>samedi 10 mai au Rockstore<\/strong>. Adrien Roz\u00e9 et Cl\u00e9ment Savoye, les deux fondateurs de Kids Return, sont aujourd\u2019hui l\u2019incarnation de la <strong>French Touch hybrid\u00e9e<\/strong> inspir\u00e9e par Air, Blur et Phoenix.<\/p>\n<p>French Touch et Britpop<\/p>\n<p class=\" wall-content\">\u00ab\u00a0N\u00e9s en 1997, Adrien et Cl\u00e9ment ont tous deux grandi a\u0300 l\u2019aube du nouveau mill\u00e9naire, de ses fantasmes et de ses d\u00e9sillusions\u2026 L\u2019ann\u00e9e de leur naissance est aussi celle de l\u2019effervescence musicale de <strong>la French Touch<\/strong> et de la mont\u00e9e en puissance de la <strong>Britpop<\/strong> : deux courants majeurs qui infuseront deux d\u00e9cennies plus tard dans leurs \u00e9lans discographiques\u00a0\u00bb, rappellent les organisateurs<\/p>\n<p>    <a href=\"https:\/\/www.google.com\/maps\/embed?pb=!1m18!1m12!1m3!1d2889.0175230387476!2d3.8786447111023548!3d43.606176755351306!2m3!1f0!2f0!3f0!3m2!1i1024!2i768!4f13.1!3m3!1m2!1s0x12b6afa148b3ae95%3A0x5ce2fcf82d57c105!2sRockstore!5e0!3m2!1sfr!2sfr!4v1746548423190!5m2!1sfr!2sfr\" title=\"Ouvrie le lien\" rel=\"nofollow noopener\" target=\"_blank\">Cliquez ici pour visualiser le contenu<\/a><\/p>\n<p>Pop moderne, \u00e9clats \u00e9lectroniques<\/p>\n<p class=\" wall-content\">Tout juste trois ans apr\u00e8s leur premier opus, \u00ab\u00a0Forever Melodie\u00a0\u00bb, le duo parisien revient sur le devant de la sc\u00e8ne avec le tr\u00e8s abouti \u00ab\u00a01997\u00a0\u00bb, un album riche en r\u00e9f\u00e9rences pop modernes \u00e9maill\u00e9es d\u2019\u00e9clats \u00e9lectroniques\u2026 Kids Return \u00e0 Montpellier, Sans nul doute l\u2019une des grandes dates de l\u2019ann\u00e9e au Rockstore !<\/p>\n<p><strong>Infos pratiques<\/strong><br \/>\nKids Return<br \/>\nConcert samedi 10 mai<br \/>\nAu Rockstore, \u00e0 partir de 19h30<br \/>\nLe site : <a href=\"http:\/\/www.rockstore.fr\" rel=\"nofollow noopener\" target=\"_blank\">www.rockstore.fr<\/a>Vid\u00e9os : en ce moment sur Actu<\/p>\n<p class=\" wall-content\">.<\/p>\n<p class=\" wall-content\">Suivez toute l\u2019actualit\u00e9 de vos villes et m\u00e9dias favoris en vous inscrivant \u00e0 <a href=\"https:\/\/moncompte.actu.fr\" title=\"D\u00e9couvez Mon Actu\" rel=\"nofollow noopener\" data-trk=\"{&quot;cta&quot;:{&quot;action&quot;:&quot;https:\\\/\\\/moncompte.actu.fr&quot;,&quot;category&quot;:&quot;mon compte&quot;,&quot;from&quot;:&quot;article footer&quot;,&quot;name&quot;:&quot;Mon actu&quot;,&quot;type&quot;:&quot;cta&quot;}}\" target=\"_blank\">Mon Actu<\/a>.<\/p>\n","protected":false},"excerpt":{"rendered":"Par Gil Martin Publi\u00e9 le 7 mai 2025 \u00e0 20h31 Le 4 avril dernier, Kids Return, groupe de&hellip;\n","protected":false},"author":2,"featured_media":82571,"comment_status":"","ping_status":"","sticky":false,"template":"","format":"standard","meta":{"footnotes":""},"categories":[9599],"tags":[1111,11,1697,1777,674,1011,27,1652,2208,12,2680,25],"class_list":{"0":"post-82570","1":"post","2":"type-post","3":"status-publish","4":"format-standard","5":"has-post-thumbnail","7":"category-montpellier","8":"tag-actu","9":"tag-actualites","10":"tag-concert","11":"tag-eu","12":"tag-europe","13":"tag-fr","14":"tag-france","15":"tag-loisirs-culture","16":"tag-montpellier","17":"tag-news","18":"tag-occitanie","19":"tag-republique-francaise"},"share_on_mastodon":{"url":"https:\/\/pubeurope.com\/@fr\/114468079769337429","error":""},"_links":{"self":[{"href":"https:\/\/www.europesays.com\/fr\/wp-json\/wp\/v2\/posts\/82570","targetHints":{"allow":["GET"]}}],"collection":[{"href":"https:\/\/www.europesays.com\/fr\/wp-json\/wp\/v2\/posts"}],"about":[{"href":"https:\/\/www.europesays.com\/fr\/wp-json\/wp\/v2\/types\/post"}],"author":[{"embeddable":true,"href":"https:\/\/www.europesays.com\/fr\/wp-json\/wp\/v2\/users\/2"}],"replies":[{"embeddable":true,"href":"https:\/\/www.europesays.com\/fr\/wp-json\/wp\/v2\/comments?post=82570"}],"version-history":[{"count":0,"href":"https:\/\/www.europesays.com\/fr\/wp-json\/wp\/v2\/posts\/82570\/revisions"}],"wp:featuredmedia":[{"embeddable":true,"href":"https:\/\/www.europesays.com\/fr\/wp-json\/wp\/v2\/media\/82571"}],"wp:attachment":[{"href":"https:\/\/www.europesays.com\/fr\/wp-json\/wp\/v2\/media?parent=82570"}],"wp:term":[{"taxonomy":"category","embeddable":true,"href":"https:\/\/www.europesays.com\/fr\/wp-json\/wp\/v2\/categories?post=82570"},{"taxonomy":"post_tag","embeddable":true,"href":"https:\/\/www.europesays.com\/fr\/wp-json\/wp\/v2\/tags?post=82570"}],"curies":[{"name":"wp","href":"https:\/\/api.w.org\/{rel}","templated":true}]}}