{"id":82586,"date":"2025-05-07T19:04:10","date_gmt":"2025-05-07T19:04:10","guid":{"rendered":"https:\/\/www.europesays.com\/fr\/82586\/"},"modified":"2025-05-07T19:04:10","modified_gmt":"2025-05-07T19:04:10","slug":"schiltigheim-lassociation-de-flamenco-y-ole-fete-ses-15-ans-samedi-au-brassin","status":"publish","type":"post","link":"https:\/\/www.europesays.com\/fr\/82586\/","title":{"rendered":"Schiltigheim. L\u2019association de flamenco \u00a1Y Ol\u00e9\u00a0! f\u00eate ses 15 ans samedi au Brassin"},"content":{"rendered":"<p>Pour c\u00e9l\u00e9brer ses 15 ans d\u2019existence, l\u2019association de flamenco \u00a1Y Ol\u00e9\u00a0! organise ce samedi 10\u00a0mai une journ\u00e9e festive <a href=\"https:\/\/www.dna.fr\/culture-loisirs\/2025\/04\/30\/hip-hop-flamenco-jazz-ca-va-swinguer-pendant-un-mois-avec-alors-on-danse\" target=\"_blank\" rel=\"nofollow noopener\">au Brassin, \u00e0 Schiltigheim<\/a>.<\/p>\n<p>\u00c0 cette occasion, des activit\u00e9s ludiques et des ateliers seront propos\u00e9s tout au long de la journ\u00e9e, pour s\u2019initier \u00e0 la danse, au chant flamenco, aux castagnettes ou participer \u00e0 des ateliers enfants-parents. Et pour ceux qui pr\u00e9f\u00e8rent regarder\u00a0? La Flamenquita , un conte musical et dans\u00e9, sera propos\u00e9 \u00e0 11\u00a0h. Cr\u00e9\u00e9 et mis en sc\u00e8ne par In\u00e9s C\u00e9sar Pa\u00f1os, chor\u00e9graphe et professeure de l\u2019association, ce spectacle invite petits et grands \u00e0 d\u00e9couvrir les bases du flamenco, ses instruments, ses postures et son expression unique.<\/p>\n<p>  L\u2019Andalousie jusque dans les verres et les assiettes<\/p>\n<p>Les danseuses In\u00e9s C\u00e9sar Pa\u00f1os et Ivana d\u2019Alessandro, accompagn\u00e9es \u00e0 la guitare flamenca par C\u00e9dric Pierson et par les voix envo\u00fbtantes de C\u00e9cile Evrot et Alexis Botella, transporteront les familles dans un univers d\u2019\u00e9motions, de rythmes et de traditions.<\/p>\n<p>Les plus grands ne seront pas en reste\u00a0: ils pourront vivre, \u00e0 partir de 20\u00a0\u00a0h, une soir\u00e9e de flamenco authentique, \u201cTablao Flamenco\u201d, avec Adela y Rafael Campallo, danseurs de renomm\u00e9e internationale. Ils seront accompagn\u00e9s par la voix de Jes\u00fas Corbacho et la guitare de Juan Campallo.<\/p>\n<p>Pour compl\u00e9ter cette exp\u00e9rience andalouse, sangria, paella et bien plus seront propos\u00e9s sur place.<\/p>\n<p class=\"note\">Samedi 10\u00a0mai, de 10\u00a0h\u00a030 \u00e0 23\u00a0h. Au Brassin, 38 rue de Vendenheim \u00e0 Schiltigheim.<\/p>\n<p class=\"note\">Tarifs\u00a0: \u00ab\u00a0La Flamenquita\u00a0\u00bb, 5\u00a0\u20ac (plein) ou 2,50\u00a0\u20ac (adh\u00e9rents). \u00ab\u00a0Tablao Flamenco\u00a0\u00bb, 20\u00a0\u20ac (plein) ou 10\u00a0\u20ac (r\u00e9duit). Vente sur place ou en ligne\u00a0: https:\/\/www.helloasso.com\/associations\/association-y-ole-centro-de-arte-flamenco.<\/p>\n","protected":false},"excerpt":{"rendered":"Pour c\u00e9l\u00e9brer ses 15 ans d\u2019existence, l\u2019association de flamenco \u00a1Y Ol\u00e9\u00a0! organise ce samedi 10\u00a0mai une journ\u00e9e festive&hellip;\n","protected":false},"author":2,"featured_media":82587,"comment_status":"","ping_status":"","sticky":false,"template":"","format":"standard","meta":{"footnotes":""},"categories":[2820],"tags":[1111,11,1687,2880,1777,674,107,1011,27,775,873,12,25,5512,3140,640,3265],"class_list":{"0":"post-82586","1":"post","2":"type-post","3":"status-publish","4":"format-standard","5":"has-post-thumbnail","7":"category-strasbourg","8":"tag-actu","9":"tag-actualites","10":"tag-culture-loisirs","11":"tag-edition-strasbourg","12":"tag-eu","13":"tag-europe","14":"tag-fil-info","15":"tag-fr","16":"tag-france","17":"tag-grand-est","18":"tag-musique","19":"tag-news","20":"tag-republique-francaise","21":"tag-schiltigheim","22":"tag-spectacle","23":"tag-strasbourg","24":"tag-strasbourg-nord"},"share_on_mastodon":{"url":"https:\/\/pubeurope.com\/@fr\/114468111551378921","error":""},"_links":{"self":[{"href":"https:\/\/www.europesays.com\/fr\/wp-json\/wp\/v2\/posts\/82586","targetHints":{"allow":["GET"]}}],"collection":[{"href":"https:\/\/www.europesays.com\/fr\/wp-json\/wp\/v2\/posts"}],"about":[{"href":"https:\/\/www.europesays.com\/fr\/wp-json\/wp\/v2\/types\/post"}],"author":[{"embeddable":true,"href":"https:\/\/www.europesays.com\/fr\/wp-json\/wp\/v2\/users\/2"}],"replies":[{"embeddable":true,"href":"https:\/\/www.europesays.com\/fr\/wp-json\/wp\/v2\/comments?post=82586"}],"version-history":[{"count":0,"href":"https:\/\/www.europesays.com\/fr\/wp-json\/wp\/v2\/posts\/82586\/revisions"}],"wp:featuredmedia":[{"embeddable":true,"href":"https:\/\/www.europesays.com\/fr\/wp-json\/wp\/v2\/media\/82587"}],"wp:attachment":[{"href":"https:\/\/www.europesays.com\/fr\/wp-json\/wp\/v2\/media?parent=82586"}],"wp:term":[{"taxonomy":"category","embeddable":true,"href":"https:\/\/www.europesays.com\/fr\/wp-json\/wp\/v2\/categories?post=82586"},{"taxonomy":"post_tag","embeddable":true,"href":"https:\/\/www.europesays.com\/fr\/wp-json\/wp\/v2\/tags?post=82586"}],"curies":[{"name":"wp","href":"https:\/\/api.w.org\/{rel}","templated":true}]}}