{"id":82594,"date":"2025-05-07T19:08:11","date_gmt":"2025-05-07T19:08:11","guid":{"rendered":"https:\/\/www.europesays.com\/fr\/82594\/"},"modified":"2025-05-07T19:08:11","modified_gmt":"2025-05-07T19:08:11","slug":"au-concours-deloquence-a-sainte-luce-sur-loire-les-collegiens-ont-brille","status":"publish","type":"post","link":"https:\/\/www.europesays.com\/fr\/82594\/","title":{"rendered":"Au concours d\u2019\u00e9loquence, \u00e0 Sainte-Luce-sur-Loire, les coll\u00e9giens ont brill\u00e9"},"content":{"rendered":"<p>Mardi 6\u00a0mai, au gymnase \u00c9ric-Tabarly, avait lieu la cinqui\u00e8me finale du concours d\u2019\u00e9loquence organis\u00e9 par les professeurs de fran\u00e7ais du coll\u00e8ge La Reineti\u00e8re de Sainte-Luce-sur-Loire. Sur le th\u00e8me\u00a0: \u00ab\u00a0Qu\u2019aimeriez-vous changer\u00a0?\u00a0\u00bb, quinze jeunes Luc\u00e9ens de 3e ont montr\u00e9 qu\u2019ils avaient des choses \u00e0 dire. Parler devant une assembl\u00e9e, d\u00e9fendre ses id\u00e9es sur un th\u00e8me choisi\u00a0: tel \u00e9tait le d\u00e9fi \u00e0 relever dans un concours qui s\u2019inscrivait dans la semaine de lutte contre toutes sortes de discriminations, organis\u00e9e par le coll\u00e8ge.<\/p>\n<p>D\u00e9velopper devant des professeurs les failles du syst\u00e8me scolaire fran\u00e7ais s\u2019av\u00e9rait p\u00e9rilleux\u00a0; Ambre s\u2019en est tr\u00e8s bien sortie. Parler du racisme, comme Klervi l\u2019a fait, n\u2019\u00e9tait pas simple, mais ses arguments ont s\u00e9duit l\u2019assembl\u00e9e. Nolan avait choisi le harc\u00e8lement\u00a0; il s\u2019en est brillamment acquitt\u00e9.<\/p>\n<p><strong>\u00ab\u00a0Les \u00e9l\u00e8ves nous ont bluff\u00e9s,<\/strong> raconte Ga\u00eblle Schmit, une des professeurs de fran\u00e7ais. <strong>Ils ont r\u00e9fl\u00e9chi sur des th\u00e8mes tr\u00e8s vari\u00e9s, avec des arguments construits et un niveau d\u2019\u00e9loquence tr\u00e8s int\u00e9ressant. On leur avait donn\u00e9 des \u00e9l\u00e9ments de rh\u00e9torique et une structure \u00e0 mettre en \u0153uvre dans leur intervention. Ils ont r\u00e9ussi \u00e0 mettre en application toutes les notions que nous avions vues dans l\u2019ann\u00e9e.\u00a0\u00bb<\/strong><\/p>\n<p>Une bronca d\u2019applaudissements<\/p>\n<p>Les discriminations, l\u2019\u00e9galit\u00e9 hommes-femmes, les violences conjugales, le regard des autres ont \u00e9t\u00e9 des sujets abord\u00e9s et d\u00e9cortiqu\u00e9s, avec justesse et concision. Il y avait trois minutes d\u2019intervention par candidat. Chez certains, il y eut bien quelques h\u00e9sitations, blancs et soupirs dans le fil du discours, mais ils ont vite \u00e9t\u00e9 r\u00e9compens\u00e9s par la bronca d\u2019encouragement et d\u2019applaudissements prodigu\u00e9s par les \u00e9l\u00e8ves en fin d\u2019intervention. Il fallait bien laisser \u00e9clater son enthousiasme, car le gymnase \u00e9tait plong\u00e9 dans un silence respectueux \u00e0 chaque discours.<\/p>\n<p>A l\u2019issue de ces joutes oratoires, trois prix ont \u00e9t\u00e9 d\u00e9cern\u00e9s. Tha\u00efs a remport\u00e9 le prix de l\u2019engagement avec un sujet sur l\u2019\u00e9levage intensif, et Adam le prix du public en parlant de la gestion des d\u00e9chets. Hana\u00e9 a \u00e9t\u00e9 r\u00e9compens\u00e9e par le premier prix du jury sur le th\u00e8me de la sant\u00e9 mentale des jeunes, sujet d\u2019une actualit\u00e9 br\u00fblante. <strong>\u00ab<\/strong> <strong>\u00a0C\u2019est important d\u2019en parler et de prendre soin de notre sant\u00e9 mentale car cela fait des ravages,<\/strong> estime la laur\u00e9ate. <strong>Par manque d\u2019\u00e9coute, certains \u00e9l\u00e8ves se suicident.\u00a0\u00bb<\/strong><\/p>\n<p>\u00a0<\/p>\n","protected":false},"excerpt":{"rendered":"Mardi 6\u00a0mai, au gymnase \u00c9ric-Tabarly, avait lieu la cinqui\u00e8me finale du concours d\u2019\u00e9loquence organis\u00e9 par les professeurs de&hellip;\n","protected":false},"author":2,"featured_media":82595,"comment_status":"","ping_status":"","sticky":false,"template":"","format":"standard","meta":{"footnotes":""},"categories":[2818],"tags":[1111,11,19042,6340,903,19041,1777,674,1011,27,766,12,2636,25,3272,5974],"class_list":{"0":"post-82594","1":"post","2":"type-post","3":"status-publish","4":"format-standard","5":"has-post-thumbnail","7":"category-nantes","8":"tag-actu","9":"tag-actualites","10":"tag-brille","11":"tag-collegiens","12":"tag-concours","13":"tag-eloquence","14":"tag-eu","15":"tag-europe","16":"tag-fr","17":"tag-france","18":"tag-nantes","19":"tag-news","20":"tag-pays-de-la-loire","21":"tag-republique-francaise","22":"tag-saint-nazaire","23":"tag-sainte-luce-sur-loire"},"share_on_mastodon":{"url":"https:\/\/pubeurope.com\/@fr\/114468126997994593","error":""},"_links":{"self":[{"href":"https:\/\/www.europesays.com\/fr\/wp-json\/wp\/v2\/posts\/82594","targetHints":{"allow":["GET"]}}],"collection":[{"href":"https:\/\/www.europesays.com\/fr\/wp-json\/wp\/v2\/posts"}],"about":[{"href":"https:\/\/www.europesays.com\/fr\/wp-json\/wp\/v2\/types\/post"}],"author":[{"embeddable":true,"href":"https:\/\/www.europesays.com\/fr\/wp-json\/wp\/v2\/users\/2"}],"replies":[{"embeddable":true,"href":"https:\/\/www.europesays.com\/fr\/wp-json\/wp\/v2\/comments?post=82594"}],"version-history":[{"count":0,"href":"https:\/\/www.europesays.com\/fr\/wp-json\/wp\/v2\/posts\/82594\/revisions"}],"wp:featuredmedia":[{"embeddable":true,"href":"https:\/\/www.europesays.com\/fr\/wp-json\/wp\/v2\/media\/82595"}],"wp:attachment":[{"href":"https:\/\/www.europesays.com\/fr\/wp-json\/wp\/v2\/media?parent=82594"}],"wp:term":[{"taxonomy":"category","embeddable":true,"href":"https:\/\/www.europesays.com\/fr\/wp-json\/wp\/v2\/categories?post=82594"},{"taxonomy":"post_tag","embeddable":true,"href":"https:\/\/www.europesays.com\/fr\/wp-json\/wp\/v2\/tags?post=82594"}],"curies":[{"name":"wp","href":"https:\/\/api.w.org\/{rel}","templated":true}]}}