{"id":82596,"date":"2025-05-07T19:09:17","date_gmt":"2025-05-07T19:09:17","guid":{"rendered":"https:\/\/www.europesays.com\/fr\/82596\/"},"modified":"2025-05-07T19:09:17","modified_gmt":"2025-05-07T19:09:17","slug":"pour-les-etudiants-un-job-de-tuteur-sur-le-campus-de-nantes","status":"publish","type":"post","link":"https:\/\/www.europesays.com\/fr\/82596\/","title":{"rendered":"Pour les \u00e9tudiants, un job de tuteur sur le campus de Nantes"},"content":{"rendered":"<p>Un job pour le campus\u00a0? Voil\u00e0 un bon plan pour les \u00e9tudiants. Nantes universit\u00e9 recrute en effet plus de 250\u00a0tuteurs rien que sur le premier semestre. Sont propos\u00e9s\u00a0des postes de tuteur ou tutrice d\u2019accueil, d\u2019accompagnement, d\u2019animation, de m\u00e9diation, de communication, d\u2019enqu\u00eate, ou encore d\u2019ambassadeur ou ambassadrice dans les domaines de la culture, sant\u00e9, documentation, \u00e9v\u00e9nementiel, formation, relations internationales\u2026<\/p>\n<p>Tous les services recruteurs seront pr\u00e9sents lors d\u2019<a href=\"https:\/\/univ-nantes.jobteaser.com\/fr\/events\/251001\" target=\"_self\" rel=\"noopener\">un job dating organis\u00e9 jeudi 22\u00a0mai et mardi 3\u00a0juin.<\/a> Les \u00e9tudiants et \u00e9tudiantes int\u00e9ress\u00e9es doivent se pr\u00e9senter avec un CV.<\/p>\n<p><strong>Jeudi 22\u00a0mai,<\/strong> de 9\u00a0h \u00e0 17\u00a0h et le <strong>mardi 3\u00a0juin,<\/strong> de 9\u00a0h \u00e0 13\u00a0h \u00e0 la Station SUIO (service universitaire d\u2019information et d\u2019orientation), 110\u00a0bd Michelet, \u00e0 Nantes. Renseignements sur le site de l\u2019universit\u00e9 univ-nantes.fr.<\/p>\n<p>\u00a0<\/p>\n","protected":false},"excerpt":{"rendered":"Un job pour le campus\u00a0? Voil\u00e0 un bon plan pour les \u00e9tudiants. Nantes universit\u00e9 recrute en effet plus&hellip;\n","protected":false},"author":2,"featured_media":82597,"comment_status":"","ping_status":"","sticky":false,"template":"","format":"standard","meta":{"footnotes":""},"categories":[2818],"tags":[1111,11,13701,6379,1777,674,1011,27,1231,766,12,2636,25,19043],"class_list":{"0":"post-82596","1":"post","2":"type-post","3":"status-publish","4":"format-standard","5":"has-post-thumbnail","7":"category-nantes","8":"tag-actu","9":"tag-actualites","10":"tag-campus","11":"tag-etudiants","12":"tag-eu","13":"tag-europe","14":"tag-fr","15":"tag-france","16":"tag-job","17":"tag-nantes","18":"tag-news","19":"tag-pays-de-la-loire","20":"tag-republique-francaise","21":"tag-tuteur"},"share_on_mastodon":{"url":"https:\/\/pubeurope.com\/@fr\/114468131064375373","error":""},"_links":{"self":[{"href":"https:\/\/www.europesays.com\/fr\/wp-json\/wp\/v2\/posts\/82596","targetHints":{"allow":["GET"]}}],"collection":[{"href":"https:\/\/www.europesays.com\/fr\/wp-json\/wp\/v2\/posts"}],"about":[{"href":"https:\/\/www.europesays.com\/fr\/wp-json\/wp\/v2\/types\/post"}],"author":[{"embeddable":true,"href":"https:\/\/www.europesays.com\/fr\/wp-json\/wp\/v2\/users\/2"}],"replies":[{"embeddable":true,"href":"https:\/\/www.europesays.com\/fr\/wp-json\/wp\/v2\/comments?post=82596"}],"version-history":[{"count":0,"href":"https:\/\/www.europesays.com\/fr\/wp-json\/wp\/v2\/posts\/82596\/revisions"}],"wp:featuredmedia":[{"embeddable":true,"href":"https:\/\/www.europesays.com\/fr\/wp-json\/wp\/v2\/media\/82597"}],"wp:attachment":[{"href":"https:\/\/www.europesays.com\/fr\/wp-json\/wp\/v2\/media?parent=82596"}],"wp:term":[{"taxonomy":"category","embeddable":true,"href":"https:\/\/www.europesays.com\/fr\/wp-json\/wp\/v2\/categories?post=82596"},{"taxonomy":"post_tag","embeddable":true,"href":"https:\/\/www.europesays.com\/fr\/wp-json\/wp\/v2\/tags?post=82596"}],"curies":[{"name":"wp","href":"https:\/\/api.w.org\/{rel}","templated":true}]}}