{"id":82600,"date":"2025-05-07T19:11:13","date_gmt":"2025-05-07T19:11:13","guid":{"rendered":"https:\/\/www.europesays.com\/fr\/82600\/"},"modified":"2025-05-07T19:11:13","modified_gmt":"2025-05-07T19:11:13","slug":"le-point-sur-une-evasion-inopinee-liberation","status":"publish","type":"post","link":"https:\/\/www.europesays.com\/fr\/82600\/","title":{"rendered":"le point sur une \u00e9vasion inopin\u00e9e \u2013 Lib\u00e9ration"},"content":{"rendered":"<p class=\"sc-ksZaOG ehjQrN text-element\">Le guide du d\u00e9tenu arrivant \u2013 document \u00e9dit\u00e9 par le minist\u00e8re de la Justice \u2013 stipule, d\u00e8s les premi\u00e8res lignes\u00a0: lors d\u2019une incarc\u00e9ration \u00abvous recevez un num\u00e9ro d\u2019\u00e9crou, afin que l\u2019on ne vous confonde pas avec une autre personne qui porterait le m\u00eame nom que vous\u00bb. Le 30\u00a0avril, il y a pourtant eu <a href=\"https:\/\/www.liberation.fr\/societe\/police-justice\/a-bordeaux-un-detenu-evade-a-linsu-de-son-plein-gre-20250502_P6BXOPWSZFBLVJRS2XW5WALSSY\/\" target=\"_blank\" rel=\"noreferrer noopener\" title=\"https:\/\/www.liberation.fr\/societe\/police-justice\/a-bordeaux-un-detenu-evade-a-linsu-de-son-plein-gre-20250502_P6BXOPWSZFBLVJRS2XW5WALSSY\/\">m\u00e9prise entre deux d\u00e9tenus<\/a> du centre p\u00e9nitentiaire de Bordeaux-Gradignan (Gironde).<\/p>\n<p class=\"sc-ksZaOG ehjQrN text-element\">Un homme de 25\u00a0ans, condamn\u00e9 en novembre \u00e0 dix\u00a0ans de prison pour coups mortels, a \u00e9t\u00e9 \u00abind\u00fbment lib\u00e9r\u00e9 [\u2026] en lieu et place d\u2019un individu dont le nom \u00e9tait tr\u00e8s proche\u00bb, a indiqu\u00e9 le procureur de la R\u00e9publique de Bordeaux, Renaud Gaudeul, dans un communiqu\u00e9. Un mandat de recherche et un mandat d\u2019arr\u00eat europ\u00e9en ont \u00e9t\u00e9 \u00e9mis pour le retrouver, mais le jeune fugitif courait toujours mardi 6\u00a0avril \u2212 contact\u00e9 ce mercredi, le paquet de Bordeaux n\u2019a pour l\u2019heure pas donn\u00e9 suite. Une semaine apr\u00e8s son \u00e9vasion, Lib\u00e9 fait le point sur cette insolite lev\u00e9e d\u2019\u00e9crou.<\/p>\n<p class=\"sc-ksZaOG ehjQrN text-element\">A leur arriv\u00e9e en prison, l\u2019identit\u00e9 et le document justifiant <a href=\"https:\/\/www.liberation.fr\/societe\/police-justice\/la-peine-de-prison-devrait-avoir-une-dimension-rehabilitatrice-face-a-la-surpopulation-carcerale-les-limites-du-tout-repressif-20250503_6DDBFFFOCNDFPK54UYADTDCV6M\/\" target=\"_blank\" rel=\"noreferrer noopener\" title=\"https:\/\/www.liberation.fr\/societe\/police-justice\/la-peine-de-prison-devrait-avoir-une-dimension-rehabilitatrice-face-a-la-surpopulation-carcerale-les-limites-du-tout-repressif-20250503_6DDBFFFOCNDFPK54UYADTDCV6M\/\">l\u2019incarc\u00e9ration de chaque d\u00e9tenu<\/a> sont enregistr\u00e9s au greffe, indique <a href=\"https:\/\/www.service-public.fr\/particuliers\/vosdroits\/N276\" target=\"_blank\" rel=\"noreferrer noopener\" title=\"https:\/\/www.service-public.fr\/particuliers\/vosdroits\/N276\">le guide du minist\u00e8re<\/a>. De la m\u00eame mani\u00e8re, \u00abon prend vos empreintes et on fait une photo de vous pour la biom\u00e9trie\u00bb. Ces \u00e9l\u00e9ments permettent de v\u00e9rifier l\u2019identit\u00e9 de la personne d\u00e9tenue \u00e0 tout moment\u00a0: lors des acc\u00e8s aux parloirs ou des d\u00e9placements \u00e0 l\u2019int\u00e9rieur des b\u00e2timents de d\u00e9tention, lors de la sortie de l\u2019\u00e9tablissement en cas d\u2019extraction ou de lev\u00e9e d\u2019\u00e9crou. Ce syst\u00e8me de v\u00e9rification d\u2019identit\u00e9 interne \u00e0 la prison \u00aboffre ainsi une s\u00e9curit\u00e9 accrue dans les \u00e9tablissements\u00bb, assure le document. Force est de constater qu\u2019il n\u2019a pas fonctionn\u00e9 fin avril \u00e0 <a href=\"https:\/\/www.liberation.fr\/societe\/police-justice\/surpopulation-carcerale-les-admissions-a-la-prison-de-gradignan-sont-suspendues-le-taux-doccupation-atteint-2066-20230516_WG5C4SJDKRHNTGL7IVJI2GK4OI\/\" target=\"_blank\" rel=\"noreferrer noopener\" title=\"https:\/\/www.liberation.fr\/societe\/police-justice\/surpopulation-carcerale-les-admissions-a-la-prison-de-gradignan-sont-suspendues-le-taux-doccupation-atteint-2066-20230516_WG5C4SJDKRHNTGL7IVJI2GK4OI\/\">Bordeaux-Gradignan<\/a>.<\/p>\n<p class=\"sc-ksZaOG ehjQrN text-element\">Selon <a href=\"https:\/\/www.sudouest.fr\/faits-divers\/detenu-libere-par-erreur-en-gironde-les-controles-d-identite-ont-ils-ete-realises-24276701.php\" target=\"_blank\" rel=\"noreferrer noopener\" title=\"https:\/\/www.sudouest.fr\/faits-divers\/detenu-libere-par-erreur-en-gironde-les-controles-d-identite-ont-ils-ete-realises-24276701.php\">Sud Ouest<\/a>, l\u2019homme lib\u00e9r\u00e9 n\u2019a d\u2019ailleurs pas grand-chose en commun avec son cod\u00e9tenu\u00a0: \u00abIls n\u2019ont ni la m\u00eame morphologie, ni le m\u00eame pr\u00e9nom\u00bb, ni la m\u00eame nationalit\u00e9. Seule une lettre diff\u00e8re dans leurs noms de famille, qui peuvent se prononcer de la m\u00eame mani\u00e8re. Une enqu\u00eate judiciaire, confi\u00e9e \u00e0 la Division de la criminalit\u00e9 organis\u00e9e et sp\u00e9cialis\u00e9e (DCOS), et une autre, administrative, ont \u00e9t\u00e9 ouvertes pour d\u00e9terminer les circonstances de cette lib\u00e9ration accidentelle et retrouver le d\u00e9tenu fugueur.<\/p>\n<p class=\"sc-ksZaOG ehjQrN text-element\">Aupr\u00e8s de Lib\u00e9ration, Ronan Roudaut, d\u00e9l\u00e9gu\u00e9 syndical Ufap-Unsa au centre p\u00e9nitentiaire de Bordeaux-Gradignan, \u00e9voque, sans vouloir tirer de \u00abconclusion h\u00e2tive\u00bb, une \u00aberreur humaine regrettable et incompr\u00e9hensible\u00bb\u00a0: \u00abSi \u00e7a avait \u00e9t\u00e9 fait correctement, il n\u2019y aurait pas eu ce couac.\u00bb L\u2018enqu\u00eate administrative devrait permettre de d\u00e9terminer \u00e0 quel niveau de la proc\u00e9dure de lib\u00e9ration l\u2019erreur est intervenue\u00a0: \u00abIl y a la personne qui programme la lib\u00e9ration, la personne qui signe le document\u2026\u00bb d\u00e9taille le d\u00e9l\u00e9gu\u00e9 syndical. L\u2019administration p\u00e9nitentiaire, de son c\u00f4t\u00e9, indique ne pas faire de commentaire avant les conclusions de l\u2019enqu\u00eate administrative.<\/p>\n<p class=\"sc-ksZaOG ehjQrN text-element\">Selon Ronan Roudaut, \u00able responsable du greffe avait tir\u00e9 la sonnette d\u2019alarme il y a un an sur le manque d\u2019effectifs\u00bb. Il rel\u00e8ve des moyens globalement sous dimensionn\u00e9s pour cette prison\u00a0; \u00e9galement pour les agents en charge de la d\u00e9tention. Avec 1\u00a0120 \u00e0 1\u00a0130 d\u00e9tenus pour 633 places \u00e0 Gradignan, \u00abon est tout le temps pris par le temps, on baisse la garde et on le paie\u00bb, r\u00e9sume-t-il.<\/p>\n<p class=\"sc-ksZaOG ehjQrN text-element\">D\u2019apr\u00e8s lui, des membres de la p\u00e9nitentiaire en charge de la d\u00e9tention sont r\u00e9guli\u00e8rement amen\u00e9s \u00e0 effectuer des t\u00e2ches administratives, comme au greffe. \u00abCe genre d\u2019erreur peut se reproduire demain, on n\u2019a plus le temps de faire ces proc\u00e9dures de contr\u00f4le\u00bb, affirme le syndicaliste.<\/p>\n<p class=\"sc-ksZaOG ehjQrN text-element\">Certains agents ne seraient par ailleurs pas assez form\u00e9s et manqueraient d\u2019exp\u00e9rience\u00a0: \u00abIls n\u2019ont pas le recul n\u00e9cessaire sur l\u2019importance du greffe. Derri\u00e8re, au niveau p\u00e9nal, il peut y avoir des cons\u00e9quences lourdes. Mais \u00e7a ne veut pas dire qu\u2019il y a une n\u00e9gligence consciente.\u00bb Dernier \u00e9cueil au bon fonctionnement du centre p\u00e9nitentiaire de Bordeaux-Gradignan, selon Ronan Roudaut\u00a0: le manque d\u2019attractivit\u00e9 du m\u00e9tier. \u00abOn n\u2019arrive pas \u00e0 recruter, c\u2019est comme si on mettait un p\u00e2tissier en m\u00e9canique auto.\u00bb<\/p>\n<p class=\"sc-ksZaOG ehjQrN text-element\">Au 1er\u00a0avril en France, on comptait 82\u00a0921 d\u00e9tenus pour 62\u00a0358 places de prison op\u00e9rationnelles, selon les chiffres du minist\u00e8re de la Justice. La densit\u00e9 carc\u00e9rale globale \u00e9tait ainsi de 133\u00a0%.<\/p>\n","protected":false},"excerpt":{"rendered":"Le guide du d\u00e9tenu arrivant \u2013 document \u00e9dit\u00e9 par le minist\u00e8re de la Justice \u2013 stipule, d\u00e8s les&hellip;\n","protected":false},"author":2,"featured_media":82601,"comment_status":"","ping_status":"","sticky":false,"template":"","format":"standard","meta":{"footnotes":""},"categories":[2817],"tags":[1111,11,1997,1777,674,1011,27,12,2219,899,25],"class_list":{"0":"post-82600","1":"post","2":"type-post","3":"status-publish","4":"format-standard","5":"has-post-thumbnail","7":"category-bordeaux","8":"tag-actu","9":"tag-actualites","10":"tag-bordeaux","11":"tag-eu","12":"tag-europe","13":"tag-fr","14":"tag-france","15":"tag-news","16":"tag-nouvelle-aquitaine","17":"tag-prisons","18":"tag-republique-francaise"},"share_on_mastodon":{"url":"https:\/\/pubeurope.com\/@fr\/114468138756395422","error":""},"_links":{"self":[{"href":"https:\/\/www.europesays.com\/fr\/wp-json\/wp\/v2\/posts\/82600","targetHints":{"allow":["GET"]}}],"collection":[{"href":"https:\/\/www.europesays.com\/fr\/wp-json\/wp\/v2\/posts"}],"about":[{"href":"https:\/\/www.europesays.com\/fr\/wp-json\/wp\/v2\/types\/post"}],"author":[{"embeddable":true,"href":"https:\/\/www.europesays.com\/fr\/wp-json\/wp\/v2\/users\/2"}],"replies":[{"embeddable":true,"href":"https:\/\/www.europesays.com\/fr\/wp-json\/wp\/v2\/comments?post=82600"}],"version-history":[{"count":0,"href":"https:\/\/www.europesays.com\/fr\/wp-json\/wp\/v2\/posts\/82600\/revisions"}],"wp:featuredmedia":[{"embeddable":true,"href":"https:\/\/www.europesays.com\/fr\/wp-json\/wp\/v2\/media\/82601"}],"wp:attachment":[{"href":"https:\/\/www.europesays.com\/fr\/wp-json\/wp\/v2\/media?parent=82600"}],"wp:term":[{"taxonomy":"category","embeddable":true,"href":"https:\/\/www.europesays.com\/fr\/wp-json\/wp\/v2\/categories?post=82600"},{"taxonomy":"post_tag","embeddable":true,"href":"https:\/\/www.europesays.com\/fr\/wp-json\/wp\/v2\/tags?post=82600"}],"curies":[{"name":"wp","href":"https:\/\/api.w.org\/{rel}","templated":true}]}}