{"id":82611,"date":"2025-05-07T19:17:08","date_gmt":"2025-05-07T19:17:08","guid":{"rendered":"https:\/\/www.europesays.com\/fr\/82611\/"},"modified":"2025-05-07T19:17:08","modified_gmt":"2025-05-07T19:17:08","slug":"marseille-ce-depute-rn-probable-candidat-aux-municipales-dans-le-viseur-de-la-justice","status":"publish","type":"post","link":"https:\/\/www.europesays.com\/fr\/82611\/","title":{"rendered":"Marseille. Ce d\u00e9put\u00e9 RN, probable candidat aux municipales, dans le viseur de la justice"},"content":{"rendered":"<p>            Par<br \/>\n        <strong><br \/>\n            <a href=\"https:\/\/actu.fr\/auteur\/fabien-binacchi\" title=\"Consulter tous les articles de Fabien Binacchi\" rel=\"nofollow noopener\" target=\"_blank\">Fabien Binacchi<\/a><br \/>\n        <\/strong><\/p>\n<p>        Publi\u00e9 le<\/p>\n<p>            7 mai 2025 \u00e0 21h05        <\/p>\n<p>Le d\u00e9put\u00e9 du <strong>Rassemblement national<\/strong> Franck Allisio, conseiller r\u00e9gional en Paca et qui se dit \u00ab\u2009tr\u00e8s probablement candidat \u00e0 la mairie de <a href=\"https:\/\/actu.fr\/marseille\/\" rel=\"nofollow noopener\" target=\"_blank\">Marseille<\/a>\u2009\u00bb en 2026, est dans le viseur de la justice.<\/p>\n<p class=\" wall-content\">Une enqu\u00eate est ouverte apr\u00e8s un signalement du Conseil r\u00e9gional sur <strong>des soup\u00e7ons de d\u00e9tournement<\/strong> des moyens mis \u00e0 la disposition de son parti par la collectivit\u00e9, a-t-on appris ce mercredi 7\u00a0mai aupr\u00e8s du parquet de Marseille.<\/p>\n<p class=\" wall-content\">L\u2019\u00e9lu \u00e9voque <strong>\u00ab\u2009des pol\u00e9miques qui sont politiques\u2009\u00bb.<\/strong><\/p>\n<p>\u00ab\u2009\u00c7a permet de clarifier\u2009\u00bb<\/p>\n<p class=\" wall-content\">Le parquet de Marseille \u00ab\u2009confirme l\u2019ouverture d\u2019une enqu\u00eate suite \u00e0 un\u2009\u00bb signalement \u00ab\u2009de la r\u00e9gion le 30\u00a0d\u00e9cembre 2024\u2009\u00bb, a-t-il indiqu\u00e9 ce mercredi 7\u00a0mai 2025, confirmant une information du site d\u2019investigation <a href=\"https:\/\/marsactu.fr\/la-justice-a-ouvert-une-enquete-contre-franck-allisio-pour-detournement-de-biens-publics\/\" rel=\"nofollow noopener\" target=\"_blank\">Marsactu.<\/a><\/p>\n<p class=\" wall-content\">L\u2019affaire porte sur <strong>l\u2019utilisation d\u00e9tourn\u00e9e de moyens du Conseil r\u00e9gional<\/strong> au profit de l\u2019activit\u00e9 parlementaire du d\u00e9put\u00e9 RN de Vitrolles.<\/p>\n<p>Vid\u00e9os : en ce moment sur Actu<\/p>\n<p class=\" wall-content\">\n<p class=\" wall-content\">Interrog\u00e9 par l\u2019AFP, Franck Allisio, qui est \u00e9galement pr\u00e9sident du groupe RN \u00e0 la r\u00e9gion Paca, se dit <strong>\u00ab\u2009tout \u00e0 fait heureux qu\u2019il y ait une enqu\u00eate\u2009\u00bb.<\/strong> \u00ab\u2009\u00c7a permet de clarifier, de tordre le cou \u00e0 des pol\u00e9miques qui sont politiques\u2009\u00bb, a-t-il ajout\u00e9.<\/p>\n<p>Le travail de deux collaborateurs en question<\/p>\n<p class=\" wall-content\">En novembre, \u00e0 la suite d\u2019une enqu\u00eate de Marsactu, la r\u00e9gion Provence-Alpes-C\u00f4te d\u2019Azur avait annonc\u00e9 l\u2019ouverture d\u2019une enqu\u00eate interne. Le m\u00e9dia avait fait notamment \u00e9tat du travail de deux collaborateurs du groupe, employ\u00e9s par la r\u00e9gion, au profit de l\u2019activit\u00e9 de d\u00e9put\u00e9 de Franck Allisio, ce qui n\u2019avait pas \u00e9t\u00e9 d\u00e9clar\u00e9 aupr\u00e8s de la Haute Autorit\u00e9 pour la transparence de la vie publique. Un cumul qui pose aussi <strong>une question juridique.<\/strong><\/p>\n<p class=\" wall-content\">Le m\u00e9dia d\u2019investigation r\u00e9v\u00e9lait en outre <strong>l\u2019utilisation de v\u00e9hicules de service<\/strong> mis \u00e0 disposition par la collectivit\u00e9 pour des d\u00e9placements \u00e0 vocation militante, notamment pour du tractage ou des r\u00e9unions dans le cadre de la campagne <strong>des \u00e9lections europ\u00e9ennes<\/strong> de 2024, puis <strong>des l\u00e9gislatives anticip\u00e9es.<\/strong><\/p>\n<p class=\" wall-content\"><strong>Avec AFP<\/strong><\/p>\n<p class=\" wall-content\">Suivez toute l\u2019actualit\u00e9 de vos villes et m\u00e9dias favoris en vous inscrivant \u00e0 <a href=\"https:\/\/moncompte.actu.fr\" title=\"D\u00e9couvez Mon Actu\" rel=\"nofollow noopener\" data-trk=\"{&quot;cta&quot;:{&quot;action&quot;:&quot;https:\\\/\\\/moncompte.actu.fr&quot;,&quot;category&quot;:&quot;mon compte&quot;,&quot;from&quot;:&quot;article footer&quot;,&quot;name&quot;:&quot;Mon actu&quot;,&quot;type&quot;:&quot;cta&quot;}}\" target=\"_blank\">Mon Actu<\/a>.<\/p>\n","protected":false},"excerpt":{"rendered":"Par Fabien Binacchi Publi\u00e9 le 7 mai 2025 \u00e0 21h05 Le d\u00e9put\u00e9 du Rassemblement national Franck Allisio, conseiller&hellip;\n","protected":false},"author":2,"featured_media":82612,"comment_status":"","ping_status":"","sticky":false,"template":"","format":"standard","meta":{"footnotes":""},"categories":[2814],"tags":[1111,11,1777,674,1011,27,303,884,3434,12,882,2556,25,104],"class_list":{"0":"post-82611","1":"post","2":"type-post","3":"status-publish","4":"format-standard","5":"has-post-thumbnail","7":"category-marseille","8":"tag-actu","9":"tag-actualites","10":"tag-eu","11":"tag-europe","12":"tag-fr","13":"tag-france","14":"tag-justice","15":"tag-marseille","16":"tag-municipales-2026","17":"tag-news","18":"tag-provence-alpes-cote-dazur","19":"tag-rassemblement-national-rn","20":"tag-republique-francaise","21":"tag-societe"},"share_on_mastodon":{"url":"https:\/\/pubeurope.com\/@fr\/114468162328194756","error":""},"_links":{"self":[{"href":"https:\/\/www.europesays.com\/fr\/wp-json\/wp\/v2\/posts\/82611","targetHints":{"allow":["GET"]}}],"collection":[{"href":"https:\/\/www.europesays.com\/fr\/wp-json\/wp\/v2\/posts"}],"about":[{"href":"https:\/\/www.europesays.com\/fr\/wp-json\/wp\/v2\/types\/post"}],"author":[{"embeddable":true,"href":"https:\/\/www.europesays.com\/fr\/wp-json\/wp\/v2\/users\/2"}],"replies":[{"embeddable":true,"href":"https:\/\/www.europesays.com\/fr\/wp-json\/wp\/v2\/comments?post=82611"}],"version-history":[{"count":0,"href":"https:\/\/www.europesays.com\/fr\/wp-json\/wp\/v2\/posts\/82611\/revisions"}],"wp:featuredmedia":[{"embeddable":true,"href":"https:\/\/www.europesays.com\/fr\/wp-json\/wp\/v2\/media\/82612"}],"wp:attachment":[{"href":"https:\/\/www.europesays.com\/fr\/wp-json\/wp\/v2\/media?parent=82611"}],"wp:term":[{"taxonomy":"category","embeddable":true,"href":"https:\/\/www.europesays.com\/fr\/wp-json\/wp\/v2\/categories?post=82611"},{"taxonomy":"post_tag","embeddable":true,"href":"https:\/\/www.europesays.com\/fr\/wp-json\/wp\/v2\/tags?post=82611"}],"curies":[{"name":"wp","href":"https:\/\/api.w.org\/{rel}","templated":true}]}}