{"id":82613,"date":"2025-05-07T19:18:12","date_gmt":"2025-05-07T19:18:12","guid":{"rendered":"https:\/\/www.europesays.com\/fr\/82613\/"},"modified":"2025-05-07T19:18:12","modified_gmt":"2025-05-07T19:18:12","slug":"pres-de-2000-personnes-controlees","status":"publish","type":"post","link":"https:\/\/www.europesays.com\/fr\/82613\/","title":{"rendered":"pr\u00e8s de 2000 personnes contr\u00f4l\u00e9es"},"content":{"rendered":"<p>La police met le paquet sur ce quartier, repaire de dealers \u00e0 Lyon : pr\u00e8s de 2000 personnes contr\u00f4l\u00e9es &#8211; DR DIPN69<\/p>\n<p itemprop=\"description\"><strong>C&rsquo;est une nouvelle op\u00e9ration coup-de-poing qui a \u00e9t\u00e9 men\u00e9e par la pr\u00e9fecture du Rh\u00f4ne \u00e0 Lyon.<\/strong><\/p>\n<p>Apr\u00e8s les secteurs des Terreaux\/Pentes de la Croix-Rousse, Guilloti\u00e8re et Part-Dieu, les journ\u00e9es de lundi et mardi ont \u00e9t\u00e9 consacr\u00e9es au quartier Mazagran dans le 7e arrondissement.<\/p>\n<p>Ce secteur, situ\u00e9 non loin de la place Gabriel-P\u00e9ri \u00e0 la Guilloti\u00e8re, est un haut-lieu de la consommation de crack et autres drogues, avec son lot d&rsquo;ins\u00e9curit\u00e9 et de migrants.<\/p>\n<p>La pr\u00e9fecture annonce que 218 policiers nationaux, 26 policiers municipaux, 24 agents de la RATP et des douaniers ont \u00e9t\u00e9 mobilis\u00e9s, notamment le soir et la nuit.<\/p>\n<p>Ce sont 337 personnes qui ont \u00e9t\u00e9 contr\u00f4l\u00e9es dans les rues du quartier Mazagran, et 1616 dans les transports en commun.<\/p>\n<p>Au total, 17 individus ont \u00e9t\u00e9 interpell\u00e9s, dont 13 ont fini en garde \u00e0 vue. Les faits qui leur \u00e9taient reproch\u00e9s allaient du refus d&rsquo;obtemp\u00e9rer aux violences sur personne d\u00e9positaire de l&rsquo;autorit\u00e9 publique en passant par des transactions de produits stup\u00e9fiants ou des violences aggrav\u00e9es.<\/p>\n<p>Quatorze \u00e9trangers en situation irr\u00e9guli\u00e8re en France ont \u00e9t\u00e9 remis \u00e0 la police aux fronti\u00e8res en vue de leur expulsion.<\/p>\n<p>Le bilan fait aussi \u00e9tat de 160 infractions relev\u00e9es, essentiellement des d\u00e9lits routiers et des d\u00e9fauts de titres de transport. Et 12 amendes forfaitaires d\u00e9lictuelles ont \u00e9t\u00e9 dress\u00e9es, essentiellement pour de la d\u00e9tention et consommation de stup\u00e9fiants, ainsi que de la vente \u00e0 la sauvette.<\/p>\n<p>Enfin, un commerce fait l&rsquo;objet d&rsquo;une proc\u00e9dure apr\u00e8s la d\u00e9couverte d&rsquo;un cas de travail dissimul\u00e9.<\/p>\n","protected":false},"excerpt":{"rendered":"La police met le paquet sur ce quartier, repaire de dealers \u00e0 Lyon : pr\u00e8s de 2000 personnes&hellip;\n","protected":false},"author":2,"featured_media":82614,"comment_status":"","ping_status":"","sticky":false,"template":"","format":"standard","meta":{"footnotes":""},"categories":[1889],"tags":[1111,11,2813,2190,2430,1109,251,1112,2811,1777,674,118,1011,27,1922,1110,1114,2428,2810,12,241,316,25,2812,517,800],"class_list":{"0":"post-82613","1":"post","2":"type-post","3":"status-publish","4":"format-standard","5":"has-post-thumbnail","7":"category-lyon","8":"tag-actu","9":"tag-actualites","10":"tag-article","11":"tag-asvel","12":"tag-auvergne-rhone-alpes","13":"tag-breves","14":"tag-culture","15":"tag-depeches","16":"tag-economique","17":"tag-eu","18":"tag-europe","19":"tag-faits-divers","20":"tag-fr","21":"tag-france","22":"tag-info","23":"tag-informations","24":"tag-infos","25":"tag-lyon","26":"tag-lyonmag","27":"tag-news","28":"tag-ol","29":"tag-politique","30":"tag-republique-francaise","31":"tag-sociale","32":"tag-sport","33":"tag-transports"},"share_on_mastodon":{"url":"https:\/\/pubeurope.com\/@fr\/114468166329611805","error":""},"_links":{"self":[{"href":"https:\/\/www.europesays.com\/fr\/wp-json\/wp\/v2\/posts\/82613","targetHints":{"allow":["GET"]}}],"collection":[{"href":"https:\/\/www.europesays.com\/fr\/wp-json\/wp\/v2\/posts"}],"about":[{"href":"https:\/\/www.europesays.com\/fr\/wp-json\/wp\/v2\/types\/post"}],"author":[{"embeddable":true,"href":"https:\/\/www.europesays.com\/fr\/wp-json\/wp\/v2\/users\/2"}],"replies":[{"embeddable":true,"href":"https:\/\/www.europesays.com\/fr\/wp-json\/wp\/v2\/comments?post=82613"}],"version-history":[{"count":0,"href":"https:\/\/www.europesays.com\/fr\/wp-json\/wp\/v2\/posts\/82613\/revisions"}],"wp:featuredmedia":[{"embeddable":true,"href":"https:\/\/www.europesays.com\/fr\/wp-json\/wp\/v2\/media\/82614"}],"wp:attachment":[{"href":"https:\/\/www.europesays.com\/fr\/wp-json\/wp\/v2\/media?parent=82613"}],"wp:term":[{"taxonomy":"category","embeddable":true,"href":"https:\/\/www.europesays.com\/fr\/wp-json\/wp\/v2\/categories?post=82613"},{"taxonomy":"post_tag","embeddable":true,"href":"https:\/\/www.europesays.com\/fr\/wp-json\/wp\/v2\/tags?post=82613"}],"curies":[{"name":"wp","href":"https:\/\/api.w.org\/{rel}","templated":true}]}}