{"id":82619,"date":"2025-05-07T19:22:19","date_gmt":"2025-05-07T19:22:19","guid":{"rendered":"https:\/\/www.europesays.com\/fr\/82619\/"},"modified":"2025-05-07T19:22:19","modified_gmt":"2025-05-07T19:22:19","slug":"en-direct-psg-arsenal-0-0-paris-deja-en-difficulte","status":"publish","type":"post","link":"https:\/\/www.europesays.com\/fr\/82619\/","title":{"rendered":"EN DIRECT &#8211; PSG-Arsenal (0-0) : Paris d\u00e9j\u00e0 en difficult\u00e9"},"content":{"rendered":"<p>Le Paris Saint-Germain joue sa qualification en finale de Ligue des champions ce mercredi (21h), face \u00e0 Arsenal.Les hommes de Luis Enrique n&rsquo;ont besoin que d&rsquo;un nul pour se hisser en finale de C1 pour la deuxi\u00e8me fois en cinq ans.Soir\u00e9e historique ou d\u00e9sillusion m\u00e9morable ? Suivez cette affiche avec nous ci-dessous.<a href=\"https:\/\/www.tf1info.fr\/actualite\/football-ligue-des-champions-2024-2025-une-nouvelle-ere-s-ouvre-psg-lille-monaco-brest-real-madrid-machester-city-13795\/\" rel=\"noopener\" class=\"jsx-3118104007 Link jsx-1428418400 jsx-2089987738\" target=\"_blank\"><\/p>\n<p style=\"font-weight:400\" class=\"jsx-1837267516\">Suivez la couverture compl\u00e8te<\/p>\n<p style=\"font-weight:800\" class=\"jsx-1837267516\">Ligue des champions 2024-2025 : le PSG \u00e0 la poursuite de son r\u00eave<\/p>\n<p><\/a><img decoding=\"async\" src=\"https:\/\/www.europesays.com\/fr\/wp-content\/uploads\/2025\/05\/parc-des-princes-huis-clos-61dd24-0@1x.jpeg\" alt=\"Le parc des Princes, vide, ne sera pas rempli avant le mois de septembre\" loading=\"lazy\" importance=\"low\" fetchpriority=\"low\" class=\"\"\/>EN COURS<\/p>\n<p class=\"jsx-1738046559 ScoreBoard__SubTitle\">Demi-finale retour &#8211; Ligue des champions<\/p>\n<p class=\"jsx-1738046559 ScoreBoard__SubTitle\">Le 7 mai 2025 , Parc des Princes, \u00e0 Paris<\/p>\n<p class=\"jsx-1738046559 ScoreBoard__Teams__NameA\">PSG<\/p>\n<p class=\"jsx-1738046559 ScoreBoard__Teams__NameB\">Arsenal<\/p>\n<p><img decoding=\"async\" src=\"https:\/\/www.europesays.com\/fr\/wp-content\/uploads\/2025\/04\/psg-logo-small-bbc591-2@1x.png\" alt=\"\" loading=\"eager\" importance=\"low\" fetchpriority=\"low\" class=\"\"\/><\/p>\n<p>0 &#8211; 0<\/p>\n<p><img decoding=\"async\" src=\"https:\/\/www.europesays.com\/fr\/wp-content\/uploads\/2025\/04\/arsenal-logo-football-844bbe-0@1x.png\" alt=\"\" loading=\"eager\" importance=\"low\" fetchpriority=\"low\" class=\"\"\/><\/p>\n<p>Par Actions<\/p>\n<p>Carton jauneStatistiquesCoup d&rsquo;envoi<\/p>\n<p>Valider les filtresR\u00e9initialiser les filtres<\/p>\n<p>Minute par minuteFiltrer par Temps forts, Sports et ActionsFiltrer21:1918&prime;<\/p>\n<p>Nuno Mendes est averti apr\u00e8s une semelle sur Timber.<\/p>\n<p>21:1817&prime;<\/p>\n<p><strong>Le poteau pour Kvaratskhelia ! L&rsquo;ancien joueur de Naples enroule du droit et bute sur le montant gauche de Raya. C&rsquo;\u00e9tait le hold-up parfait !<\/strong><\/p>\n<p>21:1716&prime;<\/p>\n<p>La qualit\u00e9 technique de D\u00e9sir\u00e9 Dou\u00e9 permet aux Parisiens de faire remonter leur bloc. Pour la premi\u00e8re fois de la soir\u00e9e, ils conservent la possession pendant plusieurs secondes.<\/p>\n<p>21:1615&prime;<\/p>\n<p>Les Parisiens peinent \u00e0 sortir les ballons depuis leur propre camp. Gianluigi Donnarumma d\u00e9cide donc de relancer loin devant, rarissime sous Luis Enrique.<\/p>\n<p>21:1413&prime;<\/p>\n<p>67% de possession de balle pour Arsenal dans ce d\u00e9but de rencontre.<\/p>\n<p>21:1211&prime;<\/p>\n<p>Premi\u00e8re contre-attaque pour le PSG. Achraf Hakimi tente de trouver Bradley Barcola dans la surface d&rsquo;Arsenal&#8230; Raya intervient.<\/p>\n<p>21:1110&prime;<\/p>\n<p>Donnarumma a repris sa place dans les cages parisiennes.<\/p>\n<p>21:099&prime;<\/p>\n<p>Gianluigi Donnarumma reste au sol apr\u00e8s son superbe arr\u00eat. Safonov, le portier rempla\u00e7ant du PSG, part \u00e0 l&rsquo;\u00e9chauffement.<\/p>\n<p>21:098&prime;<\/p>\n<p><strong>La parade de Donnarumma ! Il emp\u00eache Odegaard d&rsquo;ouvrir le score sur une lourde frappe.<\/strong><\/p>\n<p>21:088&prime;<\/p>\n<p>Du poing, Donnarumma \u00e9carte le danger sur le corner londonien.<\/p>\n<p>21:077&prime;<\/p>\n<p>Hakimi conc\u00e8de le corner sur un d\u00e9bordement de Martinelli. Le PSG ne voit pas le jour.<\/p>\n<p>21:054&prime;<\/p>\n<p><strong>Quel arr\u00eat de Donnarumma ! C&rsquo;est encore Declan Rice \u00e0 la retomb\u00e9e d&rsquo;une longue touche. Le d\u00e9but de match est clairement en faveur d&rsquo;Arsenal.<\/strong><\/p>\n<p>21:043&prime;<\/p>\n<p><strong>La t\u00eate de Declan Rice ! Elle fr\u00f4le le poteau de Donnarumma !<\/strong><\/p>\n<p>21:021&prime;<\/p>\n<p>Premi\u00e8re perc\u00e9e de Saka dans son couloir droit. Il est repris par Nuno Mendes.<\/p>\n<p>21:01<\/p>\n<p><strong>C&rsquo;EST PARTI AU PARC DES PRINCES !!! Qui rejoindra l&rsquo;Inter Milan en finale de la Ligue des champions ? R\u00e9ponse dans (au moins) 90 minutes.<\/strong><\/p>\n<p>20:57AVANT-MATCH<\/p>\n<p>Les deux \u00e9quipes entrent sur la pelouse ! L&rsquo;hymne de la Ligue des champions retentit.<\/p>\n<p>20:55AVANT-MATCH<\/p>\n<p>Trois tifos sont d\u00e9ploy\u00e9s dans les tribunes du Parc des Princes. Un feu d&rsquo;artifice a d\u00e9marr\u00e9 en attendant la sortie des 22 acteurs.<\/p>\n<p>20:47AVANT-MATCH<\/p>\n<p>Malgr\u00e9 la jeunesse de l&rsquo;effectif, le club de la capitale peut s&rsquo;appuyer sur un v\u00e9cu important dans la comp\u00e9tition pour se hisser sur la derni\u00e8re marche.<\/p>\n<p>Sports<img decoding=\"async\" src=\"https:\/\/www.europesays.com\/fr\/wp-content\/uploads\/2025\/05\/ousmane-dembele-et-nuno-mendes-deux-des-pieces-centrales-du-psg-cette-saison-5ef8ca-0@1x.jpeg\" alt=\"Ousmane Demb\u00e9l\u00e9 et Nuno Mendes, deux des pi\u00e8ces centrales du PSG cette saison. \" loading=\"lazy\" importance=\"low\" fetchpriority=\"low\" class=\"\" aria-hidden=\"true\"\/><\/p>\n<p>Publi\u00e9 aujourd&rsquo;hui \u00e0 12h05<\/p>\n<p>20:30AVANT-MATCH<\/p>\n<p>Les deux \u00e9quipes s&rsquo;\u00e9chauffent sur la pelouse du Parc des Princes.<\/p>\n<p>20:20AVANT-MATCH<\/p>\n<p>Le 7 mai n&rsquo;est pas franchement un bon souvenir pour Paris. En 2024, c&rsquo;est \u00e0 cette date que le PSG a \u00e9t\u00e9 \u00e9limin\u00e9 de la Ligue des champions, en demi-finale d\u00e9j\u00e0, face au Borussia Dortmund. Mais cette ann\u00e9e, Luis Enrique entend bien ne pas rater \u00ab\u00a0une date particuli\u00e8re\u00a0\u00bb.<\/p>\n<p>Sports<img decoding=\"async\" src=\"https:\/\/www.europesays.com\/fr\/wp-content\/uploads\/2025\/05\/luis-enrique-psg-mai-2025-fb14a7-0@1x.jpeg\" alt=\"PSG-Arsenal : une &quot;date particuli\u00e8re&quot; \u00e0 ne pas rater, affirme Luis Enrique\" loading=\"lazy\" importance=\"low\" fetchpriority=\"low\" class=\"\" aria-hidden=\"true\"\/><\/p>\n<p>Publi\u00e9 hier \u00e0 17h43<\/p>\n<p>20:05AVANT-MATCH<\/p>\n<p>L&rsquo;entra\u00eeneur d&rsquo;Arsenal Mikel Arteta est de retour au Parc des Princes, o\u00f9 il a jou\u00e9 un an et demi entre janvier 2001 et juin 2002 sous les couleurs du PSG. Son coach de l&rsquo;\u00e9poque, Luis Fernandez, \u00e9voque pour TF1info ses souvenirs. Entretien.<\/p>\n<p>Sports<img decoding=\"async\" src=\"https:\/\/www.europesays.com\/fr\/wp-content\/uploads\/2025\/05\/mikel-arteta-octobre-2024-454c69-0@1x.jpeg\" alt=\"PSG-Arsenal : &quot;\u00c9tat d'esprit remarquable et \u00e9ducation formidable&quot;, Mikel Arteta vu par Luis Fernandez, son ancien entra\u00eeneur \u00e0 Paris\" loading=\"lazy\" importance=\"low\" fetchpriority=\"low\" class=\"\" aria-hidden=\"true\"\/><\/p>\n<p>Publi\u00e9 aujourd&rsquo;hui \u00e0 9h45<\/p>\n<p>19:56COMPOSITION<\/p>\n<p>Un Fran\u00e7ais est titulaire du c\u00f4t\u00e9 d&rsquo;Arsenal : William Saliba. Double buteur face au Real Madrid au tour pr\u00e9c\u00e9dent, Declan Race figure aussi dans le onze de d\u00e9part de Mikel Arteta. En pointe, Merino est pr\u00e9f\u00e9r\u00e9 \u00e0 Trossard.<\/p>\n<p><strong>La composition d&rsquo;Arsenal<\/strong> : Raya &#8211; Timber, Saliba, Kiwior, Lewis-Skelly &#8211; Odegaard (capitaine), Partey, Rice &#8211; Saka, Martinelli, Merino.<\/p>\n<p>19:52COMPOSITION<\/p>\n<p>Luis Enrique a choisi de titulariser Bradley Barcola \u00e0 la place d&rsquo;Ousmane Demb\u00e9l\u00e9. Les 10 autres titulaires du match aller sont reconduits.<\/p>\n<p><strong>La composition du PSG<\/strong> : Donnarumma &#8211; Hakimi, Marquinhos (capitaine), Pacho, Mendes &#8211; Neves, Vitinha, Ruiz &#8211; Barcola, Dou\u00e9, Kvaratskhelia.<\/p>\n<p>19:43AVANT-MATCH<\/p>\n<p>Ousmane Demb\u00e9l\u00e9 \u00ab\u00a0est pr\u00eat\u00a0\u00bb mais ne va pas commencer le match contre Arsenal, annonce Luis Enrique \u00e0 Canal+.<\/p>\n<p>19:35AVANT-MATCH<\/p>\n<p>Les deux \u00e9quipes viennent d&rsquo;arriver au Parc des Princes. Les tribunes commencent \u00e0 se garnir.<\/p>\n<p>19:30AVANT-MATCH<\/p>\n<p>Ancien de la maison parisienne, Ronaldinho soutient le PSG ce soir. \u00ab\u00a0Une journ\u00e9e pour marquer l&rsquo;histoire ! Allez Paris\u00a0\u00bb, a \u00e9crit le Br\u00e9silien sur X.<\/p>\n<blockquote data-testid=\"EmbedTwitter\" id=\"tweet-1920111221111443538-:R1pj96mamij9n79m:\" class=\"jsx-aeff1a1c40f54d7a twitter-tweet flex justify-center items-center\"><p>Une journ\u00e9e pour marquer l\u2019histoire!! Allez Paris \ud83d\udd34\ud83d\udd35 #UCL #PSGARS @PSG_inside @PSGbrasil \u2014 Ronaldinho (@10Ronaldinho)  May 7, 2025<\/p><\/blockquote>\n<p>19:20AVANT-MATCH<\/p>\n<p>Les supporters du PSG pr\u00e9sents au Parc des Princes sont invit\u00e9s par le club de la capitale \u00e0 rejoindre leur place avant 20h30. \u00ab\u00a0Les grandes soir\u00e9es europ\u00e9ennes riment avec animations d&rsquo;avant-match\u00a0\u00bb, indique-t-il.<\/p>\n<blockquote data-testid=\"EmbedTwitter\" id=\"tweet-1920151018760802551-:R1pjd6mamij9n79m:\" class=\"jsx-aeff1a1c40f54d7a twitter-tweet flex justify-center items-center\"><p>Les grandes soir\u00e9es europ\u00e9ennes riment avec animations d\u2019avant-match. Le Paris Saint-Germain invite tous ses supporters \u00e0 rejoindre leur place pour 20h30. Poussez nos joueurs vers la qualification et faites de cette soir\u00e9e un nouveau moment si sp\u00e9cial au Parc des Princes ! \u2728  pic.twitter.com\/qte9L3f5mG \u2014 PSG Fan Services (@PSGFanServices)  May 7, 2025<\/p><\/blockquote>\n<p>19:10AVANT-MATCH<\/p>\n<p>Un club va pouvoir observer sereinement son futur adversaire : l&rsquo;Inter Milan. Les Italiens, vainqueurs mardi d&rsquo;une double confrontation m\u00e9morable face au Bar\u00e7a, sont les premiers finalistes de cette \u00e9dition 2025.<\/p>\n<p>Sports<img decoding=\"async\" src=\"https:\/\/www.europesays.com\/fr\/wp-content\/uploads\/2025\/05\/davide-frattesi-inter-milan-barca-football-mai-2025-3879ea-0@1x.jpeg\" alt=\"La joie de David Frattesi, buteur h\u00e9ro\u00efque de l'Inter Milan, le 6 mai 2025.\" loading=\"lazy\" importance=\"low\" fetchpriority=\"low\" class=\"\" aria-hidden=\"true\"\/><\/p>\n<p>Publi\u00e9 aujourd&rsquo;hui \u00e0 7h37<\/p>\n<p>19:01AVANT-MATCH<\/p>\n<p>Sera-t-il titulaire dans le onze de Luis Enrique ? Unique buteur du match aller, Ousmane Demb\u00e9l\u00e9 \u00e9tait sorti bless\u00e9 la semaine derni\u00e8re, \u00e0 Londres. Longtemps incertain, il est finalement bien \u00ab\u00a0disponible\u00a0\u00bb.<\/p>\n<p>PSG-Arsenal : Ousmane Demb\u00e9l\u00e9 \u00ab\u00a0disponible\u00a0\u00bb pour la demi-finale retourSource : TF1 Info<\/p>\n<p><img decoding=\"async\" src=\"https:\/\/www.europesays.com\/fr\/wp-content\/uploads\/2025\/05\/psg-arsenal-ousmane-dembele-disponible-pour-la-demi-finale-retour-d5c943-0@1x.jpeg\" alt=\"PSG-Arsenal : Ousmane Demb\u00e9l\u00e9 &quot;disponible&quot; pour la demi-finale retour\" loading=\"lazy\" importance=\"low\" fetchpriority=\"low\" class=\"\"\/><img decoding=\"async\" src=\"https:\/\/www.europesays.com\/fr\/wp-content\/uploads\/2025\/04\/player-logo-play.svg.svg+xml\" alt=\"Logo lecture\" class=\"jsx-d0de44c05fe3042c PlayerLazyload__Play\"\/>18:50AVANT-MATCH<\/p>\n<p>Une victoire au match aller, \u00e0 l&rsquo;ext\u00e9rieur, ouvre forc\u00e9ment les portes de la qualification. Que disent les statistiques sur les chances du PSG de rallier Munich, ville h\u00f4te de la finale ?<\/p>\n<p>Sports<img decoding=\"async\" src=\"https:\/\/www.europesays.com\/fr\/wp-content\/uploads\/2025\/05\/marquinhios-arsenal-psg-ldc-29-avril-2025-a7e7af-0@1x.jpeg\" alt=\"Ligue des champions : quelles chances de qualification en finale pour le PSG apr\u00e8s son succ\u00e8s contre Arsenal ?\" loading=\"lazy\" importance=\"low\" fetchpriority=\"low\" class=\"\" aria-hidden=\"true\"\/><\/p>\n<p>Publi\u00e9 le 30 avril 2025 \u00e0 9h52<\/p>\n<p>18:40AVANT-MATCH<\/p>\n<p>Pour se hisser en demi-finale, le PSG a d&rsquo;abord termin\u00e9 \u00e0 la 15\u1d49 place de la phase r\u00e9guli\u00e8re, avant d&rsquo;\u00e9liminer Brest en barrages, Liverpool en huiti\u00e8mes et Aston Villa en quarts.<\/p>\n<p>De son c\u00f4t\u00e9, Arsenal a termin\u00e9 3\u1d49 de la phase r\u00e9guli\u00e8re, puis a \u00e9cart\u00e9 le PSV Eindhoven en huiti\u00e8mes et le Real Madrid en quarts.<\/p>\n<p>18:30AVANT-MATCH<\/p>\n<p>Le Parc des Princes est pr\u00eat \u00e0 vibrer au rythme de cette demi-finale retour.<\/p>\n<blockquote data-testid=\"EmbedTwitter\" id=\"tweet-1920143490425520463-:R1pk16mamij9n79m:\" class=\"jsx-aeff1a1c40f54d7a twitter-tweet flex justify-center items-center\"><p>\ud83c\udfdf\ufe0f\u2764\ufe0f\ud83d\udc99 Le th\u00e9\u00e2tre du soir !  #PSGARS I  #UCL pic.twitter.com\/oCUQ4LT92G \u2014 Paris Saint-Germain (@PSG_inside)  May 7, 2025<\/p><\/blockquote>\n<p>18:15AVANT-MATCH<\/p>\n<p>Le Paris Saint-Germain d\u00e9barque ce mercredi dans son antre avec un avantage d&rsquo;un but, acquis sur la pelouse d&rsquo;Arsenal la semaine derni\u00e8re. Revivez les meilleurs moments de cette rencontre.<\/p>\n<p>Sports<img decoding=\"async\" src=\"https:\/\/www.europesays.com\/fr\/wp-content\/uploads\/2025\/05\/ousmane-dembele-encore-buteur-face-a-arsenal-d6c1de-0@1x.jpeg\" alt=\"Ousmane Demb\u00e9l\u00e9, encore buteur face \u00e0 Arsenal.\" loading=\"lazy\" importance=\"low\" fetchpriority=\"low\" class=\"\" aria-hidden=\"true\"\/><\/p>\n<p>Publi\u00e9 le 29 avril 2025 \u00e0 23h40<\/p>\n<p>18:00<\/p>\n<p>Bonjour et bienvenue sur TF1info pour suivre la demi-finale retour de Ligue des champions entre le PSG et Arsenal. Le coup d&rsquo;envoi sera donn\u00e9 \u00e0 21h par l&rsquo;arbitre allemand Felix Zwayer, au Parc des Princes.<\/p>\n<p data-module=\"article-paragraph\" class=\"jsx-362436225 Paragraph Paragraph__End\">Le 7 mai 2025 entrera-t-il dans l&rsquo;Histoire du Paris Saint-Germain ? Un an jour pour jour apr\u00e8s son \u00e9limination aux portes de la finale <a href=\"https:\/\/www.tf1info.fr\/sport\/football-psg-borussia-dortmund-match-en-direct-live-demi-finale-retour-ligue-des-champions-pour-voir-la-finale-a-wembley-paris-va-devoir-tout-renverser-2298558.html\" target=\"_blank\" rel=\"noopener\">face au Borussia Dortmund<\/a>, une semaine apr\u00e8s <a href=\"https:\/\/www.tf1info.fr\/sport\/football-match-arsenal-psg-en-direct-suivez-la-demi-finale-aller-de-ligue-des-champions-du-paris-saint-germain-2367675.html\" target=\"_blank\" rel=\"noopener\">son succ\u00e8s \u00e0 Londres (1-0)<\/a>, le PSG re\u00e7oit Arsenal ce mercredi, au Parc des Princes (21h), en demi-finale retour de Ligue des champions. Si les hommes de Luis Enrique ne perdent pas, ils prendront la direction de Munich (Allemagne) <a href=\"https:\/\/www.tf1info.fr\/sport\/ligue-des-champions-2025-resume-qualifie-pour-la-finale-face-au-barca-l-inter-milan-attend-le-vainqueur-de-psg-arsenal-2369279.html\" target=\"_blank\" rel=\"noopener\">pour affronter l&rsquo;Inter Milan<\/a> le 31 mai prochain, et tenter de devenir le deuxi\u00e8me club fran\u00e7ais \u00e0 soulever la coupe aux grandes oreilles.<\/p>\n<p>4 chances sur 5 de voir Paris en finale<\/p>\n<p data-module=\"article-paragraph\" class=\"jsx-362436225 Paragraph Paragraph__End\">Pour Paris, tous les signaux semblent au vert. Unique buteur du match aller et candidat au Ballon d&rsquo;Or, Ousmane Demb\u00e9l\u00e9 <a href=\"https:\/\/www.tf1info.fr\/sport\/ligue-des-champions-psg-arsenal-touche-a-la-cuisse-ousmane-dembele-et-forfait-face-strasbourg-le-buteur-pourra-t-il-jouer-le-match-retour-de-la-demi-finale-2368530.html\" target=\"_blank\" rel=\"noopener\">a longtemps \u00e9t\u00e9 incertain<\/a>, mais est bien disponible. De quoi renforcer encore un peu une \u00e9quipe pleine de fra\u00eecheur &#8211; la quasi-totalit\u00e9 des probables titulaires de ce mercredi n&rsquo;ont pas disput\u00e9 la rencontre de Ligue 1 du week-end dernier, \u00e0 Strasbourg &#8211; et que les statistiques voient d\u00e9j\u00e0 en finale : le PSG compte <a href=\"https:\/\/www.tf1info.fr\/sport\/ligue-des-champions-2025-quelles-chances-de-qualification-en-finale-pour-le-psg-apres-son-succes-contre-arsenal-2367996.html\" target=\"_blank\" rel=\"noopener\">78% de chances de se qualifier<\/a>.<\/p>\n<p data-module=\"article-paragraph\" class=\"jsx-362436225 Paragraph Paragraph__End\">Il faudra d&rsquo;abord confirmer face \u00e0 Arsenal. Les Gunners, <a href=\"https:\/\/www.tf1info.fr\/sport\/football-psg-arsenal-ligue-des-champions-mikel-arteta-vu-par-luis-fernandez-son-ancien-entraineur-a-paris-2369034.html\" target=\"_blank\" rel=\"noopener\">emmen\u00e9s par l&rsquo;ancien Parisien Mikel Arteta<\/a>, n&rsquo;ont pas franchement brill\u00e9 sur leurs terres, la semaine derni\u00e8re. Reste que le club du nord de Londres dispose de s\u00e9rieuses r\u00e9f\u00e9rences cette saison en Europe. Lors du tour pr\u00e9c\u00e9dent, Arsenal <a href=\"https:\/\/www.tf1info.fr\/sport\/le-real-madrid-de-mbappe-elimine-le-psg-retrouvera-arsenal-en-demi-finale-de-ligue-des-champions-2365588.html\" target=\"_blank\" rel=\"noopener\">a \u00e9limin\u00e9 le tenant du titre<\/a>, le Real Madrid, l&#8217;emportant au match aller comme au retour. Plus t\u00f4t dans la comp\u00e9tition, les finalistes de l&rsquo;\u00e9dition 2006 ont notamment battu&#8230; <a href=\"https:\/\/www.tf1info.fr\/sport\/en-direct-football-arsenal-psg-paris-premier-gros-test-pour-les-parisiens-en-ligue-des-champions-2325898.html\" target=\"_blank\" rel=\"noopener\">le PSG (2-0)<\/a>, lors de la phase r\u00e9guli\u00e8re. Un score qui les enverrait, cette fois, en finale.<\/p>\n<p data-module=\"article-paragraph\" class=\"jsx-362436225 Paragraph Paragraph__End\"><strong>Suivez en direct la demi-finale retour de Ligue des champions entre le PSG et Arsenal dans notre live comment\u00e9 ci-dessus.<\/strong><\/p>\n<p>Id\u00e8r NABILI<\/p>\n<p><script async src=\"https:\/\/platform.twitter.com\/widgets.js\" charset=\"utf-8\"><\/script><\/p>\n","protected":false},"excerpt":{"rendered":"Le Paris Saint-Germain joue sa qualification en finale de Ligue des champions ce mercredi (21h), face \u00e0 Arsenal.Les&hellip;\n","protected":false},"author":2,"featured_media":82620,"comment_status":"","ping_status":"","sticky":false,"template":"","format":"standard","meta":{"footnotes":""},"categories":[1888],"tags":[1111,1928,11,1927,5357,1921,1777,674,63,1011,27,1922,447,6667,12,1926,2782,626,1925,93,25,133,4712],"class_list":{"0":"post-82619","1":"post","2":"type-post","3":"status-publish","4":"format-standard","5":"has-post-thumbnail","7":"category-paris","8":"tag-actu","9":"tag-actu-paris","10":"tag-actualites","11":"tag-actualites-paris","12":"tag-arsenal","13":"tag-article-video","14":"tag-eu","15":"tag-europe","16":"tag-football","17":"tag-fr","18":"tag-france","19":"tag-info","20":"tag-ligue-des-champions","21":"tag-ligue-des-champions-2024-2025-le-psg-a-la-poursuite-de-son-reve","22":"tag-news","23":"tag-news-paris","24":"tag-ousmane-dembele","25":"tag-paris","26":"tag-paris-news","27":"tag-psg","28":"tag-republique-francaise","29":"tag-video","30":"tag-video-sports"},"share_on_mastodon":{"url":"https:\/\/pubeurope.com\/@fr\/114468182651227228","error":""},"_links":{"self":[{"href":"https:\/\/www.europesays.com\/fr\/wp-json\/wp\/v2\/posts\/82619","targetHints":{"allow":["GET"]}}],"collection":[{"href":"https:\/\/www.europesays.com\/fr\/wp-json\/wp\/v2\/posts"}],"about":[{"href":"https:\/\/www.europesays.com\/fr\/wp-json\/wp\/v2\/types\/post"}],"author":[{"embeddable":true,"href":"https:\/\/www.europesays.com\/fr\/wp-json\/wp\/v2\/users\/2"}],"replies":[{"embeddable":true,"href":"https:\/\/www.europesays.com\/fr\/wp-json\/wp\/v2\/comments?post=82619"}],"version-history":[{"count":0,"href":"https:\/\/www.europesays.com\/fr\/wp-json\/wp\/v2\/posts\/82619\/revisions"}],"wp:featuredmedia":[{"embeddable":true,"href":"https:\/\/www.europesays.com\/fr\/wp-json\/wp\/v2\/media\/82620"}],"wp:attachment":[{"href":"https:\/\/www.europesays.com\/fr\/wp-json\/wp\/v2\/media?parent=82619"}],"wp:term":[{"taxonomy":"category","embeddable":true,"href":"https:\/\/www.europesays.com\/fr\/wp-json\/wp\/v2\/categories?post=82619"},{"taxonomy":"post_tag","embeddable":true,"href":"https:\/\/www.europesays.com\/fr\/wp-json\/wp\/v2\/tags?post=82619"}],"curies":[{"name":"wp","href":"https:\/\/api.w.org\/{rel}","templated":true}]}}