{"id":82621,"date":"2025-05-07T19:23:13","date_gmt":"2025-05-07T19:23:13","guid":{"rendered":"https:\/\/www.europesays.com\/fr\/82621\/"},"modified":"2025-05-07T19:23:13","modified_gmt":"2025-05-07T19:23:13","slug":"un-trafic-de-drogue-demantele-le-cannabis-venait-du-canada-une-premiere","status":"publish","type":"post","link":"https:\/\/www.europesays.com\/fr\/82621\/","title":{"rendered":"Un trafic de drogue d\u00e9mantel\u00e9, le cannabis venait du Canada, une premi\u00e8re"},"content":{"rendered":"<p><strong>CANADIAN CONNEXION &#8211; Un r\u00e9seau franco-canadien de trafic de cannabis par fret a\u00e9rien a \u00e9t\u00e9 d\u00e9mantel\u00e9. Cinq suspects ont \u00e9t\u00e9 mis en examen \u00e0 Paris<\/strong><\/p>\n<p>C\u2019est une premi\u00e8re en France\u00a0: un vaste <a href=\"https:\/\/www.20minutes.fr\/dossier\/trafic_de_drogue?at_medium=RSS+feed&amp;at_campaign=ynews&amp;utm_source=yahoo&amp;utm_medium=rss&amp;utm_campaign=news_feed&amp;utm_content=in_article_link\" rel=\"nofollow noopener\" target=\"_blank\" data-ylk=\"slk:trafic de cannabis;elm:context_link;itc:0;sec:content-canvas\" class=\"link \">trafic de cannabis<\/a> par fret a\u00e9rien en provenance du <a href=\"https:\/\/www.20minutes.fr\/dossier\/canada?at_medium=RSS+feed&amp;at_campaign=ynews&amp;utm_source=yahoo&amp;utm_medium=rss&amp;utm_campaign=news_feed&amp;utm_content=in_article_link\" rel=\"nofollow noopener\" target=\"_blank\" data-ylk=\"slk:Canada;elm:context_link;itc:0;sec:content-canvas\" class=\"link \">Canada<\/a> vient d\u2019\u00eatre mis au jour par les forces de l\u2019ordre. Trois tonnes de drogue ont \u00e9t\u00e9 import\u00e9es. Cinq personnes \u00e2g\u00e9es de 24 \u00e0 41 ans ont \u00e9t\u00e9 mises en examen \u00e0 Paris pour trafic de stup\u00e9fiants et association de malfaiteurs. Deux d\u2019entre elles ont \u00e9t\u00e9 plac\u00e9es en d\u00e9tention provisoire, deux autres incarc\u00e9r\u00e9es dans l\u2019attente d\u2019un d\u00e9bat diff\u00e9r\u00e9, et la derni\u00e8re plac\u00e9e sous contr\u00f4le judiciaire.<\/p>\n<p>Elles sont soup\u00e7onn\u00e9es d\u2019avoir r\u00e9ceptionn\u00e9 de l\u2019herbe de cannabis envoy\u00e9e depuis le Canada avec l\u2019aide d\u2019un r\u00e9seau criminel structur\u00e9 outre-Atlantique. Selon les forces de l\u2019ordre, c\u2019est la premi\u00e8re fois qu\u2019est d\u00e9tect\u00e9e en France une activit\u00e9 de criminalit\u00e9 organis\u00e9e en provenance du Canada dans l\u2019acheminement de <a href=\"https:\/\/www.20minutes.fr\/dossier\/detention_de_stupefiants?at_medium=RSS+feed&amp;at_campaign=ynews&amp;utm_source=yahoo&amp;utm_medium=rss&amp;utm_campaign=news_feed&amp;utm_content=in_article_link\" rel=\"nofollow noopener\" target=\"_blank\" data-ylk=\"slk:stup\u00e9fiants;elm:context_link;itc:0;sec:content-canvas\" class=\"link \">stup\u00e9fiants<\/a>.<\/p>\n<p>Une longue enqu\u00eate de plusieurs mois<\/p>\n<p>L\u2019enqu\u00eate a d\u00e9but\u00e9 le 8\u00a0janvier 2025, apr\u00e8s la d\u00e9couverte de 550 kg d\u2019herbe dans la zone de fret de <a href=\"https:\/\/www.20minutes.fr\/dossier\/aeroport_roissy_charles_de_gaulle?at_medium=RSS+feed&amp;at_campaign=ynews&amp;utm_source=yahoo&amp;utm_medium=rss&amp;utm_campaign=news_feed&amp;utm_content=in_article_link\" rel=\"nofollow noopener\" target=\"_blank\" data-ylk=\"slk:Roissy;elm:context_link;itc:0;sec:content-canvas\" class=\"link \">Roissy<\/a>. Dans la foul\u00e9e, une nouvelle saisie de 500 kg a lieu \u00e0 l\u2019a\u00e9roport de <a href=\"https:\/\/www.20minutes.fr\/monde\/montreal\/?at_medium=RSS+feed&amp;at_campaign=ynews&amp;utm_source=yahoo&amp;utm_medium=rss&amp;utm_campaign=news_feed&amp;utm_content=in_article_link\" rel=\"nofollow noopener\" target=\"_blank\" data-ylk=\"slk:Montr\u00e9al;elm:context_link;itc:0;sec:content-canvas\" class=\"link \">Montr\u00e9al<\/a>. L\u2019exploitation des donn\u00e9es logistiques a r\u00e9v\u00e9l\u00e9 que pr\u00e8s de 1,6 tonne aurait transit\u00e9 depuis octobre\u00a02024. Les investigations, men\u00e9es par l\u2019Ofast, la gendarmerie et la Junalco, ont permis d\u2019identifier un circuit complexe de fausses identit\u00e9s, d\u2019entreprises usurp\u00e9es et de <a href=\"https:\/\/www.20minutes.fr\/dossier\/telephone?at_medium=RSS+feed&amp;at_campaign=ynews&amp;utm_source=yahoo&amp;utm_medium=rss&amp;utm_campaign=news_feed&amp;utm_content=in_article_link\" rel=\"nofollow noopener\" target=\"_blank\" data-ylk=\"slk:t\u00e9l\u00e9phones;elm:context_link;itc:0;sec:content-canvas\" class=\"link \">t\u00e9l\u00e9phones<\/a> crypt\u00e9s. Le 2 mai, trois suspects ont \u00e9t\u00e9 arr\u00eat\u00e9s \u00e0 Montr\u00e9al avec 80 kg suppl\u00e9mentaires de cannabis et 53.000 dollars canadiens.<\/p>\n<p><a href=\"https:\/\/www.20minutes.fr\/dossier\/narcotrafiquants\" rel=\"nofollow noopener\" target=\"_blank\" data-ylk=\"slk:Notre dossier sur le narcotrafic;elm:context_link;itc:0;sec:content-canvas\" class=\"link \">Notre dossier sur le narcotrafic<\/a><\/p>\n<p>En parall\u00e8le, la branche fran\u00e7aise a aussi \u00e9t\u00e9(&#8230;)<\/p>\n<p><a href=\"https:\/\/www.20minutes.fr\/faits_divers\/4152381-20250507-paris-trafic-drogue-demantele-cannabis-venait-canada-premiere?at_medium=RSS+feed&amp;at_campaign=ynews&amp;utm_source=yahoo&amp;utm_medium=rss&amp;utm_campaign=news_feed&amp;utm_content=read_more_link&quot;\" rel=\"nofollow noopener\" target=\"_blank\" data-ylk=\"slk:Lire la suite sur 20minutes;elm:context_link;itc:0;sec:content-canvas\" class=\"link \">Lire la suite sur 20minutes<\/a><\/p>\n<p>\u00c0 lire aussi :<br \/><a href=\"https:\/\/www.20minutes.fr\/justice\/4140204-20250223-ancienne-figure-gilets-jaunes-condamnee-trafic-drogue-international?at_medium=RSS+feed&amp;at_campaign=ynews&amp;utm_source=yahoo&amp;utm_medium=rss&amp;utm_campaign=news_feed&amp;utm_content=related_content_link\" rel=\"nofollow noopener\" target=\"_blank\" data-ylk=\"slk:Une ancienne figure des \u00ab\u00a0gilets jaunes\u00a0\u00bb condamn\u00e9e pour un trafic de drogue international;elm:context_link;itc:0;sec:content-canvas\" class=\"link \">Une ancienne figure des \u00ab\u00a0gilets jaunes\u00a0\u00bb condamn\u00e9e pour un trafic de drogue international<\/a><br \/><a href=\"https:\/\/www.20minutes.fr\/faits_divers\/4111876-20240925-bretagne-gros-trafic-stups-demantele-demi-million-euros-drogue-saisis?at_medium=RSS+feed&amp;at_campaign=ynews&amp;utm_source=yahoo&amp;utm_medium=rss&amp;utm_campaign=news_feed&amp;utm_content=related_content_link\" rel=\"nofollow noopener\" target=\"_blank\" data-ylk=\"slk:Bretagne\u00a0: Un gros trafic de stups d\u00e9mantel\u00e9 avec un demi-million d\u2019euros de drogue saisis;elm:context_link;itc:0;sec:content-canvas\" class=\"link \">Bretagne\u00a0: Un gros trafic de stups d\u00e9mantel\u00e9 avec un demi-million d\u2019euros de drogue saisis<\/a><\/p>\n","protected":false},"excerpt":{"rendered":"CANADIAN CONNEXION &#8211; Un r\u00e9seau franco-canadien de trafic de cannabis par fret a\u00e9rien a \u00e9t\u00e9 d\u00e9mantel\u00e9. Cinq suspects&hellip;\n","protected":false},"author":2,"featured_media":82622,"comment_status":"","ping_status":"","sticky":false,"template":"","format":"standard","meta":{"footnotes":""},"categories":[1888],"tags":[1111,1928,11,1927,5815,1777,674,3160,1011,27,19045,12,1926,626,1925,25,19044,887],"class_list":{"0":"post-82621","1":"post","2":"type-post","3":"status-publish","4":"format-standard","5":"has-post-thumbnail","7":"category-paris","8":"tag-actu","9":"tag-actu-paris","10":"tag-actualites","11":"tag-actualites-paris","12":"tag-association-de-malfaiteurs","13":"tag-eu","14":"tag-europe","15":"tag-forces-de-lordre","16":"tag-fr","17":"tag-france","18":"tag-fret-aerien","19":"tag-news","20":"tag-news-paris","21":"tag-paris","22":"tag-paris-news","23":"tag-republique-francaise","24":"tag-trafic-de-cannabis","25":"tag-trafic-de-drogue"},"share_on_mastodon":{"url":"https:\/\/pubeurope.com\/@fr\/114468186031869193","error":""},"_links":{"self":[{"href":"https:\/\/www.europesays.com\/fr\/wp-json\/wp\/v2\/posts\/82621","targetHints":{"allow":["GET"]}}],"collection":[{"href":"https:\/\/www.europesays.com\/fr\/wp-json\/wp\/v2\/posts"}],"about":[{"href":"https:\/\/www.europesays.com\/fr\/wp-json\/wp\/v2\/types\/post"}],"author":[{"embeddable":true,"href":"https:\/\/www.europesays.com\/fr\/wp-json\/wp\/v2\/users\/2"}],"replies":[{"embeddable":true,"href":"https:\/\/www.europesays.com\/fr\/wp-json\/wp\/v2\/comments?post=82621"}],"version-history":[{"count":0,"href":"https:\/\/www.europesays.com\/fr\/wp-json\/wp\/v2\/posts\/82621\/revisions"}],"wp:featuredmedia":[{"embeddable":true,"href":"https:\/\/www.europesays.com\/fr\/wp-json\/wp\/v2\/media\/82622"}],"wp:attachment":[{"href":"https:\/\/www.europesays.com\/fr\/wp-json\/wp\/v2\/media?parent=82621"}],"wp:term":[{"taxonomy":"category","embeddable":true,"href":"https:\/\/www.europesays.com\/fr\/wp-json\/wp\/v2\/categories?post=82621"},{"taxonomy":"post_tag","embeddable":true,"href":"https:\/\/www.europesays.com\/fr\/wp-json\/wp\/v2\/tags?post=82621"}],"curies":[{"name":"wp","href":"https:\/\/api.w.org\/{rel}","templated":true}]}}