{"id":82630,"date":"2025-05-07T19:27:12","date_gmt":"2025-05-07T19:27:12","guid":{"rendered":"https:\/\/www.europesays.com\/fr\/82630\/"},"modified":"2025-05-07T19:27:12","modified_gmt":"2025-05-07T19:27:12","slug":"ca-bombarde-severe-a-quelques-heures-du-cessez-le-feu-et-des-celebrations-a-moscou","status":"publish","type":"post","link":"https:\/\/www.europesays.com\/fr\/82630\/","title":{"rendered":"\u00c7a bombarde s\u00e9v\u00e8re \u00e0 quelques heures du cessez-le-feu et des c\u00e9l\u00e9brations \u00e0 Moscou"},"content":{"rendered":"<p><strong>R\u00e9cap &#8211; \u00ab 20 Minutes \u00bb fait le point pour vous tous les soirs sur l\u2019avanc\u00e9e du conflit en Ukraine. Ce mercredi, au 1.169e jour de guerre, la journ\u00e9e a \u00e9t\u00e9 marqu\u00e9e par de nouvelles attaques mutuelles, \u00e0 quelques heures d\u2019une tr\u00eave promise par la Russie<\/strong><\/p>\n<p>Vous avez rat\u00e9 les derniers \u00e9v\u00e9nements sur la <a href=\"https:\/\/www.20minutes.fr\/monde\/ukraine\/?at_medium=RSS+feed&amp;at_campaign=ynews&amp;utm_source=yahoo&amp;utm_medium=rss&amp;utm_campaign=news_feed&amp;utm_content=in_article_link\" rel=\"nofollow noopener\" target=\"_blank\" data-ylk=\"slk:guerre en Ukraine;elm:context_link;itc:0;sec:content-canvas\" class=\"link \">guerre en Ukraine<\/a> ? 20 Minutes fait le point pour vous tous les soirs. Entre les d\u00e9clarations fortes, les avanc\u00e9es sur le front et le bilan des combats, voici l\u2019essentiel de ce mercredi 7 mai 2025, au 1.169e jour de la guerre.<\/p>\n<p>Le fait du jour<\/p>\n<p>Pas de r\u00e9pit, pour l\u2019instant. Des attaques de drones entre la <a href=\"https:\/\/www.20minutes.fr\/monde\/russie\/?at_medium=RSS+feed&amp;at_campaign=ynews&amp;utm_source=yahoo&amp;utm_medium=rss&amp;utm_campaign=news_feed&amp;utm_content=in_article_link\" rel=\"nofollow noopener\" target=\"_blank\" data-ylk=\"slk:Russie;elm:context_link;itc:0;sec:content-canvas\" class=\"link \">Russie<\/a> et l\u2019Ukraine ont tu\u00e9 deux personnes \u00e0 Kiev dans la nuit de mardi \u00e0 mercredi, quelques heures avant un <a href=\"https:\/\/www.20minutes.fr\/monde\/ukraine\/4150851-20250429-guerre-ukraine-zelensky-denonce-tentative-manipulation-apres-annonce-treve-poutine?at_medium=RSS+feed&amp;at_campaign=ynews&amp;utm_source=yahoo&amp;utm_medium=rss&amp;utm_campaign=news_feed&amp;utm_content=in_article_link\" rel=\"nofollow noopener\" target=\"_blank\" data-ylk=\"slk:cessez-le-feu de trois jours promis par la Russie;elm:context_link;itc:0;sec:content-canvas\" class=\"link \">cessez-le-feu de trois jours promis par la Russie<\/a> dans le cadre de ses c\u00e9l\u00e9brations de la victoire sur l\u2019Allemagne nazie.<\/p>\n<p>L\u2019arm\u00e9e russe a lanc\u00e9 quatre missiles balistiques et 142 drones sur l\u2019Ukraine, a indiqu\u00e9 le pr\u00e9sident ukrainien Volodymyr Zelensky. La capitale ukrainienne a \u00e9t\u00e9 touch\u00e9e deux fois : d\u2019abord par des missiles, puis par des drones. Les r\u00e9gions de Zaporijjia, <a href=\"https:\/\/www.20minutes.fr\/dossier\/donetsk?at_medium=RSS+feed&amp;at_campaign=ynews&amp;utm_source=yahoo&amp;utm_medium=rss&amp;utm_campaign=news_feed&amp;utm_content=in_article_link\" rel=\"nofollow noopener\" target=\"_blank\" data-ylk=\"slk:Donetsk;elm:context_link;itc:0;sec:content-canvas\" class=\"link \">Donetsk<\/a>, Jitomir, Kherson et <a href=\"https:\/\/www.20minutes.fr\/monde\/dnipro\/?at_medium=RSS+feed&amp;at_campaign=ynews&amp;utm_source=yahoo&amp;utm_medium=rss&amp;utm_campaign=news_feed&amp;utm_content=in_article_link\" rel=\"nofollow noopener\" target=\"_blank\" data-ylk=\"slk:Dnipro;elm:context_link;itc:0;sec:content-canvas\" class=\"link \">Dnipro<\/a> ont \u00e9galement \u00e9t\u00e9 vis\u00e9es pendant la nuit. De son c\u00f4t\u00e9, l\u2019Ukraine a poursuivi ses attaques de drones en Russie, entra\u00eenant des d\u00e9tournements de vols se dirigeant vers l\u2019a\u00e9roport international de Ch\u00e9r\u00e9m\u00e9ti\u00e9vo, \u00e0 Moscou.<\/p>\n<p>Cette proposition de cessez-le-feu, qui doit d\u00e9buter ce mercredi \u00e0 23 heures, a \u00e9t\u00e9 vivement critiqu\u00e9e par Kiev. Volodymyr Zelensky a d\u00e9nonc\u00e9 une \u00ab tentative de manipulation \u00bb et affirm\u00e9 qu\u2019il ne \u00ab croyait pas \u00bb que la Russie respecterait la tr\u00eave. Il a aussi r\u00e9clam\u00e9 \u00ab une pression consid\u00e9rablement accrue et des sanctions plus s\u00e9v\u00e8res \u00bb contre Moscou, estimant qu\u2019il s\u2019agissait du seul moyen pour \u00ab ouvrir (&#8230;)<\/p>\n<p><a href=\"https:\/\/www.20minutes.fr\/monde\/ukraine\/4152295-20250507-guerre-ukraine-ca-bombarde-severe-quelques-heures-cessez-feu-celebrations-moscou?at_medium=RSS+feed&amp;at_campaign=ynews&amp;utm_source=yahoo&amp;utm_medium=rss&amp;utm_campaign=news_feed&amp;utm_content=read_more_link\" rel=\"nofollow noopener\" target=\"_blank\" data-ylk=\"slk:Lire la suite sur 20minutes;elm:context_link;itc:0;sec:content-canvas\" class=\"link \">Lire la suite sur 20minutes<\/a><\/p>\n<p>\u00c0 lire aussi :<br \/><a href=\"https:\/\/www.20minutes.fr\/monde\/ukraine\/4152216-20250507-guerre-ukraine-quoi-storm-1516-campagne-desinformation-russe-frappe-france?at_medium=RSS+feed&amp;at_campaign=ynews&amp;utm_source=yahoo&amp;utm_medium=rss&amp;utm_campaign=news_feed&amp;utm_content=related_content_link\" rel=\"nofollow noopener\" target=\"_blank\" data-ylk=\"slk:Guerre en Ukraine : C\u2019est quoi Storm-1516, cette campagne de d\u00e9sinformation russe ayant frapp\u00e9 la France ?;elm:context_link;itc:0;sec:content-canvas\" class=\"link \">Guerre en Ukraine : C\u2019est quoi Storm-1516, cette campagne de d\u00e9sinformation russe ayant frapp\u00e9 la France ?<\/a><br \/><a href=\"https:\/\/www.20minutes.fr\/monde\/ukraine\/4152076-20250506-guerre-ukraine-attaque-drones-moscou-armee-russe-replique-violemment?at_medium=RSS+feed&amp;at_campaign=ynews&amp;utm_source=yahoo&amp;utm_medium=rss&amp;utm_campaign=news_feed&amp;utm_content=related_content_link\" rel=\"nofollow noopener\" target=\"_blank\" data-ylk=\"slk:Guerre en Ukraine : Une attaque de drones sur Moscou, l\u2019arm\u00e9e russe r\u00e9plique violemment;elm:context_link;itc:0;sec:content-canvas\" class=\"link \">Guerre en Ukraine : Une attaque de drones sur Moscou, l\u2019arm\u00e9e russe r\u00e9plique violemment<\/a><\/p>\n","protected":false},"excerpt":{"rendered":"R\u00e9cap &#8211; \u00ab 20 Minutes \u00bb fait le point pour vous tous les soirs sur l\u2019avanc\u00e9e du conflit&hellip;\n","protected":false},"author":2,"featured_media":82631,"comment_status":"","ping_status":"","sticky":false,"template":"","format":"standard","meta":{"footnotes":""},"categories":[1590],"tags":[642,11,1777,674,5493,2489,12,220,134],"class_list":{"0":"post-82630","1":"post","2":"type-post","3":"status-publish","4":"format-standard","5":"has-post-thumbnail","7":"category-ukraine","8":"tag-20-minutes","9":"tag-actualites","10":"tag-eu","11":"tag-europe","12":"tag-lukraine","13":"tag-la-russie","14":"tag-news","15":"tag-ukraine","16":"tag-volodymyr-zelensky"},"share_on_mastodon":{"url":"https:\/\/pubeurope.com\/@fr\/114468201731892117","error":""},"_links":{"self":[{"href":"https:\/\/www.europesays.com\/fr\/wp-json\/wp\/v2\/posts\/82630","targetHints":{"allow":["GET"]}}],"collection":[{"href":"https:\/\/www.europesays.com\/fr\/wp-json\/wp\/v2\/posts"}],"about":[{"href":"https:\/\/www.europesays.com\/fr\/wp-json\/wp\/v2\/types\/post"}],"author":[{"embeddable":true,"href":"https:\/\/www.europesays.com\/fr\/wp-json\/wp\/v2\/users\/2"}],"replies":[{"embeddable":true,"href":"https:\/\/www.europesays.com\/fr\/wp-json\/wp\/v2\/comments?post=82630"}],"version-history":[{"count":0,"href":"https:\/\/www.europesays.com\/fr\/wp-json\/wp\/v2\/posts\/82630\/revisions"}],"wp:featuredmedia":[{"embeddable":true,"href":"https:\/\/www.europesays.com\/fr\/wp-json\/wp\/v2\/media\/82631"}],"wp:attachment":[{"href":"https:\/\/www.europesays.com\/fr\/wp-json\/wp\/v2\/media?parent=82630"}],"wp:term":[{"taxonomy":"category","embeddable":true,"href":"https:\/\/www.europesays.com\/fr\/wp-json\/wp\/v2\/categories?post=82630"},{"taxonomy":"post_tag","embeddable":true,"href":"https:\/\/www.europesays.com\/fr\/wp-json\/wp\/v2\/tags?post=82630"}],"curies":[{"name":"wp","href":"https:\/\/api.w.org\/{rel}","templated":true}]}}