{"id":82632,"date":"2025-05-07T19:28:11","date_gmt":"2025-05-07T19:28:11","guid":{"rendered":"https:\/\/www.europesays.com\/fr\/82632\/"},"modified":"2025-05-07T19:28:11","modified_gmt":"2025-05-07T19:28:11","slug":"les-etats-unis-envisagent-dexempter-les-sieges-auto-et-les-poussettes-des-droits-de-douane-chinois-07-05-2025-a-2051","status":"publish","type":"post","link":"https:\/\/www.europesays.com\/fr\/82632\/","title":{"rendered":"Les \u00c9tats-Unis envisagent d&rsquo;exempter les si\u00e8ges auto et les poussettes des droits de douane chinois &#8211; 07\/05\/2025 \u00e0 20:51"},"content":{"rendered":"<p>\n ((Traduction automatis\u00e9e par Reuters, veuillez consulter la clause<br \/>\nde non-responsabilit\u00e9 https:\/\/bit.ly\/rtrsauto))<br \/>\npar David Shepardson\n<\/p>\n<p>\n L&rsquo;administration Trump envisage<br \/>\nd&rsquo;exempter les si\u00e8ges de voiture, les poussettes, les berceaux<br \/>\net d&rsquo;autres articles essentiels pour le transport des enfants<br \/>\ndes droits de douane sur la Chine jusqu&rsquo;\u00e0 145%, a d\u00e9clar\u00e9<br \/>\nmercredi le secr\u00e9taire au Tr\u00e9sor Scott Bessent.\n<\/p>\n<p>\n M. Bessent a r\u00e9pondu aux questions de la repr\u00e9sentante<br \/>\nd\u00e9mocrate Ayanna Pressley lors d&rsquo;une audition de la commission<br \/>\ndes services financiers de la Chambre des repr\u00e9sentants que ces<br \/>\nexemptions \u00e9taient \u00e0 l&rsquo;\u00e9tude. Mme Pressley, du Massachusetts, a<br \/>\nfait remarquer que plus de 3,5 millions de b\u00e9b\u00e9s naissent chaque<br \/>\nann\u00e9e et que la quasi-totalit\u00e9 des poussettes sont fabriqu\u00e9es en<br \/>\nChine. \u00ab\u00a0Maintenant, ce co\u00fbt augmente\u00a0\u00bb, a-t-elle d\u00e9clar\u00e9.\n<\/p>\n<p>\n En 2018, l&rsquo;administration Trump a exempt\u00e9 certains produits<br \/>\nfabriqu\u00e9s en Chine de droits de douane de 25 %, notamment les<br \/>\ncasques de v\u00e9lo et les meubles de s\u00e9curit\u00e9 pour enfants tels que<br \/>\nles si\u00e8ges de voiture et les parcs pour enfants. Toutefois, les<br \/>\ncomposants des si\u00e8ges d&rsquo;auto, les berceaux, les mo\u00efses, les sacs<br \/>\n\u00e0 langer et les barri\u00e8res de s\u00e9curit\u00e9 en bois n&rsquo;ont pas \u00e9t\u00e9<br \/>\nexempt\u00e9s.\n<\/p>\n<p>\n Chris Peterson, directeur g\u00e9n\u00e9ral de Newell Brands<br \/>\n <a href=\"https:\/\/www.boursorama.com\/cours\/NWL\/\" rel=\"nofollow noopener\" target=\"_blank\"><br \/>\n  NWL.O<br \/>\n <\/a><br \/>\n , le<br \/>\nfabricant des poussettes Graco, des si\u00e8ges auto et d&rsquo;autres<br \/>\narticles pour enfants, a d\u00e9clar\u00e9 la semaine derni\u00e8re lors d&rsquo;une<br \/>\nconf\u00e9rence t\u00e9l\u00e9phonique sur les r\u00e9sultats qu&rsquo;environ 97 % des<br \/>\npoussettes pour b\u00e9b\u00e9s et 87 % des si\u00e8ges auto pour b\u00e9b\u00e9s aux<br \/>\n\u00c9tats-Unis provenaient de Chine. L&rsquo;entreprise a augment\u00e9 les<br \/>\nprix des produits d&rsquo;\u00e9quipement pour b\u00e9b\u00e9s import\u00e9s d&rsquo;environ 20<br \/>\n% en raison des droits de douane.\n<\/p>\n<p>\n M. Peterson a indiqu\u00e9 que l&rsquo;entreprise n&rsquo;avait pas pris en<br \/>\ncompte la derni\u00e8re hausse de 125 % des droits de douane et<br \/>\nqu&rsquo;elle avait temporairement interrompu les livraisons en<br \/>\nprovenance de Chine pour \u00e9couler quelques mois de stocks.\n<\/p>\n<p>\n \u00ab\u00a0\u00c0 un moment donn\u00e9, nous commencerons \u00e0 manquer de stocks. Les<br \/>\nd\u00e9taillants commenceront \u00e0 manquer de stocks et nous<br \/>\nrecommencerons \u00e0 commander en Chine\u00a0\u00bb, a-t-il d\u00e9clar\u00e9. \u00ab\u00a0Lorsque<br \/>\ncela se produira, \u00e9tant donn\u00e9 que l&rsquo;ensemble du secteur<br \/>\ns&rsquo;approvisionne en Chine, on peut s&rsquo;attendre \u00e0 ce que nous et le<br \/>\nreste du secteur pratiquions des prix suppl\u00e9mentaires pour<br \/>\ncompenser le co\u00fbt des droits de douane<\/p>\n","protected":false},"excerpt":{"rendered":"((Traduction automatis\u00e9e par Reuters, veuillez consulter la clause de non-responsabilit\u00e9 https:\/\/bit.ly\/rtrsauto)) par David Shepardson L&rsquo;administration Trump envisage d&rsquo;exempter&hellip;\n","protected":false},"author":2,"featured_media":15273,"comment_status":"","ping_status":"","sticky":false,"template":"","format":"standard","meta":{"footnotes":""},"categories":[1589],"tags":[400,11,398,408,405,73,1866,403,402,399,404,12,401,406,1864,1865,1863,308,407],"class_list":{"0":"post-82632","1":"post","2":"type-post","3":"status-publish","4":"format-standard","5":"has-post-thumbnail","7":"category-etats-unis","8":"tag-action-cac-40","9":"tag-actualites","10":"tag-bourse-de-paris","11":"tag-boursorama","12":"tag-cotations","13":"tag-etats-unis","14":"tag-etats-unis-damerique","15":"tag-indices-devises","16":"tag-investir","17":"tag-investissement","18":"tag-marche-boursier","19":"tag-news","20":"tag-sicav","21":"tag-trackers","22":"tag-united-states","23":"tag-united-states-of-america","24":"tag-us","25":"tag-usa","26":"tag-warrants"},"share_on_mastodon":{"url":"https:\/\/pubeurope.com\/@fr\/114468205686356331","error":""},"_links":{"self":[{"href":"https:\/\/www.europesays.com\/fr\/wp-json\/wp\/v2\/posts\/82632","targetHints":{"allow":["GET"]}}],"collection":[{"href":"https:\/\/www.europesays.com\/fr\/wp-json\/wp\/v2\/posts"}],"about":[{"href":"https:\/\/www.europesays.com\/fr\/wp-json\/wp\/v2\/types\/post"}],"author":[{"embeddable":true,"href":"https:\/\/www.europesays.com\/fr\/wp-json\/wp\/v2\/users\/2"}],"replies":[{"embeddable":true,"href":"https:\/\/www.europesays.com\/fr\/wp-json\/wp\/v2\/comments?post=82632"}],"version-history":[{"count":0,"href":"https:\/\/www.europesays.com\/fr\/wp-json\/wp\/v2\/posts\/82632\/revisions"}],"wp:featuredmedia":[{"embeddable":true,"href":"https:\/\/www.europesays.com\/fr\/wp-json\/wp\/v2\/media\/15273"}],"wp:attachment":[{"href":"https:\/\/www.europesays.com\/fr\/wp-json\/wp\/v2\/media?parent=82632"}],"wp:term":[{"taxonomy":"category","embeddable":true,"href":"https:\/\/www.europesays.com\/fr\/wp-json\/wp\/v2\/categories?post=82632"},{"taxonomy":"post_tag","embeddable":true,"href":"https:\/\/www.europesays.com\/fr\/wp-json\/wp\/v2\/tags?post=82632"}],"curies":[{"name":"wp","href":"https:\/\/api.w.org\/{rel}","templated":true}]}}