{"id":82635,"date":"2025-05-07T19:30:10","date_gmt":"2025-05-07T19:30:10","guid":{"rendered":"https:\/\/www.europesays.com\/fr\/82635\/"},"modified":"2025-05-07T19:30:10","modified_gmt":"2025-05-07T19:30:10","slug":"le-nouveau-gouvernement-ordonne-de-refouler-les-demandeurs-dasile-a-la-frontiere","status":"publish","type":"post","link":"https:\/\/www.europesays.com\/fr\/82635\/","title":{"rendered":"Le nouveau gouvernement ordonne de refouler les demandeurs d\u2019asile \u00e0 la fronti\u00e8re"},"content":{"rendered":"<p>En <a href=\"https:\/\/www.20minutes.fr\/dossier\/allemagne\" target=\"_blank\" class=\"color-ultramarine c-link\" rel=\"noopener\">Allemagne<\/a>, Alexander Dobrindt, le nouveau <a href=\"https:\/\/www.20minutes.fr\/dossier\/ministre_de_l_interieur\" target=\"_blank\" class=\"color-ultramarine c-link\" rel=\"noopener\">ministre de l\u2019Int\u00e9rieur<\/a>, a ordonn\u00e9 mercredi le refoulement syst\u00e9matique des demandeurs d\u2019asile d\u00e9pourvus de documents valides aux fronti\u00e8res allemandes. Seuls les \u00ab\u00a0groupes vuln\u00e9rables, comme les enfants et les femmes enceintes\u00a0\u00bb, continueront d\u2019\u00eatre admis, a-t-il pr\u00e9cis\u00e9 lors d\u2019une d\u00e9claration \u00e0 Berlin. La Suisse a regrett\u00e9 que \u00ab\u00a0l\u2019Allemagne ait pris ces mesures sans consultation\u00a0\u00bb, a \u00e9crit sur le r\u00e9seau social X, le minist\u00e8re f\u00e9d\u00e9ral de la Justice et de la police suisse.<\/p>\n<p>Cette d\u00e9cision marque une rupture nette avec la politique d\u2019accueil en vigueur depuis\u00a02015, en pleine crise migratoire, lorsque plus d\u2019un million de <a href=\"https:\/\/www.20minutes.fr\/monde\/refugies\/\" target=\"_blank\" class=\"color-ultramarine c-link\" rel=\"noopener\">r\u00e9fugi\u00e9s<\/a> \u2013 principalement syriens et afghans \u2013 avaient trouv\u00e9 asile en Allemagne. A l\u2019\u00e9poque, une directive minist\u00e9rielle autorisait les forces f\u00e9d\u00e9rales \u00e0 laisser entrer les personnes sans papiers ni demande d\u2019asile formelle.<\/p>\n<\/p>\n<p>\u00ab\u00a0R\u00e9duire l\u2019immigration clandestine\u00a0\u00bb<\/p>\n<p>Alexander Dobrindt a annul\u00e9 ce texte d\u00e8s son arriv\u00e9e au minist\u00e8re, affirmant vouloir \u00ab\u00a0r\u00e9duire l\u2019<a href=\"https:\/\/www.20minutes.fr\/dossier\/immigration_clandestine\" target=\"_blank\" class=\"color-ultramarine c-link\" rel=\"noopener\">immigration clandestine<\/a>\u00a0\u00bb et restaurer un \u00ab\u00a0contr\u00f4le effectif\u00a0\u00bb des fronti\u00e8res ext\u00e9rieures du pays. Cette mesure \u00e9tait attendue\u00a0: Friedrich Merz, devenu chancelier mardi, avait fait de la lutte contre l\u2019immigration ill\u00e9gale un pilier de sa campagne, apr\u00e8s une s\u00e9rie d\u2019attaques impliquant des \u00e9trangers qui avaient raviv\u00e9 les tensions politiques.<\/p>\n<p><a href=\"https:\/\/www.20minutes.fr\/dossier\/allemagne\" target=\"_blank\" class=\"c-link c-btn c-btn--primary\" rel=\"noopener\">Notre dossier sur l&rsquo;Allemagne<\/a><\/p>\n<p>Entre octobre\u00a02023 et d\u00e9but mai\u00a02025, plus de 53.000 refoulements ont d\u00e9j\u00e0 \u00e9t\u00e9 effectu\u00e9s, selon les chiffres de Nancy Faeser, ex-ministre sociale-d\u00e9mocrate de l\u2019Int\u00e9rieur. L\u2019entr\u00e9e en vigueur de cette nouvelle politique laisse pr\u00e9sager un durcissement encore plus net dans les prochains mois.<\/p>\n","protected":false},"excerpt":{"rendered":"En Allemagne, Alexander Dobrindt, le nouveau ministre de l\u2019Int\u00e9rieur, a ordonn\u00e9 mercredi le refoulement syst\u00e9matique des demandeurs d\u2019asile&hellip;\n","protected":false},"author":2,"featured_media":82636,"comment_status":"","ping_status":"","sticky":false,"template":"","format":"standard","meta":{"footnotes":""},"categories":[1587],"tags":[47,11,598,672,1804,1805,19046,1803,1777,674,6430,1801,6734,1251,7088,74,12,1802,32],"class_list":{"0":"post-82635","1":"post","2":"type-post","3":"status-publish","4":"format-standard","5":"has-post-thumbnail","7":"category-allemagne","8":"tag-actualite","9":"tag-actualites","10":"tag-afghanistan","11":"tag-allemagne","12":"tag-bundesrepublik-deutschland","13":"tag-de","14":"tag-demandeurs-dasile","15":"tag-deutschland","16":"tag-eu","17":"tag-europe","18":"tag-frontieres","19":"tag-germany","20":"tag-immigration-clandestine","21":"tag-migrants","22":"tag-ministre-de-linterieur","23":"tag-monde","24":"tag-news","25":"tag-republique-federale-dallemagne","26":"tag-syrie"},"share_on_mastodon":{"url":"https:\/\/pubeurope.com\/@fr\/114468213705308051","error":""},"_links":{"self":[{"href":"https:\/\/www.europesays.com\/fr\/wp-json\/wp\/v2\/posts\/82635","targetHints":{"allow":["GET"]}}],"collection":[{"href":"https:\/\/www.europesays.com\/fr\/wp-json\/wp\/v2\/posts"}],"about":[{"href":"https:\/\/www.europesays.com\/fr\/wp-json\/wp\/v2\/types\/post"}],"author":[{"embeddable":true,"href":"https:\/\/www.europesays.com\/fr\/wp-json\/wp\/v2\/users\/2"}],"replies":[{"embeddable":true,"href":"https:\/\/www.europesays.com\/fr\/wp-json\/wp\/v2\/comments?post=82635"}],"version-history":[{"count":0,"href":"https:\/\/www.europesays.com\/fr\/wp-json\/wp\/v2\/posts\/82635\/revisions"}],"wp:featuredmedia":[{"embeddable":true,"href":"https:\/\/www.europesays.com\/fr\/wp-json\/wp\/v2\/media\/82636"}],"wp:attachment":[{"href":"https:\/\/www.europesays.com\/fr\/wp-json\/wp\/v2\/media?parent=82635"}],"wp:term":[{"taxonomy":"category","embeddable":true,"href":"https:\/\/www.europesays.com\/fr\/wp-json\/wp\/v2\/categories?post=82635"},{"taxonomy":"post_tag","embeddable":true,"href":"https:\/\/www.europesays.com\/fr\/wp-json\/wp\/v2\/tags?post=82635"}],"curies":[{"name":"wp","href":"https:\/\/api.w.org\/{rel}","templated":true}]}}