{"id":82639,"date":"2025-05-07T19:32:10","date_gmt":"2025-05-07T19:32:10","guid":{"rendered":"https:\/\/www.europesays.com\/fr\/82639\/"},"modified":"2025-05-07T19:32:10","modified_gmt":"2025-05-07T19:32:10","slug":"jai-eu-peur-de-les-decevoir","status":"publish","type":"post","link":"https:\/\/www.europesays.com\/fr\/82639\/","title":{"rendered":"\u00abJ&rsquo;ai eu peur de les d\u00e9cevoir\u00bb"},"content":{"rendered":"<p>\u00abJe me sentais [en train de] les abandonner, de ne pas faire les 17 qu&rsquo;il me restait. Je sais que le public a compris, m\u00eame le soir o\u00f9 \u00e7a m&rsquo;est arriv\u00e9 sur sc\u00e8ne\u00bb, a confi\u00e9 l&rsquo;humoriste en repensant au soir de l&rsquo;infarctus.<\/p>\n<p><a href=\"https:\/\/www.noovomoi.ca\/en-vedette\/article.lise-dion-souhaite-adapter-son-livre-pour-le-cinema.1.12222072.html\" rel=\"nofollow noopener\" target=\"_blank\"><b>Lise<\/b> <b>Dion<\/b><\/a> a ensuite expliqu\u00e9 avoir ressenti de la culpabilit\u00e9 car elle sait que c&rsquo;est gr\u00e2ce \u00e0 ses fans qu&rsquo;elle a connu une carri\u00e8re aussi\u00a0prolifique.<\/p>\n<p>\u00abIl ne faut jamais que tu oublies que c\u2019est \u00e0 cause du public que tu es l\u00e0. Jamais, jamais. \u00c7a fait que c&rsquo;est s\u00fbr que j&rsquo;ai eu peur de les d\u00e9cevoir, puis c&rsquo;est s\u00fbr que tu pousses la machine, parce que tu ne veux pas les d\u00e9cevoir\u00bb, a conclu la star qu\u00e9b\u00e9coise avant d&rsquo;enlever ses lunettes pour essuyer ses larmes.<\/p>\n<p>Voici le touchant extrait d&rsquo;entrevue, \u00e0 faire jouer en appuyant sur \u00abPlay\u00bb au centre de la vid\u00e9o Instagram:<\/p>\n","protected":false},"excerpt":{"rendered":"\u00abJe me sentais [en train de] les abandonner, de ne pas faire les 17 qu&rsquo;il me restait. Je&hellip;\n","protected":false},"author":2,"featured_media":82640,"comment_status":"","ping_status":"","sticky":false,"template":"","format":"standard","meta":{"footnotes":""},"categories":[1586],"tags":[11,1777,674,1779,1011,27,708,19047,12,25,71,19048,1778,364],"class_list":{"0":"post-82639","1":"post","2":"type-post","3":"status-publish","4":"format-standard","5":"has-post-thumbnail","7":"category-europe","8":"tag-actualites","9":"tag-eu","10":"tag-europe","11":"tag-european-union","12":"tag-fr","13":"tag-france","14":"tag-humour","15":"tag-lise-dion","16":"tag-news","17":"tag-republique-francaise","18":"tag-sante","19":"tag-travail-et-metier","20":"tag-ue","21":"tag-union-europeenne"},"share_on_mastodon":{"url":"https:\/\/pubeurope.com\/@fr\/114468221683983299","error":""},"_links":{"self":[{"href":"https:\/\/www.europesays.com\/fr\/wp-json\/wp\/v2\/posts\/82639","targetHints":{"allow":["GET"]}}],"collection":[{"href":"https:\/\/www.europesays.com\/fr\/wp-json\/wp\/v2\/posts"}],"about":[{"href":"https:\/\/www.europesays.com\/fr\/wp-json\/wp\/v2\/types\/post"}],"author":[{"embeddable":true,"href":"https:\/\/www.europesays.com\/fr\/wp-json\/wp\/v2\/users\/2"}],"replies":[{"embeddable":true,"href":"https:\/\/www.europesays.com\/fr\/wp-json\/wp\/v2\/comments?post=82639"}],"version-history":[{"count":0,"href":"https:\/\/www.europesays.com\/fr\/wp-json\/wp\/v2\/posts\/82639\/revisions"}],"wp:featuredmedia":[{"embeddable":true,"href":"https:\/\/www.europesays.com\/fr\/wp-json\/wp\/v2\/media\/82640"}],"wp:attachment":[{"href":"https:\/\/www.europesays.com\/fr\/wp-json\/wp\/v2\/media?parent=82639"}],"wp:term":[{"taxonomy":"category","embeddable":true,"href":"https:\/\/www.europesays.com\/fr\/wp-json\/wp\/v2\/categories?post=82639"},{"taxonomy":"post_tag","embeddable":true,"href":"https:\/\/www.europesays.com\/fr\/wp-json\/wp\/v2\/tags?post=82639"}],"curies":[{"name":"wp","href":"https:\/\/api.w.org\/{rel}","templated":true}]}}